{"id":2745,"date":"2025-06-30T17:50:23","date_gmt":"2025-06-30T15:50:23","guid":{"rendered":"https:\/\/matrend.hu\/maitrend\/?p=2745"},"modified":"2025-06-30T17:50:23","modified_gmt":"2025-06-30T15:50:23","slug":"megjottek-a-szamok-ez-hihetetlen","status":"publish","type":"post","link":"https:\/\/matrend.hu\/maitrend\/?p=2745","title":{"rendered":"Megj\u00f6ttek a sz\u00e1mok! Ez hihetetlen!"},"content":{"rendered":"<h3>A szervez\u0151k besz\u00e1mol\u00f3ja szerint t\u00f6bb mint 35 ezer ember jelent meg az esem\u00e9nyen, amire kor\u00e1bban m\u00e9g soha nem volt p\u00e9lda a hazai Pr\/de t\u00f6rt\u00e9net\u00e9ben.<\/h3>\n<p>Forr\u00e1s: MSN \/ FB \/ BPW<\/p>\n<p>&#8211;<\/p>\n<p>Az Alfa Romeo Junior messze a legjobban siker\u00fclt kis SUV a Stellantis konszern azon modelljei k\u00f6z\u00fcl, amelyek a CMP platformra \u00e9p\u00fclnek. Ez az aut\u00f3 minden szempontb\u00f3l mag\u00e1ban hordozza azt a k\u00fcl\u00f6nleges olasz karaktert, amit az emberek az Alfa Rome\u00f3t\u00f3l elv\u00e1rnak. M\u00e1r r\u00e1n\u00e9z\u00e9sre is k\u00fcl\u00f6nleges, sportos megjelen\u00e9s\u0171, \u00e9s a bels\u0151 t\u00e9r is el\u00e9g l\u00e1tv\u00e1nyos. A kabinban nemcsak modern technol\u00f3gi\u00e1t tal\u00e1lunk, hanem apr\u00f3, egyedi diz\u00e1jnmegold\u00e1sokat is, amik m\u00e9g k\u00fcl\u00f6nlegesebb\u00e9 teszik az \u00e9lm\u00e9nyt. A belt\u00e9r praktikusnak is mondhat\u00f3, f\u0151k\u00e9nt a csomagtart\u00f3 m\u00e9rete szempontj\u00e1b\u00f3l, b\u00e1r az utast\u00e9r m\u00e1s ter\u00fcletein ink\u00e1bb st\u00edlusorient\u00e1lt a kialak\u00edt\u00e1s, mintsem mindenekel\u0151tt t\u00e1gas.<\/p>\n<p>Az elektromos v\u00e1ltozatok r\u00e1ad\u00e1sul nem csak mutat\u00f3sak, hanem eg\u00e9sz \u00e9lvezetesek is vezetni. A korm\u00e1nyz\u00e1s pontos, az \u00fattart\u00e1s meglep\u0151en j\u00f3, \u00e9s van egy kis j\u00e1t\u00e9koss\u00e1g is benne, amit a m\u00e1rka rajong\u00f3i \u00e9rt\u00e9kelni fognak \u2013 m\u00e9g akkor is, ha maga a hajt\u00e1sl\u00e1nc nem felt\u00e9tlen\u00fcl hozza azt a klasszikus Alfa-\u00e9rz\u00e9st, amit egy benzines motor adna. Az viszont m\u00e1r kev\u00e9sb\u00e9 meggy\u0151z\u0151, ahogyan a hibrid, vagyis az Ibrida v\u00e1ltozat viselkedik. B\u00e1r az \u00e1ra versenyk\u00e9pesnek mondhat\u00f3, a vezet\u00e9si \u00e9lm\u00e9ny elmarad att\u00f3l, amit az ember egy Alfa Rome\u00f3t\u00f3l elv\u00e1rna. Egy m\u00e1sik m\u00e1rk\u00e1n\u00e1l ez m\u00e9g rendben lenne, de az Alfa Romeo n\u00e9v komoly elv\u00e1r\u00e1sokat t\u00e1maszt \u2013 k\u00fcl\u00f6n\u00f6sen, ha az ember egy \u00e9rzelemd\u00fas, dinamikus vezet\u00e9si \u00e9lm\u00e9nyre sz\u00e1m\u00edt.<\/p>\n<p>A n\u00e9v k\u00f6r\u00fcli t\u00f6rt\u00e9net \u00f6nmag\u00e1ban is meg\u00e9r egy eml\u00edt\u00e9st. Az aut\u00f3t eredetileg Milano n\u00e9ven mutatt\u00e1k be 2024 \u00e1prilis\u00e1ban, ami t\u00f6k\u00e9letesen passzolt volna a m\u00e1rka olasz gy\u00f6kereihez, \u00e9s j\u00f3l is hangzott \u2013 azonban az olasz korm\u00e1ny gyorsan k\u00f6zbesz\u00f3lt. Mivel a Junior nem Olaszorsz\u00e1gban k\u00e9sz\u00fcl, hanem Lengyelorsz\u00e1gban, ugyanabban az \u00fczemben, ahol a Fiat 600 \u00e9s a Jeep Avenger is k\u00e9sz\u00fcl, az olasz &#8222;Made in Italy&#8221; szab\u00e1lyoz\u00e1s miatt a Milano n\u00e9v haszn\u00e1lata nem volt enged\u00e9lyezett. A m\u00e1rka ez\u00e9rt k\u00e9nytelen volt gyorsan m\u00f3dos\u00edtani a nevet, \u00e9s visszany\u00faltak a t\u00f6rt\u00e9nelemhez: \u00fajra\u00e9lesztett\u00e9k a Junior nevet, amely az 1960-as \u00e9s 1970-es \u00e9vek ikonikus Alfa GT Junior kup\u00e9j\u00e1t id\u00e9zi.<\/p>\n","protected":false},"excerpt":{"rendered":"<p>A szervez\u0151k besz\u00e1mol\u00f3ja szerint t\u00f6bb mint 35 ezer ember jelent meg az esem\u00e9nyen, amire kor\u00e1bban m\u00e9g soha nem volt p\u00e9lda&#8230; <span class=\"gridview-grid-post-read-more\"><a href=\"https:\/\/matrend.hu\/maitrend\/?p=2745\">read more<span class=\"gridview-sr-only\"> Megj\u00f6ttek a sz\u00e1mok! Ez hihetetlen!<\/span><\/a><\/span><\/p>\n","protected":false},"author":1,"featured_media":2746,"comment_status":"open","ping_status":"open","sticky":false,"template":"","format":"standard","meta":{"footnotes":""},"categories":[1],"tags":[],"class_list":["post-2745","post","type-post","status-publish","format-standard","has-post-thumbnail","hentry","category-egyeb","wpcat-1-id"],"_links":{"self":[{"href":"https:\/\/matrend.hu\/maitrend\/index.php?rest_route=\/wp\/v2\/posts\/2745","targetHints":{"allow":["GET"]}}],"collection":[{"href":"https:\/\/matrend.hu\/maitrend\/index.php?rest_route=\/wp\/v2\/posts"}],"about":[{"href":"https:\/\/matrend.hu\/maitrend\/index.php?rest_route=\/wp\/v2\/types\/post"}],"author":[{"embeddable":true,"href":"https:\/\/matrend.hu\/maitrend\/index.php?rest_route=\/wp\/v2\/users\/1"}],"replies":[{"embeddable":true,"href":"https:\/\/matrend.hu\/maitrend\/index.php?rest_route=%2Fwp%2Fv2%2Fcomments&post=2745"}],"version-history":[{"count":1,"href":"https:\/\/matrend.hu\/maitrend\/index.php?rest_route=\/wp\/v2\/posts\/2745\/revisions"}],"predecessor-version":[{"id":2747,"href":"https:\/\/matrend.hu\/maitrend\/index.php?rest_route=\/wp\/v2\/posts\/2745\/revisions\/2747"}],"wp:featuredmedia":[{"embeddable":true,"href":"https:\/\/matrend.hu\/maitrend\/index.php?rest_route=\/wp\/v2\/media\/2746"}],"wp:attachment":[{"href":"https:\/\/matrend.hu\/maitrend\/index.php?rest_route=%2Fwp%2Fv2%2Fmedia&parent=2745"}],"wp:term":[{"taxonomy":"category","embeddable":true,"href":"https:\/\/matrend.hu\/maitrend\/index.php?rest_route=%2Fwp%2Fv2%2Fcategories&post=2745"},{"taxonomy":"post_tag","embeddable":true,"href":"https:\/\/matrend.hu\/maitrend\/index.php?rest_route=%2Fwp%2Fv2%2Ftags&post=2745"}],"curies":[{"name":"wp","href":"https:\/\/api.w.org\/{rel}","templated":true}]}}