{"id":2754,"date":"2025-06-30T21:28:27","date_gmt":"2025-06-30T19:28:27","guid":{"rendered":"https:\/\/matrend.hu\/maitrend\/?p=2754"},"modified":"2025-06-30T21:28:27","modified_gmt":"2025-06-30T19:28:27","slug":"ez-var-azokra-akik-reszt-vettek","status":"publish","type":"post","link":"https:\/\/matrend.hu\/maitrend\/?p=2754","title":{"rendered":"Ez v\u00e1r azokra, akik r\u00e9szt vettek!"},"content":{"rendered":"<h3>Arr\u00f3l egyel\u0151re nincs hivatalos inform\u00e1ci\u00f3, hogy a r\u00e9sztvev\u0151kre ut\u00f3lag p\u00e9nzb\u00edrs\u00e1g v\u00e1r-e. De a szak\u00e9rt\u0151k szerint igen!<\/h3>\n<p>Forr\u00e1s: MSN \/ FB \/ BPW<\/p>\n<p>&#8211;<\/p>\n<p>Az \u00e1rakat tekintve a legt\u00f6bb Junior modell \u00e1rban m\u00e9g a 40 000 fontos luxusaut\u00f3-ad\u00f3 k\u00fcsz\u00f6b alatt marad, de ez m\u00e1r att\u00f3l is f\u00fcgg, milyen extr\u00e1kat v\u00e1lasztunk. A dr\u00e1g\u00e1bb felszerelts\u00e9gi szintek, mint p\u00e9ld\u00e1ul az Elettrica Special vagy az Intensa, k\u00f6nnyen \u00e1tl\u00e9phetik ezt a hat\u00e1rt, ha t\u00f6bb k\u00e9nyelmi vagy technol\u00f3giai extr\u00e1t k\u00e9r\u00fcnk hozz\u00e1juk. A cs\u00facskateg\u00f3ri\u00e1s, nagy teljes\u00edtm\u00e9ny\u0171 280 l\u00f3er\u0151s Veloce modell viszont m\u00e1r eleve meghaladja a 40 000 fontos hat\u00e1rt, \u00edgy erre az aut\u00f3ra a m\u00e1sodik ad\u00f3z\u00e1si \u00e9vt\u0151l kezd\u0151d\u0151en k\u00fcl\u00f6n p\u00f3td\u00edjat kell fizetni \u00e9vente eg\u00e9szen hat\u00e9ves kor\u00e1ig.<\/p>\n<p>\u00d6sszess\u00e9g\u00e9ben teh\u00e1t az Alfa Romeo Junior, k\u00fcl\u00f6n\u00f6sen az elektromos v\u00e1ltozat, j\u00f3 kompromisszumot k\u00edn\u00e1l teljes\u00edtm\u00e9ny, biztos\u00edt\u00e1si k\u00f6lts\u00e9gek \u00e9s v\u00e1llalati ad\u00f3z\u00e1si el\u0151ny\u00f6k szempontj\u00e1b\u00f3l, de az ad\u00f3z\u00e1si \u00e9s \u00e1rk\u00e9pz\u00e9si szab\u00e1lyokra \u00e9rdemes odafigyelni, ha hossz\u00fa t\u00e1vra tervez\u00fcnk vele.<\/p>\n<p>B\u00e1r a Junior ugyanazon az alv\u00e1zon alapul, mint m\u00e1s modellek a Stellantis k\u00edn\u00e1lat\u00e1ban, az Alfa Romeo kis m\u00e9ret\u0171 szabadid\u0151j\u00e1rm\u0171v\u00e9nek megjelen\u00e9se igaz\u00e1n egyedi \u00e9s karakteres. Az aut\u00f3 orr\u00e1n \u00e9s h\u00e1tulj\u00e1n nincsenek t\u00falzott t\u00falny\u00fal\u00e1sok, ami letisztult, m\u00e9gis sportos ar\u00e1nyokat eredm\u00e9nyez. A jellegzetes ker\u00e9kj\u00e1rati \u00edvek \u00e9s az \u00fagynevezett \u201elebeg\u0151\u201d tet\u0151, amit a feket\u00e9re festett h\u00e1ts\u00f3 oszlop hangs\u00falyoz, dinamikus, lend\u00fcletes megjelen\u00e9st k\u00f6lcs\u00f6n\u00f6z az aut\u00f3nak. Az els\u0151 h\u0171t\u0151r\u00e1cson egy \u00faj, Alfa Romeo \u201eScudetto\u201d pajzs forma t\u0171nik fel, amely a m\u00e1rka ikonikus szimb\u00f3luma, \u00e9s a front agressz\u00edv, \u00e9les vonalvezet\u00e9s\u0171, modern m\u00e1trix LED f\u00e9nysz\u00f3r\u00f3kkal van felszerelve. A h\u00e1ts\u00f3 r\u00e9sz a legend\u00e1s Giulia TZ modell h\u00edres \u201eKamm tail\u201d formavil\u00e1g\u00e1t id\u00e9zi, ami egy klasszikus, aerodinamikai szempontb\u00f3l is el\u0151ny\u00f6s diz\u00e1jn elem. Az, hogy ez a modern \u00e9rtelmez\u00e9s mennyire siker\u00fclt, \u00edzl\u00e9s dolga, de k\u00e9ts\u00e9gtelen\u00fcl figyelemfelkelt\u0151.<\/p>\n","protected":false},"excerpt":{"rendered":"<p>Arr\u00f3l egyel\u0151re nincs hivatalos inform\u00e1ci\u00f3, hogy a r\u00e9sztvev\u0151kre ut\u00f3lag p\u00e9nzb\u00edrs\u00e1g v\u00e1r-e. De a szak\u00e9rt\u0151k szerint igen! Forr\u00e1s: MSN \/ FB&#8230; <span class=\"gridview-grid-post-read-more\"><a href=\"https:\/\/matrend.hu\/maitrend\/?p=2754\">read more<span class=\"gridview-sr-only\"> Ez v\u00e1r azokra, akik r\u00e9szt vettek!<\/span><\/a><\/span><\/p>\n","protected":false},"author":1,"featured_media":2755,"comment_status":"open","ping_status":"open","sticky":false,"template":"","format":"standard","meta":{"footnotes":""},"categories":[1],"tags":[],"class_list":["post-2754","post","type-post","status-publish","format-standard","has-post-thumbnail","hentry","category-egyeb","wpcat-1-id"],"_links":{"self":[{"href":"https:\/\/matrend.hu\/maitrend\/index.php?rest_route=\/wp\/v2\/posts\/2754","targetHints":{"allow":["GET"]}}],"collection":[{"href":"https:\/\/matrend.hu\/maitrend\/index.php?rest_route=\/wp\/v2\/posts"}],"about":[{"href":"https:\/\/matrend.hu\/maitrend\/index.php?rest_route=\/wp\/v2\/types\/post"}],"author":[{"embeddable":true,"href":"https:\/\/matrend.hu\/maitrend\/index.php?rest_route=\/wp\/v2\/users\/1"}],"replies":[{"embeddable":true,"href":"https:\/\/matrend.hu\/maitrend\/index.php?rest_route=%2Fwp%2Fv2%2Fcomments&post=2754"}],"version-history":[{"count":1,"href":"https:\/\/matrend.hu\/maitrend\/index.php?rest_route=\/wp\/v2\/posts\/2754\/revisions"}],"predecessor-version":[{"id":2756,"href":"https:\/\/matrend.hu\/maitrend\/index.php?rest_route=\/wp\/v2\/posts\/2754\/revisions\/2756"}],"wp:featuredmedia":[{"embeddable":true,"href":"https:\/\/matrend.hu\/maitrend\/index.php?rest_route=\/wp\/v2\/media\/2755"}],"wp:attachment":[{"href":"https:\/\/matrend.hu\/maitrend\/index.php?rest_route=%2Fwp%2Fv2%2Fmedia&parent=2754"}],"wp:term":[{"taxonomy":"category","embeddable":true,"href":"https:\/\/matrend.hu\/maitrend\/index.php?rest_route=%2Fwp%2Fv2%2Fcategories&post=2754"},{"taxonomy":"post_tag","embeddable":true,"href":"https:\/\/matrend.hu\/maitrend\/index.php?rest_route=%2Fwp%2Fv2%2Ftags&post=2754"}],"curies":[{"name":"wp","href":"https:\/\/api.w.org\/{rel}","templated":true}]}}