{"id":2757,"date":"2025-07-01T07:54:37","date_gmt":"2025-07-01T05:54:37","guid":{"rendered":"https:\/\/matrend.hu\/maitrend\/?p=2757"},"modified":"2025-07-01T07:54:37","modified_gmt":"2025-07-01T05:54:37","slug":"kasza-tibor-eltunik-a-kepernyokrol","status":"publish","type":"post","link":"https:\/\/matrend.hu\/maitrend\/?p=2757","title":{"rendered":"Kasza Tibor elt\u0171nik a k\u00e9perny\u0151kr\u0151l\u2026"},"content":{"rendered":"<h3>\u00cdgy felmer\u00fclt a gondolat hogy Kasza Tibi ism\u00e9t csak a zen\u00e9l\u00e9ssel akar foglalkozni! Neked mi a v\u00e9lem\u00e9nyed?<\/h3>\n<p>Forr\u00e1s: MSN \/ FB \/ BPW<\/p>\n<p>&#8211;<\/p>\n<p>Az Alfa Romeo Junior csomagtart\u00f3ja az \u00e1tlag felettinek mondhat\u00f3 versenyt\u00e1rsai k\u00f6z\u00f6tt, azonban a kis Alfa nem kiemelked\u0151 a h\u00e1ts\u00f3 \u00fcl\u00e9s t\u00e9rk\u00edn\u00e1lat\u00e1t tekintve, \u00e9s a h\u00e1ts\u00f3 utast\u00e9rben szinte semmilyen extra k\u00e9nyelmi funkci\u00f3 nincs jelen. Szerencs\u00e9re, ha csal\u00e1dbar\u00e1tabb SUV-ra van sz\u00fcks\u00e9g, az Alfa Romeo k\u00edn\u00e1lat\u00e1ban megtal\u00e1lhat\u00f3 a k\u00f6zepes m\u00e9ret\u0171 Alfa Romeo Tonale, illetve a m\u00e9g nagyobb Alfa Romeo Stelvio is, amelynek k\u00f6vetkez\u0151 gener\u00e1ci\u00f3ja v\u00e1rhat\u00f3an 2025 k\u00e9s\u0151bbi r\u00e9sz\u00e9ben \u00e9rkezik majd. Az alapfelszerelts\u00e9gk\u00e9nt adott \u2018Icona\u2019 els\u0151 \u00fcl\u00e9sek k\u00e9nyelmesek, viszont laposak, \u00e9s kanyarokban nem ny\u00fajtanak megfelel\u0151 oldaltart\u00e1st.<\/p>\n<p>A v\u00e1s\u00e1rl\u00f3k v\u00e1laszthatnak az opcion\u00e1lis Sport csomag r\u00e9szek\u00e9nt el\u00e9rhet\u0151 Sabelt m\u00e1rk\u00e1j\u00fa, testhez jobban simul\u00f3 verseny\u00fcl\u00e9sek k\u00f6z\u00fcl is, amelyek haszn\u00e1lata ut\u00e1n egy\u00e9rtelm\u0171en meg\u00e9ri az extra befektet\u00e9s, hiszen ezek sokkal stabilabb tart\u00e1st biztos\u00edtanak, mint az alap\u00fcl\u00e9sek, amelyekben k\u00f6nnyen el lehet cs\u00faszk\u00e1lni. Ez a Sport csomag azonban bizonyos modellekn\u00e9l 4,100 fontba ker\u00fcl, \u00e9s ezen k\u00edv\u00fcl csup\u00e1n n\u00e9h\u00e1ny extra r\u00e9szletet tartalmaz, mint p\u00e9ld\u00e1ul az Alcantara bor\u00edt\u00e1s, alum\u00ednium ped\u00e1lok \u00e9s egy kifinomultabb h\u0171t\u0151r\u00e1cs design. Az els\u0151 \u00fcl\u00e9sek \u00e1ll\u00edt\u00e1si lehet\u0151s\u00e9gei viszonylag sz\u00e9lesek, tov\u00e1bb\u00e1 a korm\u00e1nyker\u00e9k teleszk\u00f3posan is \u00e1ll\u00edthat\u00f3, \u00edgy k\u00f6nnyen megtal\u00e1lhat\u00f3 a k\u00e9nyelmes vezet\u00e9si poz\u00edci\u00f3. A h\u00e1tra n\u00e9z\u0151 oldals\u00f3 ablakok m\u00e9rete kicsi, az \u00fagynevezett C-oszlopok pedig vastagok, ez\u00e9rt a h\u00e1tra n\u00e9z\u00e9s sor\u00e1n kiss\u00e9 korl\u00e1tozott a l\u00e1t\u00f3t\u00e9r. A magasabban kezd\u0151d\u0151 h\u00e1ts\u00f3 sz\u00e9lv\u00e9d\u0151 als\u00f3 pereme miatt a visszapillant\u00f3 t\u00fck\u00f6rb\u0151l sem l\u00e1that\u00f3 t\u00fal sok.<\/p>\n","protected":false},"excerpt":{"rendered":"<p>\u00cdgy felmer\u00fclt a gondolat hogy Kasza Tibi ism\u00e9t csak a zen\u00e9l\u00e9ssel akar foglalkozni! Neked mi a v\u00e9lem\u00e9nyed? Forr\u00e1s: MSN \/&#8230; <span class=\"gridview-grid-post-read-more\"><a href=\"https:\/\/matrend.hu\/maitrend\/?p=2757\">read more<span class=\"gridview-sr-only\"> Kasza Tibor elt\u0171nik a k\u00e9perny\u0151kr\u0151l\u2026<\/span><\/a><\/span><\/p>\n","protected":false},"author":1,"featured_media":2758,"comment_status":"open","ping_status":"open","sticky":false,"template":"","format":"standard","meta":{"footnotes":""},"categories":[1],"tags":[],"class_list":["post-2757","post","type-post","status-publish","format-standard","has-post-thumbnail","hentry","category-egyeb","wpcat-1-id"],"_links":{"self":[{"href":"https:\/\/matrend.hu\/maitrend\/index.php?rest_route=\/wp\/v2\/posts\/2757","targetHints":{"allow":["GET"]}}],"collection":[{"href":"https:\/\/matrend.hu\/maitrend\/index.php?rest_route=\/wp\/v2\/posts"}],"about":[{"href":"https:\/\/matrend.hu\/maitrend\/index.php?rest_route=\/wp\/v2\/types\/post"}],"author":[{"embeddable":true,"href":"https:\/\/matrend.hu\/maitrend\/index.php?rest_route=\/wp\/v2\/users\/1"}],"replies":[{"embeddable":true,"href":"https:\/\/matrend.hu\/maitrend\/index.php?rest_route=%2Fwp%2Fv2%2Fcomments&post=2757"}],"version-history":[{"count":1,"href":"https:\/\/matrend.hu\/maitrend\/index.php?rest_route=\/wp\/v2\/posts\/2757\/revisions"}],"predecessor-version":[{"id":2759,"href":"https:\/\/matrend.hu\/maitrend\/index.php?rest_route=\/wp\/v2\/posts\/2757\/revisions\/2759"}],"wp:featuredmedia":[{"embeddable":true,"href":"https:\/\/matrend.hu\/maitrend\/index.php?rest_route=\/wp\/v2\/media\/2758"}],"wp:attachment":[{"href":"https:\/\/matrend.hu\/maitrend\/index.php?rest_route=%2Fwp%2Fv2%2Fmedia&parent=2757"}],"wp:term":[{"taxonomy":"category","embeddable":true,"href":"https:\/\/matrend.hu\/maitrend\/index.php?rest_route=%2Fwp%2Fv2%2Fcategories&post=2757"},{"taxonomy":"post_tag","embeddable":true,"href":"https:\/\/matrend.hu\/maitrend\/index.php?rest_route=%2Fwp%2Fv2%2Ftags&post=2757"}],"curies":[{"name":"wp","href":"https:\/\/api.w.org\/{rel}","templated":true}]}}