{"id":2763,"date":"2025-07-01T18:22:07","date_gmt":"2025-07-01T16:22:07","guid":{"rendered":"https:\/\/matrend.hu\/maitrend\/?p=2763"},"modified":"2025-07-01T18:22:07","modified_gmt":"2025-07-01T16:22:07","slug":"6-havi-nyugdij-erkezik-egyosszegben-itt-a-pontos-datum","status":"publish","type":"post","link":"https:\/\/matrend.hu\/maitrend\/?p=2763","title":{"rendered":"6 havi nyugd\u00edj \u00e9rkezik egy\u00f6sszegben, itt a pontos d\u00e1tum!"},"content":{"rendered":"<h3>Nem mindegy, mikor \u00e9s hogyan l\u00e9p\u00fcnk ki a munka vil\u00e1g\u00e1b\u00f3l: a nyugd\u00edj id\u0151z\u00edt\u00e9se nemcsak az \u00e9let\u00fcnk min\u0151s\u00e9g\u00e9t, hanem a j\u00f6v\u0151beni j\u00e1rand\u00f3s\u00e1gunk m\u00e9rt\u00e9k\u00e9t is alapjaiban befoly\u00e1solja. Egy j\u00f3l megv\u00e1lasztott nyugd\u00edjba vonul\u00e1si id\u0151pont megalapozhatja anyagi biztons\u00e1gunkat, s\u0151t, ak\u00e1r t\u00f6bb p\u00e9nzt is hozhat az asztalra. De mi\u00e9rt fontos, hogy tudatosan d\u00f6nts\u00fcnk, \u00e9s milyen lehet\u0151s\u00e9geink vannak, ha v\u00e1ltoztatn\u00e1nk a nyugd\u00edj kezd\u00e9si d\u00e1tum\u00e1n? Mutatjuk a legfontosabb r\u00e9szleteket!<\/h3>\n<p>VIA Hitelforum<\/p>\n<p>&#8211;<\/p>\n<p>A Ceed Sportswagon modellek \u00e9rt\u00e9ktart\u00e1sa v\u00e1rhat\u00f3an 47 sz\u00e1zal\u00e9k lesz a \u20183\u2019 felszerelts\u00e9gi szintn\u00e9l h\u00e1rom \u00e9v vagy 36 000 m\u00e9rf\u00f6ld ut\u00e1n, m\u00edg az alap \u20182\u2019 szint eset\u00e9n ez az ar\u00e1ny 52 sz\u00e1zal\u00e9k. Ez azt jelenti, hogy a Ceed Sportswagon jobban teljes\u00edt az \u00e9rt\u00e9ktart\u00e1s ter\u00e9n, mint a Ford Focus kombi, \u00e9s hasonl\u00f3an j\u00f3l \u00e1ll a Volkswagen Golfhoz \u00e9s az elektromos MG5-h\u00f6z k\u00e9pest. Azonban nem \u00e9ri el a Corolla Touring Sports 55 sz\u00e1zal\u00e9kos \u00e9rt\u00e9ktart\u00e1s\u00e1t. Mivel a Ceed Sportswagon \u00e1ra jelent\u0151sen alacsonyabb a riv\u00e1lisok\u00e9n\u00e1l, a v\u00e1rhat\u00f3 \u00e9rt\u00e9kveszt\u00e9s \u00f6sszege val\u00f3sz\u00edn\u0171leg kisebb lesz. A pontosabb \u00e9rt\u00e9kel\u00e9shez \u00e9rdemes haszn\u00e1lni az ingyenes aut\u00f3\u00e9rt\u00e9k kalkul\u00e1torunkat.<br \/>\nA Kia tov\u00e1bb l\u00e9p a pr\u00e9mium ir\u00e1ny\u00e1ba, azonban a magas felszerelts\u00e9g \u00e9s a sok technol\u00f3gia ellen\u00e9re n\u00e9ha el\u0151fordulnak olyan olcs\u00f3, kem\u00e9ny m\u0171anyagok a belt\u00e9rben, amelyeket egy vezet\u0151 eur\u00f3pai m\u00e1rk\u00e1n\u00e1l nem tal\u00e1ln\u00e1nk meg. A belt\u00e9rben n\u00e9mi csillog\u00e1st k\u00f6lcs\u00f6n\u00f6znek a kr\u00f3mhat\u00e1s\u00fa r\u00e9szletek \u00e9s az \u00edvelt, modern, vonz\u00f3 m\u0171szerfal-forma. A \u20183\u2019 felszerelts\u00e9gi szinthez egy nagy k\u00f6zponti \u00e9rint\u0151k\u00e9perny\u0151 is tartozik, amely h\u00e9t \u00e9vig \u00e9l\u0151 adatszolg\u00e1ltat\u00e1sokat k\u00edn\u00e1l, p\u00e9ld\u00e1ul id\u0151j\u00e1r\u00e1s-jelent\u00e9st, forgalmi inform\u00e1ci\u00f3kat, sebess\u00e9gm\u00e9r\u0151 kamer\u00e1k hely\u00e9t \u00e9s sporteredm\u00e9nyeket. Az eg\u00e9sz rendszer k\u00f6nnyen \u00e9s intuit\u00edvan haszn\u00e1lhat\u00f3, \u00e9s az \u00f6sszhat\u00e1s min\u0151s\u00e9gi, b\u00e1r a kezel\u0151szervek k\u00f6z\u00f6tt akad egy-k\u00e9t olcs\u00f3nak \u00e9rz\u0151d\u0151 elem. J\u00f3 pont a Ceed Sportswagnak, hogy haszn\u00e1lhat\u00f3s\u00e1g szempontj\u00e1b\u00f3l el\u0151nyben van a Ford Focus, Skoda Octavia \u00e9s Volkswagen Golf kombi riv\u00e1lisaival szemben, mivel sok, gyakran haszn\u00e1lt funkci\u00f3 \u2013 p\u00e9ld\u00e1ul a l\u00e9gkondicion\u00e1l\u00e1s \u2013 m\u00e9g hagyom\u00e1nyos gombokkal \u00e9s teker\u0151kkel m\u0171k\u00f6dik, nem k\u00f6lt\u00f6z\u00f6tt \u00e1t egy nagy, menet k\u00f6zben nehezen kezelhet\u0151 \u00e9rint\u0151k\u00e9perny\u0151re.<\/p>\n<p>A Ceed Sportswagon k\u00fcls\u0151 kialak\u00edt\u00e1sa nagyon hasonl\u00f3 a hagyom\u00e1nyos \u00f6tajt\u00f3s verzi\u00f3hoz, kiv\u00e9ve a megny\u00fajtott tet\u0151vonalat \u00e9s a hosszabb h\u00e1ts\u00f3 t\u00falny\u00fal\u00e1st. Az \u00f6sszes modell rendezett benyom\u00e1st kelt a karossz\u00e9ri\u00e1val azonos sz\u00edn\u0171 l\u00f6kh\u00e1r\u00edt\u00f3kkal \u00e9s k\u00f6nny\u0171f\u00e9m ker\u00e9kt\u00e1rcs\u00e1kkal, valamint karossz\u00e9ri\u00e1val megegyez\u0151 ajt\u00f3kilincsekkel \u00e9s t\u00fck\u00f6rh\u00e1zakkal, kr\u00f3m ablakkeretez\u00e9ssel \u00e9s tet\u0151s\u00ednekkel. Az el\u00f6l elhelyezett, projektoros f\u00e9nysz\u00f3r\u00f3k modern megjelen\u00e9st k\u00f6lcs\u00f6n\u00f6znek, m\u00edg a j\u00f3l felszerelt \u20183\u2019 v\u00e1ltozat er\u0151sebb, LED f\u00e9nysz\u00f3r\u00f3kat kap.<br \/>\nAz alap \u20182\u2019 szint nyolc h\u00fcvelykes \u00e9rint\u0151k\u00e9perny\u0151vel \u00e9rkezik, m\u00edg a \u20183\u2019 felszerelts\u00e9gn\u00e9l m\u00e1r egy nagyobb, 10,25 h\u00fcvelykes kijelz\u0151 \u00e9s navig\u00e1ci\u00f3s rendszer j\u00e1r, valamint ugyanazok a praktikus, \u2018kapcsolt\u2019 szolg\u00e1ltat\u00e1sok, amelyeket a Kia h\u00e9t \u00e9v garanci\u00e1ja alatt biztos\u00edt. Mindk\u00e9t k\u00e9perny\u0151 men\u00fcrendszere intuit\u00edv \u00e9s viszonylag k\u00f6nnyen kezelhet\u0151 vezet\u00e9s k\u00f6zben is.<\/p>\n","protected":false},"excerpt":{"rendered":"<p>Nem mindegy, mikor \u00e9s hogyan l\u00e9p\u00fcnk ki a munka vil\u00e1g\u00e1b\u00f3l: a nyugd\u00edj id\u0151z\u00edt\u00e9se nemcsak az \u00e9let\u00fcnk min\u0151s\u00e9g\u00e9t, hanem a j\u00f6v\u0151beni&#8230; <span class=\"gridview-grid-post-read-more\"><a href=\"https:\/\/matrend.hu\/maitrend\/?p=2763\">read more<span class=\"gridview-sr-only\"> 6 havi nyugd\u00edj \u00e9rkezik egy\u00f6sszegben, itt a pontos d\u00e1tum!<\/span><\/a><\/span><\/p>\n","protected":false},"author":1,"featured_media":2764,"comment_status":"open","ping_status":"open","sticky":false,"template":"","format":"standard","meta":{"footnotes":""},"categories":[1],"tags":[],"class_list":["post-2763","post","type-post","status-publish","format-standard","has-post-thumbnail","hentry","category-egyeb","wpcat-1-id"],"_links":{"self":[{"href":"https:\/\/matrend.hu\/maitrend\/index.php?rest_route=\/wp\/v2\/posts\/2763","targetHints":{"allow":["GET"]}}],"collection":[{"href":"https:\/\/matrend.hu\/maitrend\/index.php?rest_route=\/wp\/v2\/posts"}],"about":[{"href":"https:\/\/matrend.hu\/maitrend\/index.php?rest_route=\/wp\/v2\/types\/post"}],"author":[{"embeddable":true,"href":"https:\/\/matrend.hu\/maitrend\/index.php?rest_route=\/wp\/v2\/users\/1"}],"replies":[{"embeddable":true,"href":"https:\/\/matrend.hu\/maitrend\/index.php?rest_route=%2Fwp%2Fv2%2Fcomments&post=2763"}],"version-history":[{"count":1,"href":"https:\/\/matrend.hu\/maitrend\/index.php?rest_route=\/wp\/v2\/posts\/2763\/revisions"}],"predecessor-version":[{"id":2765,"href":"https:\/\/matrend.hu\/maitrend\/index.php?rest_route=\/wp\/v2\/posts\/2763\/revisions\/2765"}],"wp:featuredmedia":[{"embeddable":true,"href":"https:\/\/matrend.hu\/maitrend\/index.php?rest_route=\/wp\/v2\/media\/2764"}],"wp:attachment":[{"href":"https:\/\/matrend.hu\/maitrend\/index.php?rest_route=%2Fwp%2Fv2%2Fmedia&parent=2763"}],"wp:term":[{"taxonomy":"category","embeddable":true,"href":"https:\/\/matrend.hu\/maitrend\/index.php?rest_route=%2Fwp%2Fv2%2Fcategories&post=2763"},{"taxonomy":"post_tag","embeddable":true,"href":"https:\/\/matrend.hu\/maitrend\/index.php?rest_route=%2Fwp%2Fv2%2Ftags&post=2763"}],"curies":[{"name":"wp","href":"https:\/\/api.w.org\/{rel}","templated":true}]}}