{"id":2769,"date":"2025-07-01T19:12:09","date_gmt":"2025-07-01T17:12:09","guid":{"rendered":"https:\/\/matrend.hu\/maitrend\/?p=2769"},"modified":"2025-07-01T19:12:09","modified_gmt":"2025-07-01T17:12:09","slug":"megdobbento-eset-tortent","status":"publish","type":"post","link":"https:\/\/matrend.hu\/maitrend\/?p=2769","title":{"rendered":"Megd\u00f6bbent\u0151 eset t\u00f6rt\u00e9nt!"},"content":{"rendered":"<h3>A kiskor\u00fa nem adta oda a palackokat, ez\u00e9rt ez egyik t\u00e1mad\u00f3 \u00f6\/\u00f6ll\/l le\/t\u00f6t\/e \u0151t. \u2013 \u00e1ll a k\u00f6zlem\u00e9nyben.<\/h3>\n<p>Forr\u00e1s: MSN \/ FB \/ EZT<\/p>\n<p>&#8211;<\/p>\n<p>Az eredeti Hyundai Kona Electric m\u00e1r \u00f6nmag\u00e1ban is egy j\u00f3l siker\u00fclt elektromos aut\u00f3 volt, de a m\u00e1sodik gener\u00e1ci\u00f3 egy\u00e9rtelm\u0171en minden t\u00e9ren fel\u00fclm\u00falja el\u0151dj\u00e9t. Az \u00faj modell nagyobb lett, ami azt jelenti, hogy t\u00e1gasabb, praktikusabb \u00e9s jobban haszn\u00e1lhat\u00f3 a mindennapok sor\u00e1n, mint sok hasonl\u00f3 m\u00e9ret\u0171 versenyt\u00e1rsa. Ez a m\u00e9retn\u00f6veked\u00e9s nem csup\u00e1n a bels\u0151 t\u00e9r k\u00e9nyelm\u00e9t jav\u00edtotta, hanem a csomagtart\u00f3 befogad\u00f3k\u00e9pess\u00e9g\u00e9t is, ami k\u00fcl\u00f6n\u00f6sen fontos lehet csal\u00e1dosoknak vagy azoknak, akik gyakran sz\u00e1ll\u00edtanak nagyobb csomagokat.<\/p>\n<p>Az utast\u00e9r is hat\u00e1rozottan el\u0151rel\u00e9p\u00e9s: min\u0151s\u00e9gi, puha tapint\u00e1s\u00fa anyagok \u00e9s a legmodernebb technol\u00f3giai megold\u00e1sok emelik a Kona bels\u0151 ter\u00e9t egy pr\u00e9mium szint k\u00f6zel\u00e9be. M\u00e1r az alapszint\u0171 v\u00e1ltozat is kellemes benyom\u00e1st kelt, de ahogy haladunk a magasabb felszerelts\u00e9gi szintek fel\u00e9, egyre t\u00f6bb extr\u00e1val tal\u00e1lkozhatunk, amelyek igaz\u00e1n k\u00e9nyelmess\u00e9 \u00e9s \u00e9lvezetess\u00e9 teszik az utaz\u00e1st.<\/p>\n<p>A v\u00e1laszt\u00e9k als\u00f3 szintj\u00e9n tal\u00e1lhat\u00f3 a kisebb akkumul\u00e1torral felszerelt modell, amely meglep\u0151en el\u00e9rhet\u0151 \u00e1ron k\u00edn\u00e1l elektromos mobilit\u00e1st. Akik hosszabb hat\u00f3t\u00e1vra v\u00e1gynak, azoknak ott van a nagyobb, 65,4 kWh kapacit\u00e1s\u00fa akkumul\u00e1torral szerelt v\u00e1ltozat, amely egyetlen felt\u00f6lt\u00e9ssel ak\u00e1r 319 m\u00e9rf\u00f6ldet (azaz t\u00f6bb mint 500 kilom\u00e9tert) is k\u00e9pes megtenni \u2013 ez kiv\u00e1l\u00f3 \u00e9rt\u00e9k ebben az \u00e1r- \u00e9s m\u00e9retkateg\u00f3ri\u00e1ban.<\/p>\n","protected":false},"excerpt":{"rendered":"<p>A kiskor\u00fa nem adta oda a palackokat, ez\u00e9rt ez egyik t\u00e1mad\u00f3 \u00f6\/\u00f6ll\/l le\/t\u00f6t\/e \u0151t. \u2013 \u00e1ll a k\u00f6zlem\u00e9nyben. Forr\u00e1s: MSN&#8230; <span class=\"gridview-grid-post-read-more\"><a href=\"https:\/\/matrend.hu\/maitrend\/?p=2769\">read more<span class=\"gridview-sr-only\"> Megd\u00f6bbent\u0151 eset t\u00f6rt\u00e9nt!<\/span><\/a><\/span><\/p>\n","protected":false},"author":1,"featured_media":2770,"comment_status":"open","ping_status":"open","sticky":false,"template":"","format":"standard","meta":{"footnotes":""},"categories":[1],"tags":[],"class_list":["post-2769","post","type-post","status-publish","format-standard","has-post-thumbnail","hentry","category-egyeb","wpcat-1-id"],"_links":{"self":[{"href":"https:\/\/matrend.hu\/maitrend\/index.php?rest_route=\/wp\/v2\/posts\/2769","targetHints":{"allow":["GET"]}}],"collection":[{"href":"https:\/\/matrend.hu\/maitrend\/index.php?rest_route=\/wp\/v2\/posts"}],"about":[{"href":"https:\/\/matrend.hu\/maitrend\/index.php?rest_route=\/wp\/v2\/types\/post"}],"author":[{"embeddable":true,"href":"https:\/\/matrend.hu\/maitrend\/index.php?rest_route=\/wp\/v2\/users\/1"}],"replies":[{"embeddable":true,"href":"https:\/\/matrend.hu\/maitrend\/index.php?rest_route=%2Fwp%2Fv2%2Fcomments&post=2769"}],"version-history":[{"count":1,"href":"https:\/\/matrend.hu\/maitrend\/index.php?rest_route=\/wp\/v2\/posts\/2769\/revisions"}],"predecessor-version":[{"id":2771,"href":"https:\/\/matrend.hu\/maitrend\/index.php?rest_route=\/wp\/v2\/posts\/2769\/revisions\/2771"}],"wp:featuredmedia":[{"embeddable":true,"href":"https:\/\/matrend.hu\/maitrend\/index.php?rest_route=\/wp\/v2\/media\/2770"}],"wp:attachment":[{"href":"https:\/\/matrend.hu\/maitrend\/index.php?rest_route=%2Fwp%2Fv2%2Fmedia&parent=2769"}],"wp:term":[{"taxonomy":"category","embeddable":true,"href":"https:\/\/matrend.hu\/maitrend\/index.php?rest_route=%2Fwp%2Fv2%2Fcategories&post=2769"},{"taxonomy":"post_tag","embeddable":true,"href":"https:\/\/matrend.hu\/maitrend\/index.php?rest_route=%2Fwp%2Fv2%2Ftags&post=2769"}],"curies":[{"name":"wp","href":"https:\/\/api.w.org\/{rel}","templated":true}]}}