{"id":2793,"date":"2025-07-03T18:15:35","date_gmt":"2025-07-03T16:15:35","guid":{"rendered":"https:\/\/matrend.hu\/maitrend\/?p=2793"},"modified":"2025-07-03T18:15:35","modified_gmt":"2025-07-03T16:15:35","slug":"az-igen-szulak-andrea-ferjhez-ment-o-az","status":"publish","type":"post","link":"https:\/\/matrend.hu\/maitrend\/?p=2793","title":{"rendered":"Az igen! Szul\u00e1k Andrea f\u00e9rjhez ment! \u0150 az!"},"content":{"rendered":"<h3>Andrea elmond\u00e1sa szerint egyik nap bet\u00e9rtek a h\u00edres Little White Chapel nev\u0171 esk\u00fcv\u0151i k\u00e1poln\u00e1ba, ahol szimbolikus cerem\u00f3nia keret\u00e9ben \u201e\u00f6sszeh\u00e1zasodtak\u201d Frei Tam\u00e1ssal \u2013 minderr\u0151l pedig m\u00e1ig megvan az err\u0151l sz\u00f3l\u00f3 igazol\u00e1sa. Persze fontos hangs\u00falyozni, hogy az eff\u00e9le Las Vegas-i esk\u00fcv\u0151k csak formas\u00e1gok, amelyeket sem a t\u00f6rv\u00e9ny, sem az egyh\u00e1z nem ismer el \u00e9rv\u00e9nyesnek. \u00cdgy a sz\u00edn\u00e9szn\u0151 hivatalosan tov\u00e1bbra is szabad pr\u00e9da a n\u0151t\u00e1rsak k\u00f6z\u00f6tt \u2013 de t\u00e9ny, hogy olt\u00e1r el\u0151tt m\u00e1r megfordult, r\u00e1ad\u00e1sul nem is ak\u00e1rhol, hanem a sz\u00f3rakoztat\u00e1s fellegv\u00e1r\u00e1ban.<\/h3>\n<p>VIA CH<\/p>\n<p>&#8211;<\/p>\n<p>A 508 k\u00edv\u00fcl-bel\u00fcl pr\u00e9mium hat\u00e1st kelt, b\u00e1r a m\u0171szerfal kialak\u00edt\u00e1sa kiss\u00e9 zs\u00fafolt. Ez a modell egy mutat\u00f3s szed\u00e1n, \u00e9s a 2014-es r\u00e1ncfelvarr\u00e1s \u00f3ta m\u00e9g karakteresebb megjelen\u00e9st kapott. Az aut\u00f3 \u00edvelt form\u00e1ja, \u00faj h\u0171t\u0151r\u00e1csa \u00e9s f\u00e9nysz\u00f3r\u00f3kialak\u00edt\u00e1sa r\u00e9v\u00e9n ink\u00e1bb egy n\u00e9gyajt\u00f3s kup\u00e9ra \u2013 p\u00e9ld\u00e1ul a Mercedes CLS-re \u2013 pr\u00f3b\u00e1l hasonl\u00edtani, mint egy hagyom\u00e1nyos szed\u00e1nra, b\u00e1r a h\u00e1romdobozos forma elker\u00fclhetetlen. A kombi SW \u00e9s a szabadid\u0151s jelleg\u0171 RXH v\u00e1ltozatok is kifejezetten vonz\u00f3ak, az SW a hagyom\u00e1nyos kombik kedvel\u0151it c\u00e9lozza, m\u00edg az RXH robusztusabb, terepj\u00e1r\u00f3s k\u00fcls\u0151t ad a karossz\u00e9ri\u00e1nak.<br \/>\nA belt\u00e9r min\u0151s\u00e9gi anyagokb\u00f3l \u00e9p\u00fcl fel, b\u00e1r k\u00e9rd\u00e9ses, hogy ezek mennyire tart\u00f3sak hossz\u00fa t\u00e1von. Az utast\u00e9r sokkal ig\u00e9nyesebb, mint p\u00e9ld\u00e1ul a Ford Monde\u00f3\u00e9, \u00e9s ink\u00e1bb olyan modellekkel eml\u00edthet\u0151 egy lapon, mint a Volkswagen Passat vagy a Vauxhall Insignia \u2013 ami egyeseket tal\u00e1n meg is lephet. Ugyanakkor a m\u0171szerfal, a k\u00f6z\u00e9pkonzol \u00e9s a korm\u00e1ny is t\u00fals\u00e1gosan zs\u00fafolt, ami n\u00e9mileg rontja az \u00f6sszk\u00e9pet. Rengeteg a gomb, ami megnehez\u00edtheti a kezel\u00e9st, \u00e9s a korm\u00e1nyker\u00e9k is t\u00fals\u00e1gosan elfoglalt benyom\u00e1st kelt. A m\u0171szerfal tetej\u00e9n tal\u00e1lhat\u00f3 \u00fcveglapra vet\u00edtett head-up kijelz\u0151 sem illeszkedik igaz\u00e1n harmonikusan, jobban m\u0171k\u00f6dnek azok a megold\u00e1sok, amelyek k\u00f6zvetlen\u00fcl a sz\u00e9lv\u00e9d\u0151re vet\u00edtik az inform\u00e1ci\u00f3t.<br \/>\nA 508 minden v\u00e1ltozata magas szint\u0171 infotainment rendszerrel rendelkezik, bele\u00e9rtve a 7 colos \u00e9rint\u0151k\u00e9perny\u0151s navig\u00e1ci\u00f3t, amelyhez \u00f6t \u00e9vig ingyenes t\u00e9rk\u00e9pfriss\u00edt\u00e9s j\u00e1r. Alapfelszerelts\u00e9g a DAB digit\u00e1lis r\u00e1di\u00f3, a CD-lej\u00e1tsz\u00f3, a Bluetooth-os telefonkapcsolat \u00e9s hangstreaming, valamint a Peugeot Connect SOS \u00e9s Assistance szolg\u00e1ltat\u00e1s. A sz\u00ednes head-up kijelz\u0151 nem el\u00e9rhet\u0151 az alap Active kivitelhez, de opci\u00f3s az Allure \u00e9s GT Line felszerelts\u00e9gekn\u00e9l, m\u00edg a GT \u00e9s RXH v\u00e1ltozatokban alapb\u00f3l benne van.<\/p>\n<p>Az utast\u00e9r t\u00e1gas, de a Mondeo m\u00e9g mindig nagyobb. A Peugeot 508 t\u00f6bb mint 4,8 m\u00e9ter hossz\u00fa \u2013 nagyj\u00e1b\u00f3l akkora, mint a Ford Mondeo \u2013, \u00edgy el\u00f6l b\u0151s\u00e9ges helyet k\u00edn\u00e1l, az \u00fcl\u00e9sek hossz\u00fa utakra is k\u00e9nyelmesek. A kil\u00e1t\u00e1s j\u00f3, k\u00f6sz\u00f6nhet\u0151en a keskeny els\u0151 oszlopoknak, \u00e9s a tolat\u00f3kamera minden felszerelts\u00e9gn\u00e9l alap, kiv\u00e9ve az alapmodellt.<br \/>\nA t\u00e1rol\u00f3rekeszek viszont sz\u0171k\u00f6sek \u2013 kev\u00e9s a hely a mobiltelefonoknak vagy italoknak \u2013, \u00e9s a 473 literes csomagt\u00e9r is kisebb a Mondeo vagy az Insignia \u00e1ltal k\u00edn\u00e1lt 540, illetve 530 litern\u00e9l. A hibrid HYbrid4 verzi\u00f3n\u00e1l m\u00e9g enn\u00e9l is rosszabb a helyzet, hiszen a csomagt\u00e9r a be\u00e9p\u00edtett akkumul\u00e1torok miatt mind\u00f6ssze 339 literes, viszont a n\u00e9gyker\u00e9k-hajt\u00e1snak k\u00f6sz\u00f6nhet\u0151en stabilabb az aut\u00f3 nedves \u00fatfel\u00fcleten.<br \/>\nA Peugeot 508 hossza 4 830 mm, sz\u00e9less\u00e9ge 1 853 mm, magass\u00e1ga 1 456 mm, ezzel m\u00e9retben a 4 767 mm-es Volkswagen Passat, a 4 842 mm-es Vauxhall Insignia \u00e9s a 4 871 mm-es Ford Mondeo k\u00f6z\u00e9 sorolhat\u00f3.<br \/>\nA h\u00e1ts\u00f3 \u00fcl\u00e9seken is van elegend\u0151 hely, b\u00e1r a legmagasabb utasoknak m\u00e1r gondot okozhat a fejt\u00e9r \u00e9s a l\u00e1bt\u00e9r. A k\u00f6z\u00e9ps\u0151 \u00fcl\u00e9sre is be lehet \u00fclni, ha az utas nem t\u00fal nagy termet\u0171. Az Isofix gyerek\u00fcl\u00e9s-r\u00f6gz\u00edt\u00e9si pontok az oldals\u00f3 h\u00e1ts\u00f3 \u00fcl\u00e9seken alapfelszerelts\u00e9gk\u00e9nt el\u00e9rhet\u0151k.<br \/>\nA 508-as csomagtart\u00f3ja \u2013 473 literes t\u00e9rfogat\u00e1val \u2013 \u00f6nmag\u00e1ban nem sz\u00e1m\u00edt rossznak, de j\u00f3val kevesebb helyet k\u00edn\u00e1l, mint a Ford Mondeo vagy a Vauxhall Insignia, amelyek 540, illetve 530 litert biztos\u00edtanak. A hibrid modelln\u00e9l ez az \u00e9rt\u00e9k jelent\u0151sen cs\u00f6kken, mind\u00f6ssze 339 literre, mivel az akkumul\u00e1torok helyet foglalnak el a rakt\u00e9rb\u0151l.<\/p>\n","protected":false},"excerpt":{"rendered":"<p>Andrea elmond\u00e1sa szerint egyik nap bet\u00e9rtek a h\u00edres Little White Chapel nev\u0171 esk\u00fcv\u0151i k\u00e1poln\u00e1ba, ahol szimbolikus cerem\u00f3nia keret\u00e9ben \u201e\u00f6sszeh\u00e1zasodtak\u201d Frei&#8230; <span class=\"gridview-grid-post-read-more\"><a href=\"https:\/\/matrend.hu\/maitrend\/?p=2793\">read more<span class=\"gridview-sr-only\"> Az igen! Szul\u00e1k Andrea f\u00e9rjhez ment! \u0150 az!<\/span><\/a><\/span><\/p>\n","protected":false},"author":1,"featured_media":2794,"comment_status":"open","ping_status":"open","sticky":false,"template":"","format":"standard","meta":{"footnotes":""},"categories":[1],"tags":[],"class_list":["post-2793","post","type-post","status-publish","format-standard","has-post-thumbnail","hentry","category-egyeb","wpcat-1-id"],"_links":{"self":[{"href":"https:\/\/matrend.hu\/maitrend\/index.php?rest_route=\/wp\/v2\/posts\/2793","targetHints":{"allow":["GET"]}}],"collection":[{"href":"https:\/\/matrend.hu\/maitrend\/index.php?rest_route=\/wp\/v2\/posts"}],"about":[{"href":"https:\/\/matrend.hu\/maitrend\/index.php?rest_route=\/wp\/v2\/types\/post"}],"author":[{"embeddable":true,"href":"https:\/\/matrend.hu\/maitrend\/index.php?rest_route=\/wp\/v2\/users\/1"}],"replies":[{"embeddable":true,"href":"https:\/\/matrend.hu\/maitrend\/index.php?rest_route=%2Fwp%2Fv2%2Fcomments&post=2793"}],"version-history":[{"count":1,"href":"https:\/\/matrend.hu\/maitrend\/index.php?rest_route=\/wp\/v2\/posts\/2793\/revisions"}],"predecessor-version":[{"id":2795,"href":"https:\/\/matrend.hu\/maitrend\/index.php?rest_route=\/wp\/v2\/posts\/2793\/revisions\/2795"}],"wp:featuredmedia":[{"embeddable":true,"href":"https:\/\/matrend.hu\/maitrend\/index.php?rest_route=\/wp\/v2\/media\/2794"}],"wp:attachment":[{"href":"https:\/\/matrend.hu\/maitrend\/index.php?rest_route=%2Fwp%2Fv2%2Fmedia&parent=2793"}],"wp:term":[{"taxonomy":"category","embeddable":true,"href":"https:\/\/matrend.hu\/maitrend\/index.php?rest_route=%2Fwp%2Fv2%2Fcategories&post=2793"},{"taxonomy":"post_tag","embeddable":true,"href":"https:\/\/matrend.hu\/maitrend\/index.php?rest_route=%2Fwp%2Fv2%2Ftags&post=2793"}],"curies":[{"name":"wp","href":"https:\/\/api.w.org\/{rel}","templated":true}]}}