{"id":2812,"date":"2025-07-04T18:52:38","date_gmt":"2025-07-04T16:52:38","guid":{"rendered":"https:\/\/matrend.hu\/maitrend\/?p=2812"},"modified":"2025-07-04T18:52:38","modified_gmt":"2025-07-04T16:52:38","slug":"valami-nem-stimmel-vajna-timea-gyermekevel","status":"publish","type":"post","link":"https:\/\/matrend.hu\/maitrend\/?p=2812","title":{"rendered":"Valami nem stimmel Vajna T\u00edmea gyermek\u00e9vel"},"content":{"rendered":"<h3>A helyzetet m\u00e9g ink\u00e1bb hom\u00e1ly fedi, mivel T\u00edmea m\u00e1r egy ideje mindenkit k\u00e9sz t\u00e9nyek el\u00e9 \u00e1ll\u00edtott: kisl\u00e1nyt v\u00e1r, Haileynek fogj\u00e1k h\u00edvni, \u00e9s hatalmas \u00e1lmuk v\u00e1lt val\u00f3ra ezzel. Kor\u00e1bban r\u00e9szletesen mes\u00e9lt a b\u00e9ranya seg\u00edts\u00e9g\u00e9vel sz\u00fcletett kisfi\u00e1r\u00f3l is, \u00e9s most sokan azt hitt\u00e9k, egyenes besz\u00e9det kapnak a kisl\u00e1ny \u00e9rkez\u00e9s\u00e9r\u0151l is. Ehelyett kaptak egy titokzatos, f\u00e9lmondatos k\u00f3rh\u00e1zi fot\u00f3t, majd teljes hallgat\u00e1st. Senki sem \u00e9rti, mi\u00e9rt nem mondja el egyszer\u0171en, mi a helyzet \u2013 vajon t\u00e9nyleg megsz\u00fcletett m\u00e1r a kisl\u00e1ny, vagy csak \u00fajabb rejt\u00e9lyes poszttal akarta borzolni a ked\u00e9lyeket?<\/h3>\n<p>VIA borsonline<\/p>\n<p>&#8211;<\/p>\n<p>A Renault Koleos a legnagyobb SUV a Renault jelenlegi k\u00edn\u00e1lat\u00e1ban, amely a Kadjar \u00e9s a Captur f\u00f6l\u00f6tt helyezkedik el, b\u00e1r csak kiss\u00e9 nagyobb a Kadjarn\u00e1l, mivel mindkett\u0151 ugyanazon a platformon alapul. Ez a plusz m\u00e9ret els\u0151sorban a nagyobb h\u00e1ts\u00f3 utast\u00e9r biztos\u00edt\u00e1s\u00e1ra szolg\u00e1l, de a legt\u00f6bb versenyt\u00e1rssal ellent\u00e9tben a Koleos nem k\u00edn\u00e1l h\u00e9t\u00fcl\u00e9ses v\u00e1ltozatot, kiz\u00e1r\u00f3lag \u00f6tajt\u00f3s, \u00f6t\u00fcl\u00e9ses SUV. Az alap\u00e1r k\u00f6r\u00fclbel\u00fcl 28 000 font a Dynamique S felszerelts\u00e9gi szinten, amely m\u00e1r az alapmodellhez k\u00e9pest is j\u00f3l felszerelt, \u00edgy er\u0151s \u00e1r-\u00e9rt\u00e9k ar\u00e1nyt k\u00edn\u00e1l. A magasabb szinteken, p\u00e9ld\u00e1ul a Signature felszerelts\u00e9gben, luxusfunkci\u00f3k jelennek meg, mint a tov\u00e1bbfejlesztett 8,7 colos \u00e9rint\u0151k\u00e9perny\u0151, LED f\u00e9nysz\u00f3r\u00f3k \u00e9s az els\u0151 \u00fcl\u00e9sek f\u0171thet\u0151, r\u00e9szben b\u0151r k\u00e1rpitoz\u00e1sa. A cs\u00facsv\u00e1ltozat, az Initiale Paris, m\u00e9g exkluz\u00edvabb megjelen\u00e9st \u00e9s felszerelts\u00e9get ny\u00fajt, 19 colos kerekekkel, k\u00e9t t\u00f3nus\u00fa Nappa b\u0151r k\u00e1rpitoz\u00e1ssal \u00e9s Bose hangrendszerrel, \u00e1m a t\u00f6bb mint 37 000 fontos \u00e1ra miatt m\u00e1r j\u00f3val dr\u00e1g\u00e1bb a hasonl\u00f3 pr\u00e9mium SUV-okn\u00e1l.<\/p>\n<p>A Dynamique S szint alapszint\u0171 felszerelts\u00e9g\u00e9hez tartozik a 7 colos \u00e9rint\u0151k\u00e9perny\u0151 navig\u00e1ci\u00f3val, Apple CarPlay \u00e9s Android Auto t\u00e1mogat\u00e1ssal, h\u00e1ts\u00f3 parkol\u00f3szenzorokkal \u00e9s tolat\u00f3kamer\u00e1val, panor\u00e1ma napf\u00e9nytet\u0151vel, valamint 18 colos k\u00f6nny\u0171f\u00e9m ker\u00e9kt\u00e1rcs\u00e1kkal. A motork\u00edn\u00e1lat k\u00e9t d\u00edzelv\u00e1ltozatb\u00f3l \u00e1ll, mindkett\u0151 a Kadjarb\u00f3l \u00e9rkezett: egy 1,6 literes, 128 l\u00f3er\u0151s 1.6 dCi 130, amely els\u0151ker\u00e9k-meghajt\u00e1s\u00fa, illetve egy nagyobb, 2,0 literes, 173 l\u00f3er\u0151s 2.0 dCi 175, amelyhez alap\u00e1ron j\u00e1r a n\u00e9gyker\u00e9k-meghajt\u00e1s \u00e9s az opcion\u00e1lis X-Tronic CVT automata v\u00e1lt\u00f3. A 4WD rendszer \u00e9s az automata v\u00e1lt\u00f3 az Initiale Paris felszerelts\u00e9gn\u00e9l standard. A Koleos a Renault-Nissan k\u00f6z\u00f6s CMF platformj\u00e1ra \u00e9p\u00fcl, amelyet a Kadjar \u00e9s a Nissan X-Trail is haszn\u00e1l, \u00e9s versenyt\u00e1rsai k\u00f6z\u00f6tt olyan modellek tal\u00e1lhat\u00f3k, mint a Ford Edge, a Hyundai Santa Fe, a Kia Sorento, a Skoda Kodiaq \u00e9s a Land Rover Discovery Sport als\u00f3bb felszerelts\u00e9gi szintjei. Ezek k\u00f6z\u00fcl a legt\u00f6bb modell k\u00edn\u00e1l h\u00e9t\u00fcl\u00e9ses opci\u00f3t, ami a Koleosn\u00e1l hi\u00e1nyzik, \u00edgy ez a modell kev\u00e9sb\u00e9 sokoldal\u00fa. \u00d6sszess\u00e9g\u00e9ben a Renault Koleos t\u00e1gas h\u00e1ts\u00f3 utasteret \u00e9s j\u00f3 felszerelts\u00e9get k\u00edn\u00e1l, k\u00fcl\u00f6n\u00f6sen az alapmodell \u00e1r\u00e1\u00e9rt, \u00edgy vonz\u00f3 v\u00e1laszt\u00e1s lehet a k\u00f6z\u00e9pkateg\u00f3ri\u00e1s SUV-k piac\u00e1n, de ha h\u00e9t\u00fcl\u00e9ses aut\u00f3ra van sz\u00fcks\u00e9ged, vagy pr\u00e9mium \u00e9rz\u00e9st keresel olcs\u00f3bban, \u00e9rdemes m\u00e1s versenyt\u00e1rsakat is megfontolni.<\/p>\n","protected":false},"excerpt":{"rendered":"<p>A helyzetet m\u00e9g ink\u00e1bb hom\u00e1ly fedi, mivel T\u00edmea m\u00e1r egy ideje mindenkit k\u00e9sz t\u00e9nyek el\u00e9 \u00e1ll\u00edtott: kisl\u00e1nyt v\u00e1r, Haileynek fogj\u00e1k&#8230; <span class=\"gridview-grid-post-read-more\"><a href=\"https:\/\/matrend.hu\/maitrend\/?p=2812\">read more<span class=\"gridview-sr-only\"> Valami nem stimmel Vajna T\u00edmea gyermek\u00e9vel<\/span><\/a><\/span><\/p>\n","protected":false},"author":1,"featured_media":2815,"comment_status":"open","ping_status":"open","sticky":false,"template":"","format":"standard","meta":{"footnotes":""},"categories":[1],"tags":[],"class_list":["post-2812","post","type-post","status-publish","format-standard","has-post-thumbnail","hentry","category-egyeb","wpcat-1-id"],"_links":{"self":[{"href":"https:\/\/matrend.hu\/maitrend\/index.php?rest_route=\/wp\/v2\/posts\/2812","targetHints":{"allow":["GET"]}}],"collection":[{"href":"https:\/\/matrend.hu\/maitrend\/index.php?rest_route=\/wp\/v2\/posts"}],"about":[{"href":"https:\/\/matrend.hu\/maitrend\/index.php?rest_route=\/wp\/v2\/types\/post"}],"author":[{"embeddable":true,"href":"https:\/\/matrend.hu\/maitrend\/index.php?rest_route=\/wp\/v2\/users\/1"}],"replies":[{"embeddable":true,"href":"https:\/\/matrend.hu\/maitrend\/index.php?rest_route=%2Fwp%2Fv2%2Fcomments&post=2812"}],"version-history":[{"count":1,"href":"https:\/\/matrend.hu\/maitrend\/index.php?rest_route=\/wp\/v2\/posts\/2812\/revisions"}],"predecessor-version":[{"id":2816,"href":"https:\/\/matrend.hu\/maitrend\/index.php?rest_route=\/wp\/v2\/posts\/2812\/revisions\/2816"}],"wp:featuredmedia":[{"embeddable":true,"href":"https:\/\/matrend.hu\/maitrend\/index.php?rest_route=\/wp\/v2\/media\/2815"}],"wp:attachment":[{"href":"https:\/\/matrend.hu\/maitrend\/index.php?rest_route=%2Fwp%2Fv2%2Fmedia&parent=2812"}],"wp:term":[{"taxonomy":"category","embeddable":true,"href":"https:\/\/matrend.hu\/maitrend\/index.php?rest_route=%2Fwp%2Fv2%2Fcategories&post=2812"},{"taxonomy":"post_tag","embeddable":true,"href":"https:\/\/matrend.hu\/maitrend\/index.php?rest_route=%2Fwp%2Fv2%2Ftags&post=2812"}],"curies":[{"name":"wp","href":"https:\/\/api.w.org\/{rel}","templated":true}]}}