{"id":2836,"date":"2025-07-06T14:22:58","date_gmt":"2025-07-06T12:22:58","guid":{"rendered":"https:\/\/matrend.hu\/maitrend\/?p=2836"},"modified":"2025-07-06T14:22:58","modified_gmt":"2025-07-06T12:22:58","slug":"kinos-baki-a-szerencsekerekben","status":"publish","type":"post","link":"https:\/\/matrend.hu\/maitrend\/?p=2836","title":{"rendered":"K\u00ednos baki a Szerencseker\u00e9kben"},"content":{"rendered":"<h3>\u00c9n azt olvastam fel. Csin\u00e1lom, amit mondanak. Mondta Eleni. Neked mi a v\u00e9lem\u00e9nyed?<\/h3>\n<p>Forr\u00e1s: MSN \/ FB \/ EZT<\/p>\n<p>&#8211;<\/p>\n<p>A bel\u00e9p\u0151 szint\u0171 Kia Niro Hybrid \u00e1ra jelenleg \u00e9ppen 30 000 font alatt kezd\u0151dik, ami azt jelenti, hogy nemcsak a Hyundai Kona Hybrid \u00e9s m\u00e1s kisebb SUV-ok kateg\u00f3ri\u00e1j\u00e1ban versenyez, hanem a hibrid hajt\u00e1sl\u00e1ncot k\u00edn\u00e1l\u00f3 kompakt ferdeh\u00e1t\u00fa modellekkel, p\u00e9ld\u00e1ul a Toyota Corolla vagy a Honda Civic t\u00edpusaival is \u00e1rban \u00f6sszem\u00e9rhet\u0151. A Kia teh\u00e1t egy\u00e9rtelm\u0171en elk\u00f6telezte mag\u00e1t az elektromos\u00edt\u00e1s ir\u00e1ny\u00e1ba, \u00e9s ezt nem is teszi f\u00e9lv\u00e1llr\u00f3l: ak\u00e1rcsak az el\u0151z\u0151 gener\u00e1ci\u00f3n\u00e1l, az \u00faj Niro is el\u00e9rhet\u0151 teljes hibridk\u00e9nt (HEV), plug-in hibridk\u00e9nt (PHEV), valamint tiszt\u00e1n elektromos v\u00e1ltozatban (EV) is. Ez a sz\u00e9les v\u00e1laszt\u00e9k lehet\u0151v\u00e9 teszi, hogy mindenki megtal\u00e1lja az ig\u00e9nyeinek megfelel\u0151 verzi\u00f3t, ak\u00e1r v\u00e1rosi k\u00f6zleked\u00e9sre, ak\u00e1r hosszabb utakra keres k\u00f6rnyezetk\u00edm\u00e9l\u0151 aut\u00f3t.<\/p>\n<p>A gy\u00e1rt\u00f3 \u00e1ll\u00edt\u00e1sa szerint a teljes hibrid (HEV) v\u00e1ltozat ak\u00e1r 64,2 m\u00e9rf\u00f6ld\/gallon (mpg) fogyaszt\u00e1sra is k\u00e9pes vegyes haszn\u00e1lat sor\u00e1n, ami k\u00f6r\u00fclbel\u00fcl \u00f6t mpg-vel jobb \u00e9rt\u00e9k, mint amit az el\u0151z\u0151 gener\u00e1ci\u00f3 tudott. A val\u00f3s\u00e1gban azonban a hossz\u00fa t\u00e1v\u00fa tesztaut\u00f3nkkal t\u00f6bb mint 11 000 m\u00e9rf\u00f6ldet tett\u00fcnk meg, \u00e9s \u00e1tlagosan 50,5 mpg fogyaszt\u00e1st m\u00e9rt\u00fcnk \u2013 ami m\u00e9g mindig kifejezetten kedvez\u0151nek mondhat\u00f3, f\u0151leg \u00fagy, hogy a haszn\u00e1lat jelent\u0151s r\u00e9sze aut\u00f3p\u00e1ly\u00e1n t\u00f6rt\u00e9nt, ahol a benzinmotor szinte \u00e1lland\u00f3an m\u0171k\u00f6dik. \u00d6sszehasonl\u00edt\u00e1sk\u00e9pp: az \u00e1ltalunk szint\u00e9n hossz\u00fa t\u00e1von tesztelt, 11. gener\u00e1ci\u00f3s Honda Civic hibrid 6000 m\u00e9rf\u00f6ld ut\u00e1n mind\u00f6ssze 45,1 mpg eredm\u00e9nyt produk\u00e1lt. A Niro ezen fel\u00fcl a CO\u2082-kibocs\u00e1t\u00e1s ter\u00e9n is kedvez\u0151bb: a m\u00e1sodik gener\u00e1ci\u00f3s Niro Hybrid verzi\u00f3 100\u2013106 gramm sz\u00e9n-dioxidot bocs\u00e1t ki kilom\u00e9terenk\u00e9nt, a v\u00e1lasztott felszerelts\u00e9gi szintt\u0151l f\u00fcgg\u0151en.<\/p>\n","protected":false},"excerpt":{"rendered":"<p>\u00c9n azt olvastam fel. Csin\u00e1lom, amit mondanak. Mondta Eleni. Neked mi a v\u00e9lem\u00e9nyed? Forr\u00e1s: MSN \/ FB \/ EZT &#8211;&#8230; <span class=\"gridview-grid-post-read-more\"><a href=\"https:\/\/matrend.hu\/maitrend\/?p=2836\">read more<span class=\"gridview-sr-only\"> K\u00ednos baki a Szerencseker\u00e9kben<\/span><\/a><\/span><\/p>\n","protected":false},"author":1,"featured_media":2837,"comment_status":"open","ping_status":"open","sticky":false,"template":"","format":"standard","meta":{"footnotes":""},"categories":[1],"tags":[],"class_list":["post-2836","post","type-post","status-publish","format-standard","has-post-thumbnail","hentry","category-egyeb","wpcat-1-id"],"_links":{"self":[{"href":"https:\/\/matrend.hu\/maitrend\/index.php?rest_route=\/wp\/v2\/posts\/2836","targetHints":{"allow":["GET"]}}],"collection":[{"href":"https:\/\/matrend.hu\/maitrend\/index.php?rest_route=\/wp\/v2\/posts"}],"about":[{"href":"https:\/\/matrend.hu\/maitrend\/index.php?rest_route=\/wp\/v2\/types\/post"}],"author":[{"embeddable":true,"href":"https:\/\/matrend.hu\/maitrend\/index.php?rest_route=\/wp\/v2\/users\/1"}],"replies":[{"embeddable":true,"href":"https:\/\/matrend.hu\/maitrend\/index.php?rest_route=%2Fwp%2Fv2%2Fcomments&post=2836"}],"version-history":[{"count":1,"href":"https:\/\/matrend.hu\/maitrend\/index.php?rest_route=\/wp\/v2\/posts\/2836\/revisions"}],"predecessor-version":[{"id":2838,"href":"https:\/\/matrend.hu\/maitrend\/index.php?rest_route=\/wp\/v2\/posts\/2836\/revisions\/2838"}],"wp:featuredmedia":[{"embeddable":true,"href":"https:\/\/matrend.hu\/maitrend\/index.php?rest_route=\/wp\/v2\/media\/2837"}],"wp:attachment":[{"href":"https:\/\/matrend.hu\/maitrend\/index.php?rest_route=%2Fwp%2Fv2%2Fmedia&parent=2836"}],"wp:term":[{"taxonomy":"category","embeddable":true,"href":"https:\/\/matrend.hu\/maitrend\/index.php?rest_route=%2Fwp%2Fv2%2Fcategories&post=2836"},{"taxonomy":"post_tag","embeddable":true,"href":"https:\/\/matrend.hu\/maitrend\/index.php?rest_route=%2Fwp%2Fv2%2Ftags&post=2836"}],"curies":[{"name":"wp","href":"https:\/\/api.w.org\/{rel}","templated":true}]}}