{"id":2845,"date":"2025-07-06T17:23:34","date_gmt":"2025-07-06T15:23:34","guid":{"rendered":"https:\/\/matrend.hu\/maitrend\/?p=2845"},"modified":"2025-07-06T17:23:34","modified_gmt":"2025-07-06T15:23:34","slug":"elo-hirado-kozben-sirta-el-magat-szello-istvan","status":"publish","type":"post","link":"https:\/\/matrend.hu\/maitrend\/?p=2845","title":{"rendered":"\u00c9l\u0151 H\u00edrad\u00f3 k\u00f6zben s\u00edrta el mag\u00e1t Szell\u0151 Istv\u00e1n!"},"content":{"rendered":"<h3>A pillanatot ink\u00e1bb a nevet\u00e9s k\u00f6nnyei tett\u00e9k eml\u00e9kezetess\u00e9: mindketten annyira sz\u00f3rakoztak, hogy a k\u00f6nnyek hullani kezdtek a szem\u00fckb\u0151l. Az ad\u00e1s v\u00e9g\u00e9n pedig Istv\u00e1n egy apr\u00f3, kedves gesztussal el\u0151h\u00fazta zak\u00f3j\u00e1b\u00f3l a d\u00edszzsebkend\u0151j\u00e9t, \u00e9s \u00e1tadta Ant\u00f3ni\u00e1nak, hogy let\u00f6r\u00f6lhesse a nevet\u00e9st\u0151l kicsordult k\u00f6nnyeket. Ez a meghitt \u00e9s term\u00e9szetes pillanat is t\u00f6k\u00e9letesen t\u00fckr\u00f6zi az \u0151szinte \u00e9s k\u00f6zvetlen kapcsolatukat, amelyet a n\u00e9z\u0151k oly nagyra becs\u00fclnek.<\/h3>\n<p>VIA MSN<\/p>\n<p>&#8211;<\/p>\n<p>A kor\u00e1bbi Honda Insight modellek kem\u00e9ny rug\u00f3z\u00e1s\u00e1r\u00f3l panaszkodtak, de az ut\u00f3bbi \u00e9vekben t\u00f6rt\u00e9nt fejleszt\u00e9sek jelent\u0151sen jav\u00edtottak ezen, \u00e9s a fut\u00f3m\u0171 m\u00e1r eg\u00e9sz j\u00f3l elnyeli az \u00fathib\u00e1kat \u00e9s egyenetlens\u00e9geket. Ugyanakkor a Honda nem tudta orvosolni a CVT automata v\u00e1lt\u00f3 kritik\u00e1it, amely minden Insight modellben megtal\u00e1lhat\u00f3. Ez a v\u00e1lt\u00f3 seg\u00edt a lehet\u0151 legalacsonyabb \u00fczemanyag-fogyaszt\u00e1s el\u00e9r\u00e9s\u00e9ben, de a vezet\u00e9si \u00e9lm\u00e9nyt rontja, mivel a motor hangosan s\u00edpol, ha padl\u00f3zunk. R\u00e1ad\u00e1sul az aut\u00f3 sz\u00e9l- \u00e9s \u00fathalk\u00e1ja is t\u00falzottan er\u0151s aut\u00f3p\u00e1lya temp\u00f3n\u00e1l.<br \/>\nA fogyaszt\u00e1s, CO2-kibocs\u00e1t\u00e1s \u00e9s fenntart\u00e1si k\u00f6lts\u00e9gek tekintet\u00e9ben az als\u00f3bb felszerelts\u00e9g\u0171 HE \u00e9s HE-T modellek 68,9 m\u00e9rf\u00f6ld\/gallont \u00e9rnek el kombin\u00e1lt fogyaszt\u00e1sban, \u00e9s 96 g\/km CO2-kibocs\u00e1t\u00e1ssal rendelkeznek. A magasabb szint\u0171 HS, HS-T \u00e9s HX modellek viszont valamivel kev\u00e9sb\u00e9 takar\u00e9kosak, 65,7 mpg \u00e9s 99 g\/km CO2-kibocs\u00e1t\u00e1s \u00e9rt\u00e9kekkel. Mindazon\u00e1ltal a Toyota Prius ism\u00e9t jobb, 70,6 mpg fogyaszt\u00e1ssal \u00e9s 92 g\/km CO2-vel. Az \u00fajabb, fejlett d\u00edzelek is jobbak a Hond\u00e1n\u00e1l, p\u00e9ld\u00e1ul a Volkswagen Golf BlueMotion 88,3 mpg-t \u00e9s 85 g\/km CO2-t produk\u00e1l.<br \/>\nMinden Honda Insight modell az 15-\u00f6s vagy 16-os biztos\u00edt\u00e1si kateg\u00f3ri\u00e1ba tartozik, a szervizel\u00e9si intervallum 12 500 m\u00e9rf\u00f6ld, de a Honda ingyenes szervizcsomagokat k\u00edn\u00e1l azoknak, akik finansz\u00edroz\u00e1ssal v\u00e1s\u00e1rolnak Insightot.<\/p>\n<p>A r\u00e9gi Insight kup\u00e9 form\u00e1j\u00e1t felv\u00e1ltotta az \u00fajabb, Prius-szer\u0171 sziluett, de az aut\u00f3 megtartotta a r\u00f6vid h\u00e1ts\u00f3 r\u00e9szt az aerodinamikai hat\u00e9konys\u00e1g \u00e9rdek\u00e9ben. K\u00e9kes \u00e1rnyalat\u00fa f\u00e9nysz\u00f3r\u00f3kat kapott, hogy hangs\u00falyozza k\u00f6rnyezetbar\u00e1t jelleg\u00e9t, valamint egy vonz\u00f3 h\u0171t\u0151r\u00e1csot.<br \/>\nBels\u0151 tere futurisztikus, kedvenc r\u00e9sz\u00fcnk a vil\u00e1g\u00edt\u00f3 sebess\u00e9gm\u00e9r\u0151, amely z\u00f6ldre v\u00e1lt, ha takar\u00e9kosan vezet\u00fcnk, \u00e9s s\u00f6t\u00e9tk\u00e9k lesz, ha nem. A Honda b\u0151kez\u0171 a felszerelts\u00e9ggel: az alap HE \u00e9s HE-T modellek 15 colos k\u00f6nny\u0171f\u00e9m kerekeket, kl\u00edmaberendez\u00e9st, elektromos ablakokat \u00e9s MP3-kompatibilit\u00e1st k\u00edn\u00e1lnak alap\u00e1ron.<br \/>\nA k\u00f6z\u00e9pkateg\u00f3ri\u00e1s HS \u00e9s HS-T modellek 16 colos kerekeket, automatikus ablakt\u00f6rl\u0151t \u00e9s vil\u00e1g\u00edt\u00e1st, tolat\u00f3radarokat, els\u0151 k\u00f6df\u00e9nysz\u00f3r\u00f3kat \u00e9s USB-csatlakoz\u00f3t is kapnak. A cs\u00facs HX modellek Bluetooth kapcsolatot, navig\u00e1ci\u00f3s rendszert forgalmi friss\u00edt\u00e9sekkel \u00e9s hangfelismer\u00e9ssel k\u00edn\u00e1lnak.<br \/>\nA Honda Insight praktikusabb alternat\u00edva m\u00e1s k\u00f6rnyezetbar\u00e1t aut\u00f3kkal szemben, mint p\u00e9ld\u00e1ul a Volkswagen Golf BlueMotion vagy a hat\u00f3t\u00e1vn\u00f6vel\u0151s Vauxhall Ampera, k\u00f6sz\u00f6nhet\u0151en a 408 literes csomagtart\u00f3nak, amely a h\u00e1ts\u00f3 \u00fcl\u00e9sek led\u00f6nt\u00e9s\u00e9vel 1017 literre b\u0151v\u00edthet\u0151. M\u00e9gis, a t\u00e1gasabb Toyota Priushoz k\u00e9pest m\u00e9g \u00edgy is kisebb.<\/p>\n","protected":false},"excerpt":{"rendered":"<p>A pillanatot ink\u00e1bb a nevet\u00e9s k\u00f6nnyei tett\u00e9k eml\u00e9kezetess\u00e9: mindketten annyira sz\u00f3rakoztak, hogy a k\u00f6nnyek hullani kezdtek a szem\u00fckb\u0151l. Az ad\u00e1s&#8230; <span class=\"gridview-grid-post-read-more\"><a href=\"https:\/\/matrend.hu\/maitrend\/?p=2845\">read more<span class=\"gridview-sr-only\"> \u00c9l\u0151 H\u00edrad\u00f3 k\u00f6zben s\u00edrta el mag\u00e1t Szell\u0151 Istv\u00e1n!<\/span><\/a><\/span><\/p>\n","protected":false},"author":1,"featured_media":2847,"comment_status":"open","ping_status":"open","sticky":false,"template":"","format":"standard","meta":{"footnotes":""},"categories":[1],"tags":[],"class_list":["post-2845","post","type-post","status-publish","format-standard","has-post-thumbnail","hentry","category-egyeb","wpcat-1-id"],"_links":{"self":[{"href":"https:\/\/matrend.hu\/maitrend\/index.php?rest_route=\/wp\/v2\/posts\/2845","targetHints":{"allow":["GET"]}}],"collection":[{"href":"https:\/\/matrend.hu\/maitrend\/index.php?rest_route=\/wp\/v2\/posts"}],"about":[{"href":"https:\/\/matrend.hu\/maitrend\/index.php?rest_route=\/wp\/v2\/types\/post"}],"author":[{"embeddable":true,"href":"https:\/\/matrend.hu\/maitrend\/index.php?rest_route=\/wp\/v2\/users\/1"}],"replies":[{"embeddable":true,"href":"https:\/\/matrend.hu\/maitrend\/index.php?rest_route=%2Fwp%2Fv2%2Fcomments&post=2845"}],"version-history":[{"count":1,"href":"https:\/\/matrend.hu\/maitrend\/index.php?rest_route=\/wp\/v2\/posts\/2845\/revisions"}],"predecessor-version":[{"id":2849,"href":"https:\/\/matrend.hu\/maitrend\/index.php?rest_route=\/wp\/v2\/posts\/2845\/revisions\/2849"}],"wp:featuredmedia":[{"embeddable":true,"href":"https:\/\/matrend.hu\/maitrend\/index.php?rest_route=\/wp\/v2\/media\/2847"}],"wp:attachment":[{"href":"https:\/\/matrend.hu\/maitrend\/index.php?rest_route=%2Fwp%2Fv2%2Fmedia&parent=2845"}],"wp:term":[{"taxonomy":"category","embeddable":true,"href":"https:\/\/matrend.hu\/maitrend\/index.php?rest_route=%2Fwp%2Fv2%2Fcategories&post=2845"},{"taxonomy":"post_tag","embeddable":true,"href":"https:\/\/matrend.hu\/maitrend\/index.php?rest_route=%2Fwp%2Fv2%2Ftags&post=2845"}],"curies":[{"name":"wp","href":"https:\/\/api.w.org\/{rel}","templated":true}]}}