{"id":2851,"date":"2025-07-07T18:01:59","date_gmt":"2025-07-07T16:01:59","guid":{"rendered":"https:\/\/matrend.hu\/maitrend\/?p=2851"},"modified":"2025-07-07T18:01:59","modified_gmt":"2025-07-07T16:01:59","slug":"balogh-edina-levagatta-a-hajat","status":"publish","type":"post","link":"https:\/\/matrend.hu\/maitrend\/?p=2851","title":{"rendered":"Balogh Edina lev\u00e1gatta a haj\u00e1t"},"content":{"rendered":"<h3>Sokan azt \u00e1ll\u00edtj\u00e1k hogy egy h\u00e1\/yinger lett! De sokan pedig \u00fagy v\u00e9lik hogy az \u00faj frizura m\u00e9g jobban kiemeli Edina karakteres arc\u00e1t, \u00e9s fiatalos, lend\u00fcletes kisug\u00e1rz\u00e1st k\u00f6lcs\u00f6n\u00f6z neki.<\/h3>\n<p>Forr\u00e1s: MSN \/ FB \/ BPW<\/p>\n<p>&#8211;<\/p>\n<p>A csomagt\u00e9r elektromosan ny\u00edlik, ami k\u00e9nyelmes pakol\u00e1st tesz lehet\u0151v\u00e9 akkor is, ha tele van a kez\u00fcnk. A RAV4 plug-in hibrid v\u00e1ltozata 520 literes csomagt\u00e9rrel rendelkezik, ami ugyan 60 literrel kevesebb, mint a sima hibrid modell eset\u00e9ben, de \u00edgy is elegend\u0151 helyet k\u00edn\u00e1l ak\u00e1r hosszabb utaz\u00e1sokhoz is. Az emel\u0151perem azonban el\u00e9g magas, ami megnehez\u00edtheti a neh\u00e9z csomagok beemel\u00e9s\u00e9t \u2013 k\u00fcl\u00f6n\u00f6sen id\u0151sebbek vagy kisebb termet\u0171 emberek sz\u00e1m\u00e1ra. Ezt valamelyest ellens\u00falyozza az egyszer\u0171en kezelhet\u0151, kih\u00fazhat\u00f3 csomagt\u00e9rrol\u00f3, amit teljes eg\u00e9sz\u00e9ben is k\u00f6nnyen el lehet t\u00e1vol\u00edtani, ha nagyobb t\u00e1rgyakat szeretn\u00e9nk sz\u00e1ll\u00edtani.<\/p>\n<p>A csomagt\u00e9r padl\u00f3ja nem teljesen s\u00edk, mivel mindk\u00e9t oldalon nagyobb kiv\u00e1g\u00e1sok tal\u00e1lhat\u00f3k, ezek a fut\u00f3m\u0171 \u00e9s az \u00fczemanyagrendszer helyig\u00e9nye miatt sz\u00fcks\u00e9gesek. Ugyanakkor j\u00f3 h\u00edr, hogy a padl\u00f3 alatt egy k\u00fcl\u00f6n rekeszben t\u00e1rolhat\u00f3k a t\u00f6lt\u0151k\u00e1belek \u2013 ez az\u00e9rt lehets\u00e9ges, mert a plug-in hibrid v\u00e1ltozatban nem olyan nagy a hajt\u00e1s akkumul\u00e1tora, mint tiszt\u00e1n elektromos modellekn\u00e9l.<\/p>\n<p>A h\u00e1ts\u00f3 \u00fcl\u00e9sek 60:40 ar\u00e1nyban d\u00f6nthet\u0151k, ami nagyfok\u00fa rugalmass\u00e1got biztos\u00edt a csomagt\u00e9r n\u00f6vel\u00e9s\u00e9ben. Lehajtott \u00e1llapotban k\u00f6zel teljesen s\u00edk padl\u00f3t kapunk, \u00edgy a bepakol\u00e1s m\u00e9g egyszer\u0171bb. A lehajtott \u00fcl\u00e9sekkel 1 604 literes rakt\u00e9r alakul ki, ami ugyan kevesebb, mint a hagyom\u00e1nyos hibrid modell 1 690 literes kapacit\u00e1sa, de m\u00e9g \u00edgy is b\u0151s\u00e9ges teret k\u00edn\u00e1l sporteszk\u00f6z\u00f6k, babakocsi, b\u0151r\u00f6nd\u00f6k vagy \u00e9pp bark\u00e1cseszk\u00f6z\u00f6k sz\u00e1ll\u00edt\u00e1s\u00e1ra.<\/p>\n<p>RAV4 PHEV praktikus, \u00e1tgondolt bels\u0151 t\u00e9rrel rendelkezik, ahol a vezet\u0151i k\u00e9nyelem, a technol\u00f3giai megold\u00e1sok \u00e9s a rakt\u00e9r hasznos\u00edthat\u00f3s\u00e1ga j\u00f3l kieg\u00e9sz\u00edtik egym\u00e1st, m\u00e9g akkor is, ha n\u00e9h\u00e1ny apr\u00f3 kompromisszumot kell k\u00f6tni a plug-in hibrid hajt\u00e1sl\u00e1nc miatt.<\/p>\n","protected":false},"excerpt":{"rendered":"<p>Sokan azt \u00e1ll\u00edtj\u00e1k hogy egy h\u00e1\/yinger lett! De sokan pedig \u00fagy v\u00e9lik hogy az \u00faj frizura m\u00e9g jobban kiemeli Edina&#8230; <span class=\"gridview-grid-post-read-more\"><a href=\"https:\/\/matrend.hu\/maitrend\/?p=2851\">read more<span class=\"gridview-sr-only\"> Balogh Edina lev\u00e1gatta a haj\u00e1t<\/span><\/a><\/span><\/p>\n","protected":false},"author":1,"featured_media":2852,"comment_status":"open","ping_status":"open","sticky":false,"template":"","format":"standard","meta":{"footnotes":""},"categories":[1],"tags":[],"class_list":["post-2851","post","type-post","status-publish","format-standard","has-post-thumbnail","hentry","category-egyeb","wpcat-1-id"],"_links":{"self":[{"href":"https:\/\/matrend.hu\/maitrend\/index.php?rest_route=\/wp\/v2\/posts\/2851","targetHints":{"allow":["GET"]}}],"collection":[{"href":"https:\/\/matrend.hu\/maitrend\/index.php?rest_route=\/wp\/v2\/posts"}],"about":[{"href":"https:\/\/matrend.hu\/maitrend\/index.php?rest_route=\/wp\/v2\/types\/post"}],"author":[{"embeddable":true,"href":"https:\/\/matrend.hu\/maitrend\/index.php?rest_route=\/wp\/v2\/users\/1"}],"replies":[{"embeddable":true,"href":"https:\/\/matrend.hu\/maitrend\/index.php?rest_route=%2Fwp%2Fv2%2Fcomments&post=2851"}],"version-history":[{"count":1,"href":"https:\/\/matrend.hu\/maitrend\/index.php?rest_route=\/wp\/v2\/posts\/2851\/revisions"}],"predecessor-version":[{"id":2853,"href":"https:\/\/matrend.hu\/maitrend\/index.php?rest_route=\/wp\/v2\/posts\/2851\/revisions\/2853"}],"wp:featuredmedia":[{"embeddable":true,"href":"https:\/\/matrend.hu\/maitrend\/index.php?rest_route=\/wp\/v2\/media\/2852"}],"wp:attachment":[{"href":"https:\/\/matrend.hu\/maitrend\/index.php?rest_route=%2Fwp%2Fv2%2Fmedia&parent=2851"}],"wp:term":[{"taxonomy":"category","embeddable":true,"href":"https:\/\/matrend.hu\/maitrend\/index.php?rest_route=%2Fwp%2Fv2%2Fcategories&post=2851"},{"taxonomy":"post_tag","embeddable":true,"href":"https:\/\/matrend.hu\/maitrend\/index.php?rest_route=%2Fwp%2Fv2%2Ftags&post=2851"}],"curies":[{"name":"wp","href":"https:\/\/api.w.org\/{rel}","templated":true}]}}