{"id":2863,"date":"2025-07-07T21:21:41","date_gmt":"2025-07-07T19:21:41","guid":{"rendered":"https:\/\/matrend.hu\/maitrend\/?p=2863"},"modified":"2025-07-07T21:21:41","modified_gmt":"2025-07-07T19:21:41","slug":"brutalis-viharok-es-foldrenges-varhato","status":"publish","type":"post","link":"https:\/\/matrend.hu\/maitrend\/?p=2863","title":{"rendered":"Brut\u00e1lis viharok \u00e9s f\u00f6ldreng\u00e9s v\u00e1rhat\u00f3!"},"content":{"rendered":"<h3>Er\u0151teljes sz\u00e9lrohamokat \u00e9s porvihart hoz mag\u00e1val a front! 90 km\/\u00f3r\u00e1t meghalad\u00f3 l\u00f6k\u00e9sek hirtelen s\u00f6t\u00e9t \u00e9gboltot \u00e9s h\u0171v\u00f6s leveg\u0151t hoztak magukkal. Tov\u00e1bbi f\u00f6ldreng\u00e9s is v\u00e1rhat\u00f3!<\/h3>\n<p>Forr\u00e1s: MSN \/ FB \/ EZT<\/p>\n<p>&#8211;<\/p>\n<p>A Kia EV9 v\u00e1s\u00e1rl\u00f3i k\u00e9tf\u00e9le, teljesen elektromos hajt\u00e1sl\u00e1nc k\u00f6z\u00fcl v\u00e1laszthatnak, de mindkett\u0151 egy 99,8 kWh-s akkumul\u00e1torra \u00e9s 210 kW-os gyorst\u00f6lt\u00e9si lehet\u0151s\u00e9gre \u00e9p\u00fcl. A v\u00e1laszt\u00e1s l\u00e9nyeg\u00e9ben arra sz\u0171k\u00fcl, hogy egy vagy k\u00e9t motor legyen a j\u00e1rm\u0171ben, \u00e9s a teljes\u00edtm\u00e9nyben hatalmas k\u00fcl\u00f6nbs\u00e9g van a k\u00e9t v\u00e1ltozat k\u00f6z\u00f6tt. Az egymotoros modell 200 l\u00f3er\u0151s teljes\u00edtm\u00e9nyt \u00e9s 350 Nm nyomat\u00e9kot k\u00edn\u00e1l, ami egy eg\u00e9sz elfogadhat\u00f3, 9,4 m\u00e1sodperces 0-100 km\/h (0-62 mph) gyorsul\u00e1st eredm\u00e9nyez. Ez a teljes\u00edtm\u00e9ny egy szem\u00e9ly sz\u00e1m\u00e1ra megfelel\u0151, azonban egy kicsit nagyobb l\u00f6ketet hi\u00e1nyolunk, hogy az aut\u00f3 k\u00f6nnyedebbnek \u00e9s dinamikusabbnak \u00e9rezze mag\u00e1t.<\/p>\n<p>A Kia kett\u0151smotoros v\u00e1ltozata ezzel szemben teljesen m\u00e1s dimenzi\u00f3ba helyezi a vezet\u00e9si \u00e9lm\u00e9nyt. A plusz motor az els\u0151 tengelyen \u00f6sszesen 378 l\u00f3er\u0151t biztos\u00edt, mik\u00f6zben a nyomat\u00e9k megdupl\u00e1z\u00f3dik, eg\u00e9szen 700 Nm-ig. Ennek k\u00f6sz\u00f6nhet\u0151en az aut\u00f3 0-r\u00f3l 100 km\/h-ra 5,3 m\u00e1sodperc alatt gyorsul, ami kiemelked\u0151 teljes\u00edtm\u00e9nynek sz\u00e1m\u00edt egy ekkora, t\u00f6bb mint 2,6 tonn\u00e1s s\u00faly\u00fa SUV eset\u00e9ben. Az EV9 vezet\u00e9sekor els\u0151k\u00e9nt a t\u00e1gas, k\u00e9nyelmes \u00e9s megnyugtat\u00f3 \u00e9rzet jut az ember esz\u00e9be. Ugyanakkor meglep\u0151 m\u00f3don a fut\u00f3m\u0171 k\u00e9pess\u00e9gei is figyelemre m\u00e9lt\u00f3ak, \u00e9s az aut\u00f3 finomhangolts\u00e1ga sok pr\u00e9mium kateg\u00f3ri\u00e1s versenyt\u00e1rsat megsz\u00e9gyen\u00edtene.<\/p>\n<p>Az EV9 \u00f6t k\u00fcl\u00f6nb\u00f6z\u0151 f\u00e9kenergia-visszat\u00e1pl\u00e1l\u00e1si szintet k\u00edn\u00e1l, a teljesen szabad gurul\u00e1st\u00f3l eg\u00e9szen az egyped\u00e1los vezet\u00e9sig. Az ut\u00f3bbi \u00fczemm\u00f3d azt jelenti, hogy az aut\u00f3 a vezet\u0151 f\u00e9kped\u00e1l haszn\u00e1lata n\u00e9lk\u00fcl is k\u00e9pes teljesen meg\u00e1llni, amint feloldja a g\u00e1zped\u00e1lt. A tesztcsapaton bel\u00fcl is megoszlanak a v\u00e9lem\u00e9nyek arr\u00f3l, hogy ki melyik be\u00e1ll\u00edt\u00e1st r\u00e9szes\u00edti el\u0151nyben, ez\u00e9rt nagyon pozit\u00edv, hogy a Kia lehet\u0151s\u00e9get ad a vezet\u0151knek a v\u00e1laszt\u00e1sra, \u00e9s az egyes szintek k\u00f6nnyed\u00e9n \u00e1ll\u00edthat\u00f3k a korm\u00e1ny m\u00f6g\u00f6tti v\u00e1lt\u00f3f\u00fclekkel. B\u00e1rcsak minden elektromos aut\u00f3gy\u00e1rt\u00f3 alkalmazn\u00e1 ezt a rendszert, hiszen jelent\u0151sen jav\u00edtja a vezet\u00e9si \u00e9lm\u00e9nyt \u00e9s k\u00e9nyelmet.<\/p>\n","protected":false},"excerpt":{"rendered":"<p>Er\u0151teljes sz\u00e9lrohamokat \u00e9s porvihart hoz mag\u00e1val a front! 90 km\/\u00f3r\u00e1t meghalad\u00f3 l\u00f6k\u00e9sek hirtelen s\u00f6t\u00e9t \u00e9gboltot \u00e9s h\u0171v\u00f6s leveg\u0151t hoztak magukkal&#8230;. <span class=\"gridview-grid-post-read-more\"><a href=\"https:\/\/matrend.hu\/maitrend\/?p=2863\">read more<span class=\"gridview-sr-only\"> Brut\u00e1lis viharok \u00e9s f\u00f6ldreng\u00e9s v\u00e1rhat\u00f3!<\/span><\/a><\/span><\/p>\n","protected":false},"author":1,"featured_media":2864,"comment_status":"open","ping_status":"open","sticky":false,"template":"","format":"standard","meta":{"footnotes":""},"categories":[1],"tags":[],"class_list":["post-2863","post","type-post","status-publish","format-standard","has-post-thumbnail","hentry","category-egyeb","wpcat-1-id"],"_links":{"self":[{"href":"https:\/\/matrend.hu\/maitrend\/index.php?rest_route=\/wp\/v2\/posts\/2863","targetHints":{"allow":["GET"]}}],"collection":[{"href":"https:\/\/matrend.hu\/maitrend\/index.php?rest_route=\/wp\/v2\/posts"}],"about":[{"href":"https:\/\/matrend.hu\/maitrend\/index.php?rest_route=\/wp\/v2\/types\/post"}],"author":[{"embeddable":true,"href":"https:\/\/matrend.hu\/maitrend\/index.php?rest_route=\/wp\/v2\/users\/1"}],"replies":[{"embeddable":true,"href":"https:\/\/matrend.hu\/maitrend\/index.php?rest_route=%2Fwp%2Fv2%2Fcomments&post=2863"}],"version-history":[{"count":1,"href":"https:\/\/matrend.hu\/maitrend\/index.php?rest_route=\/wp\/v2\/posts\/2863\/revisions"}],"predecessor-version":[{"id":2865,"href":"https:\/\/matrend.hu\/maitrend\/index.php?rest_route=\/wp\/v2\/posts\/2863\/revisions\/2865"}],"wp:featuredmedia":[{"embeddable":true,"href":"https:\/\/matrend.hu\/maitrend\/index.php?rest_route=\/wp\/v2\/media\/2864"}],"wp:attachment":[{"href":"https:\/\/matrend.hu\/maitrend\/index.php?rest_route=%2Fwp%2Fv2%2Fmedia&parent=2863"}],"wp:term":[{"taxonomy":"category","embeddable":true,"href":"https:\/\/matrend.hu\/maitrend\/index.php?rest_route=%2Fwp%2Fv2%2Fcategories&post=2863"},{"taxonomy":"post_tag","embeddable":true,"href":"https:\/\/matrend.hu\/maitrend\/index.php?rest_route=%2Fwp%2Fv2%2Ftags&post=2863"}],"curies":[{"name":"wp","href":"https:\/\/api.w.org\/{rel}","templated":true}]}}