{"id":2891,"date":"2025-07-09T18:02:21","date_gmt":"2025-07-09T16:02:21","guid":{"rendered":"https:\/\/matrend.hu\/maitrend\/?p=2891"},"modified":"2025-07-09T18:02:21","modified_gmt":"2025-07-09T16:02:21","slug":"zambo-krisztian-elhizott-igy-nez-ki-most","status":"publish","type":"post","link":"https:\/\/matrend.hu\/maitrend\/?p=2891","title":{"rendered":"Z\u00e1mb\u00f3 Kriszti\u00e1n elh\u00edzott &#8211; \u00cdGY N\u00c9Z KI MOST!"},"content":{"rendered":"<h3>Hogy k\/\u00e9s al\u00e1 fe\/sz\/m\u201d \u2013 fogalmazott \u0151szint\u00e9n az \u00e9nekes. A h\u00e1tt\u00e9rben h\u00faz\u00f3d\u00f3 okokr\u00f3l is \u0151szint\u00e9n besz\u00e9lt: r\u00e9g\u00f3ta k\u00fczd az \u00e9jszakai ev\u00e9ssel, amelyt\u0151l m\u00e1ig nem tudott megszabadulni.<\/h3>\n<p>Forr\u00e1s: MSN \/ FB \/ EZT<\/p>\n<p>&#8211;<\/p>\n<p>Fontos tudni, hogy a Hyundai Santa Fe Plug-in Hybrid (PHEV) t\u00edpus\u00fa modellje mind\u00f6ssze egy 3,6 kW teljes\u00edtm\u00e9ny\u0171 fed\u00e9lzeti t\u00f6lt\u0151vel van felszerelve. Ez azt jelenti, hogy ha egy teljesen lemer\u00fclt akkumul\u00e1tort szeretn\u00e9nk felt\u00f6lteni egy otthoni, szok\u00e1sos 7 kW-os fali t\u00f6lt\u0151r\u0151l, akkor a folyamat k\u00f6r\u00fclbel\u00fcl n\u00e9gy \u00f3r\u00e1t fog ig\u00e9nybe venni. Ez nem t\u00fal gyors, k\u00fcl\u00f6n\u00f6sen, ha \u00f6sszehasonl\u00edtjuk m\u00e1s plug-in hibrid modellekkel a piacon, de otthoni haszn\u00e1latra \u2013 p\u00e9ld\u00e1ul \u00e9jszakai t\u00f6lt\u00e9shez \u2013 teljesen megfelel\u0151. Ez\u00e9rt \u00e9rdemes el\u0151re tervezni a t\u00f6lt\u00e9seket, hogy mindig elegend\u0151 hat\u00f3t\u00e1v \u00e1lljon rendelkez\u00e9sre a mindennapi utaz\u00e1sokhoz.<\/p>\n<p>Ha m\u00e1r sz\u00f3ba ker\u00fcltek a versenyt\u00e1rsak, \u00e9rdemes megeml\u00edteni, hogy m\u00e1s m\u00e1rk\u00e1k plug-in hibrid modelljei n\u00e9mileg elt\u00e9r\u0151 elektromos hat\u00f3t\u00e1vols\u00e1ggal rendelkeznek. P\u00e9ld\u00e1ul a leg\u00fajabb Peugeot 5008 PHEV modell ak\u00e1r 48 m\u00e9rf\u00f6ldet (ez kb. 77 kilom\u00e9ter) is k\u00e9pes megtenni kiz\u00e1r\u00f3lag elektromos \u00fczemm\u00f3dban, azaz nulla kibocs\u00e1t\u00e1ssal. Enn\u00e9l is leny\u0171g\u00f6z\u0151bb adatokat k\u00edn\u00e1l a Skoda Kodiaq iV, amelynek elektromos hat\u00f3t\u00e1vols\u00e1ga el\u00e9rheti a 75 m\u00e9rf\u00f6ldet (nagyj\u00e1b\u00f3l 120 kilom\u00e9tert). Ezek az adatok k\u00fcl\u00f6n\u00f6sen fontosak lehetnek azok sz\u00e1m\u00e1ra, akik a lehet\u0151 legt\u00f6bbet szeretn\u00e9k megtenni an\u00e9lk\u00fcl, hogy bekapcsolna a bels\u0151 \u00e9g\u00e9s\u0171 motor.<\/p>\n<p>Ami a Hyundai Santa Fe leg\u00fajabb, azaz \u00f6t\u00f6dik gener\u00e1ci\u00f3s v\u00e1ltozat\u00e1t (Mk5) illeti, a m\u00e9retek ter\u00e9n is t\u00f6rt\u00e9nt v\u00e1ltoz\u00e1s. A j\u00e1rm\u0171 hossza most 4 830 millim\u00e9ter, ami 45 millim\u00e9terrel hosszabb, mint az el\u0151z\u0151 modell\u00e9. Nemcsak hosszabb lett, hanem sz\u00e9lesebb \u00e9s magasabb is, \u00edgy a kateg\u00f3ria m\u00e1s k\u00e9pvisel\u0151ihez k\u00e9pest \u2013 k\u00fcl\u00f6n\u00f6sen a Peugeot 5008-hoz \u00e9s a Skoda Kodiaqhoz k\u00e9pest \u2013 jelent\u0151sen nagyobb megjelen\u00e9s\u0171. Ugyanakkor a 1 800 millim\u00e9teres sz\u00e9less\u00e9ge azt jelenti, hogy nem kifejezetten neh\u00e9zkes vagy t\u00fals\u00e1gosan testes, mint p\u00e9ld\u00e1ul n\u00e9h\u00e1ny pr\u00e9mium kateg\u00f3ri\u00e1s SUV, mint amilyen a Volvo XC90 vagy a Land Rover Defender. \u00cdgy m\u00e9g mindig j\u00f3l man\u0151verezhet\u0151 marad v\u00e1rosi k\u00f6rnyezetben is, mik\u00f6zben t\u00e1gas \u00e9s robusztus megjelen\u00e9st k\u00edn\u00e1l.<\/p>\n","protected":false},"excerpt":{"rendered":"<p>Hogy k\/\u00e9s al\u00e1 fe\/sz\/m\u201d \u2013 fogalmazott \u0151szint\u00e9n az \u00e9nekes. A h\u00e1tt\u00e9rben h\u00faz\u00f3d\u00f3 okokr\u00f3l is \u0151szint\u00e9n besz\u00e9lt: r\u00e9g\u00f3ta k\u00fczd az \u00e9jszakai&#8230; <span class=\"gridview-grid-post-read-more\"><a href=\"https:\/\/matrend.hu\/maitrend\/?p=2891\">read more<span class=\"gridview-sr-only\"> Z\u00e1mb\u00f3 Kriszti\u00e1n elh\u00edzott &#8211; \u00cdGY N\u00c9Z KI MOST!<\/span><\/a><\/span><\/p>\n","protected":false},"author":1,"featured_media":2892,"comment_status":"open","ping_status":"open","sticky":false,"template":"","format":"standard","meta":{"footnotes":""},"categories":[1],"tags":[],"class_list":["post-2891","post","type-post","status-publish","format-standard","has-post-thumbnail","hentry","category-egyeb","wpcat-1-id"],"_links":{"self":[{"href":"https:\/\/matrend.hu\/maitrend\/index.php?rest_route=\/wp\/v2\/posts\/2891","targetHints":{"allow":["GET"]}}],"collection":[{"href":"https:\/\/matrend.hu\/maitrend\/index.php?rest_route=\/wp\/v2\/posts"}],"about":[{"href":"https:\/\/matrend.hu\/maitrend\/index.php?rest_route=\/wp\/v2\/types\/post"}],"author":[{"embeddable":true,"href":"https:\/\/matrend.hu\/maitrend\/index.php?rest_route=\/wp\/v2\/users\/1"}],"replies":[{"embeddable":true,"href":"https:\/\/matrend.hu\/maitrend\/index.php?rest_route=%2Fwp%2Fv2%2Fcomments&post=2891"}],"version-history":[{"count":1,"href":"https:\/\/matrend.hu\/maitrend\/index.php?rest_route=\/wp\/v2\/posts\/2891\/revisions"}],"predecessor-version":[{"id":2893,"href":"https:\/\/matrend.hu\/maitrend\/index.php?rest_route=\/wp\/v2\/posts\/2891\/revisions\/2893"}],"wp:featuredmedia":[{"embeddable":true,"href":"https:\/\/matrend.hu\/maitrend\/index.php?rest_route=\/wp\/v2\/media\/2892"}],"wp:attachment":[{"href":"https:\/\/matrend.hu\/maitrend\/index.php?rest_route=%2Fwp%2Fv2%2Fmedia&parent=2891"}],"wp:term":[{"taxonomy":"category","embeddable":true,"href":"https:\/\/matrend.hu\/maitrend\/index.php?rest_route=%2Fwp%2Fv2%2Fcategories&post=2891"},{"taxonomy":"post_tag","embeddable":true,"href":"https:\/\/matrend.hu\/maitrend\/index.php?rest_route=%2Fwp%2Fv2%2Ftags&post=2891"}],"curies":[{"name":"wp","href":"https:\/\/api.w.org\/{rel}","templated":true}]}}