{"id":2897,"date":"2025-07-10T14:42:15","date_gmt":"2025-07-10T12:42:15","guid":{"rendered":"https:\/\/matrend.hu\/maitrend\/?p=2897"},"modified":"2025-07-10T14:42:15","modified_gmt":"2025-07-10T12:42:15","slug":"hiaba-erkezik-meg-nekik-vissza-kell-utalni-a-nyugdijt","status":"publish","type":"post","link":"https:\/\/matrend.hu\/maitrend\/?p=2897","title":{"rendered":"Hi\u00e1ba \u00e9rkezik meg, NEKIK vissza KELL utalni a nyugd\u00edjt!"},"content":{"rendered":"<h3>Amint a hivatal \u00e9szreveszi a t\u00e9ved\u00e9st, felsz\u00f3l\u00edtj\u00e1k az \u00e9rintettet, hogy utalja vissza a jogtalanul felvett \u00f6sszeget, ami ak\u00e1r t\u00f6bb t\u00edzezer vagy sz\u00e9ls\u0151s\u00e9ges esetben sz\u00e1zezer forint f\u00f6l\u00f6tti is lehet. Ha a nyugd\u00edjas nem fizet, a hat\u00f3s\u00e1g k\u00e9sedelmi kamatot vethet ki, \u00e9s v\u00e9gs\u0151 megold\u00e1sk\u00e9nt ak\u00e1r v\u00e9grehajt\u00e1st is ind\u00edthat. Ez komoly anyagi terhet r\u00f3hat az \u00e9rintettekre, k\u00fcl\u00f6n\u00f6sen v\u00e1ratlanul \u00e9rheti \u0151ket, ha kor\u00e1bban nem is tudtak a probl\u00e9m\u00e1r\u00f3l.<br \/>\nNagyon fontos, hogy mindenki gondosan ellen\u0151rizze a nyugd\u00edjmeg\u00e1llap\u00edt\u00f3 hat\u00e1rozatot, \u00e9s pontos adatokat szolg\u00e1ltasson a kor\u00e1bbi munkaviszonyair\u00f3l \u00e9s jogosults\u00e1gair\u00f3l. Ha valaki gyan\u00fas dolgot \u00e9szlel \u2013 p\u00e9ld\u00e1ul szokatlanul magas \u00f6sszeget vagy ism\u00e9telt kifizet\u00e9st \u2013, \u00e9rdemes r\u00f6gt\u00f6n jeleznie a hat\u00f3s\u00e1gnak. Egy kis el\u0151vigy\u00e1zatoss\u00e1ggal megel\u0151zhet\u0151, hogy a v\u00e1ratlan t\u00f6bblet k\u00e9s\u0151bb kellemetlen k\u00f6telezetts\u00e9gg\u00e9 v\u00e1ljon.<\/h3>\n<p>&#8211;<\/p>\n<p>A leg\u00fajabb gener\u00e1ci\u00f3s Toyota Yaris remek v\u00e1laszt\u00e1s lehet azok sz\u00e1m\u00e1ra, akik takar\u00e9kos fogyaszt\u00e1s\u00fa, j\u00f3l felszerelt, \u00e9s v\u00e1rosi k\u00f6zleked\u00e9sre kifejezetten alkalmas kisaut\u00f3t keresnek. A negyedik gener\u00e1ci\u00f3s Yaris k\u00fcl\u00f6n\u00f6sen j\u00f3l teljes\u00edt v\u00e1rosi k\u00f6rnyezetben, de id\u0151nk\u00e9nt egy-egy orsz\u00e1g\u00fati vagy aut\u00f3p\u00e1ly\u00e1s utaz\u00e1st is k\u00f6nnyed\u00e9n teljes\u00edt. Ugyanakkor nem ez a legolcs\u00f3bb hibrid modell a piacon, h\u00e1tul sz\u0171k\u00f6s a hely az utasoknak, a csomagtart\u00f3 pedig korl\u00e1tozhatja a csal\u00e1di haszn\u00e1lhat\u00f3s\u00e1got. Az egyszer\u0171, kiss\u00e9 unalmas bels\u0151 kialak\u00edt\u00e1s szint\u00e9n elt\u00e1ntor\u00edthat egyeseket.<br \/>\nM\u00e9g ha figyelmen k\u00edv\u00fcl hagyjuk is a sportos GR Yaris v\u00e1ltozatot \u2013 amely a vezet\u00e9s szerelmeseinek igazi csemege \u2013 a hagyom\u00e1nyos Yaris is meg\u00e9rdemli az elismer\u00e9st, hiszen ez az eddigi legjobb v\u00e1ltozat. A Toyota, mint a hibrid technol\u00f3gia \u00fatt\u00f6r\u0151je, egyre ink\u00e1bb a k\u00f6rnyezetbar\u00e1t modellekre koncentr\u00e1l. M\u00edg sok gy\u00e1rt\u00f3 tov\u00e1bbra is k\u00edn\u00e1l benzines \u00e9s d\u00edzel modelleket is, a Yaris csak egyetlen hibrid hajt\u00e1sl\u00e1nccal \u00e9rhet\u0151 el: egy 1.5 literes, h\u00e1romhengeres benzines motorral, amely 114 vagy 128 l\u00f3er\u0151s kivitelben \u00e1ll rendelkez\u00e9sre.<br \/>\nA Yaris legk\u00f6zvetlenebb versenyt\u00e1rsai \u2013 mint a Vauxhall Corsa, Peugeot 208, Hyundai i20 vagy Volkswagen Polo \u2013 rengetegf\u00e9le motor- \u00e9s felszerelts\u00e9gkombin\u00e1ci\u00f3val v\u00e1laszthat\u00f3k. Aki viszont kifejezetten hibridet keres, annak \u00e9rdemes m\u00e9g megfontolnia a Renault Clio E-Tech, a Honda Jazz vagy ak\u00e1r a Mazda 2 Hybrid modelljeit is \u2013 ut\u00f3bbi gyakorlatilag egy \u00e1tmatric\u00e1zott Yaris, Mazda embl\u00e9m\u00e1val.<\/p>\n<p>Az \u00f6tajt\u00f3s Yaris \u2013 amely elnyerte a 2022-es \u00c9v El\u00e9rhet\u0151 Hibrid Aut\u00f3ja d\u00edjat \u2013 az ultraversenyk\u00e9pes szupermini kateg\u00f3ri\u00e1ban egy egyszer\u0171, de j\u00f3l \u00e1tgondolt k\u00edn\u00e1lattal pr\u00f3b\u00e1l helyt\u00e1llni. A 114 l\u00f3er\u0151s v\u00e1ltozat v\u00e1rosi k\u00f6zleked\u00e9shez t\u00f6k\u00e9letes, a 128 l\u00f3er\u0151s v\u00e1ltozat pedig azoknak sz\u00f3l, akik gyakrabban aut\u00f3znak aut\u00f3p\u00e1ly\u00e1n vagy orsz\u00e1g\u00faton \u2013 igaz, ez ut\u00f3bbi csak dr\u00e1g\u00e1bb felszerelts\u00e9gekkel el\u00e9rhet\u0151. A Toyota szerint az \u00faj hibridrendszer m\u00e9g nagyobb ar\u00e1nyban k\u00e9pes tiszt\u00e1n elektromos \u00fczemben m\u0171k\u00f6dni v\u00e1rosban, \u00e9s k\u00fcl\u00f6n EV-m\u00f3dot is k\u00edn\u00e1l, amely el\u0151nyben r\u00e9szes\u00edti az elektromos hajt\u00e1st a benzinmotorral szemben. Ugyanakkor a mind\u00f6ssze 0,7 kWh-s akkumul\u00e1tor miatt ne sz\u00e1m\u00edtsunk hossz\u00fa vagy gyors villanyaut\u00f3s \u00e9lm\u00e9nyre.<br \/>\nM\u00e9ret\u00e9t tekintve az \u00faj Yaris kiss\u00e9 r\u00f6videbb \u00e9s alacsonyabb, mint az el\u0151z\u0151 gener\u00e1ci\u00f3, ez\u00e1ltal sportosabb, izmosabb megjelen\u00e9st kapott. A f\u00e9mes \u00e9s gy\u00f6ngyh\u00e1zf\u00e9ny\u0171 k\u00e9tt\u00f3nus\u00fa f\u00e9nyez\u00e9sek k\u00fcl\u00f6n\u00f6sen l\u00e1tv\u00e1nyosak.<br \/>\nA felszerelts\u00e9g szint\u00e9n figyelemre m\u00e9lt\u00f3, m\u00e1r a bel\u00e9p\u0151 szint\u0171 Icon v\u00e1ltozat is tartalmaz 16 colos k\u00f6nny\u0171f\u00e9m felniket, automata f\u00e9nysz\u00f3r\u00f3kat \u00e9s ablakt\u00f6rl\u0151ket, adapt\u00edv tempomatot, l\u00e9gkondicion\u00e1l\u00f3t, 9 colos \u00e9rint\u0151k\u00e9perny\u0151s infotainment rendszert Android Auto \u00e9s Apple CarPlay csatlakoz\u00e1ssal. A k\u00f6z\u00e9ps\u0151 szint\u0171 Design felszerelts\u00e9g m\u00e1r LED-es f\u00e9nysz\u00f3r\u00f3kat, s\u00f6t\u00e9t\u00edtett \u00fcvegeket, \u00e9s egy biztons\u00e1gi csomag opci\u00f3t is k\u00edn\u00e1l, amely az Excel felszerelts\u00e9gn\u00e9l alapb\u00f3l j\u00e1r, \u00e9s mind\u00f6ssze 850 font fel\u00e1r\u00e9rt el\u00e9rhet\u0151.<br \/>\nA cs\u00facsfelszerelts\u00e9g\u0171 Excel v\u00e1ltozat olyan extr\u00e1kat k\u00edn\u00e1l, mint vezet\u00e9k n\u00e9lk\u00fcli telefont\u00f6lt\u0151, els\u0151 \u00e9s h\u00e1ts\u00f3 parkol\u00f3radar, 12,3 colos digit\u00e1lis m\u0171szeregys\u00e9g, holtt\u00e9rfigyel\u0151 rendszer, valamint navig\u00e1ci\u00f3s rendszer teljes vezet\u00e9k n\u00e9lk\u00fcli okostelefon-integr\u00e1ci\u00f3val. A GR Sport felszerelts\u00e9g \u00e1ra magasabb ugyan, mint az Excel\u00e9, azonban felszerelts\u00e9g szintj\u00e9n ink\u00e1bb a Design v\u00e1ltozathoz hasonl\u00edthat\u00f3 \u2013 a k\u00fcl\u00f6nbs\u00e9g legink\u00e1bb a sportos k\u00fcls\u0151 \u00e9s bels\u0151 megjelen\u00e9sben keresend\u0151.<\/p>\n","protected":false},"excerpt":{"rendered":"<p>Amint a hivatal \u00e9szreveszi a t\u00e9ved\u00e9st, felsz\u00f3l\u00edtj\u00e1k az \u00e9rintettet, hogy utalja vissza a jogtalanul felvett \u00f6sszeget, ami ak\u00e1r t\u00f6bb t\u00edzezer&#8230; <span class=\"gridview-grid-post-read-more\"><a href=\"https:\/\/matrend.hu\/maitrend\/?p=2897\">read more<span class=\"gridview-sr-only\"> Hi\u00e1ba \u00e9rkezik meg, NEKIK vissza KELL utalni a nyugd\u00edjt!<\/span><\/a><\/span><\/p>\n","protected":false},"author":1,"featured_media":2898,"comment_status":"open","ping_status":"open","sticky":false,"template":"","format":"standard","meta":{"footnotes":""},"categories":[1],"tags":[],"class_list":["post-2897","post","type-post","status-publish","format-standard","has-post-thumbnail","hentry","category-egyeb","wpcat-1-id"],"_links":{"self":[{"href":"https:\/\/matrend.hu\/maitrend\/index.php?rest_route=\/wp\/v2\/posts\/2897","targetHints":{"allow":["GET"]}}],"collection":[{"href":"https:\/\/matrend.hu\/maitrend\/index.php?rest_route=\/wp\/v2\/posts"}],"about":[{"href":"https:\/\/matrend.hu\/maitrend\/index.php?rest_route=\/wp\/v2\/types\/post"}],"author":[{"embeddable":true,"href":"https:\/\/matrend.hu\/maitrend\/index.php?rest_route=\/wp\/v2\/users\/1"}],"replies":[{"embeddable":true,"href":"https:\/\/matrend.hu\/maitrend\/index.php?rest_route=%2Fwp%2Fv2%2Fcomments&post=2897"}],"version-history":[{"count":1,"href":"https:\/\/matrend.hu\/maitrend\/index.php?rest_route=\/wp\/v2\/posts\/2897\/revisions"}],"predecessor-version":[{"id":2899,"href":"https:\/\/matrend.hu\/maitrend\/index.php?rest_route=\/wp\/v2\/posts\/2897\/revisions\/2899"}],"wp:featuredmedia":[{"embeddable":true,"href":"https:\/\/matrend.hu\/maitrend\/index.php?rest_route=\/wp\/v2\/media\/2898"}],"wp:attachment":[{"href":"https:\/\/matrend.hu\/maitrend\/index.php?rest_route=%2Fwp%2Fv2%2Fmedia&parent=2897"}],"wp:term":[{"taxonomy":"category","embeddable":true,"href":"https:\/\/matrend.hu\/maitrend\/index.php?rest_route=%2Fwp%2Fv2%2Fcategories&post=2897"},{"taxonomy":"post_tag","embeddable":true,"href":"https:\/\/matrend.hu\/maitrend\/index.php?rest_route=%2Fwp%2Fv2%2Ftags&post=2897"}],"curies":[{"name":"wp","href":"https:\/\/api.w.org\/{rel}","templated":true}]}}