{"id":2921,"date":"2025-07-12T14:21:09","date_gmt":"2025-07-12T12:21:09","guid":{"rendered":"https:\/\/matrend.hu\/maitrend\/?p=2921"},"modified":"2025-07-12T14:25:47","modified_gmt":"2025-07-12T12:25:47","slug":"sokk-felbeszakitottak-az-elo-hiradot","status":"publish","type":"post","link":"https:\/\/matrend.hu\/maitrend\/?p=2921","title":{"rendered":"Sokk: F\u00e9lbeszak\u00edtott\u00e1k az \u00e9l\u0151 H\u00edrad\u00f3t!"},"content":{"rendered":"<h3>A jelenet t\u00f6bb mint harminc m\u00e1sodpercen \u00e1t maradt k\u00e9perny\u0151n, b\u00e1rmif\u00e9le v\u00e1g\u00e1s vagy moder\u00e1l\u00e1s n\u00e9lk\u00fcl. V\u00e9g\u00fcl a riportalanyt hirtelen elv\u00e1gt\u00e1k a mondat k\u00f6zep\u00e9n, \u00e9s a k\u00f6zvet\u00edt\u00e9s visszakapcsolt a st\u00fadi\u00f3ba.<br \/>\nEgyel\u0151re nem vil\u00e1gos, hogy mindez egy v\u00e9letlen mal\u0151r vagy valamilyen tudatos akci\u00f3 eredm\u00e9nye volt.<br \/>\nA felv\u00e9tel mindenesetre el\u00e9rhet\u0151v\u00e9 v\u00e1lt, \u00e9s a k\u00f6z\u00f6ss\u00e9gi m\u00e9di\u00e1ban gyorsan elterjedt \u2013 sokan ezt tartj\u00e1k a nap legeml\u00e9kezetesebb pillanat\u00e1nak.<\/h3>\n<p>VIA Telex<\/p>\n<p>&#8211;<\/p>\n<p>A Lexus LFA szupersportaut\u00f3ra eml\u00e9keztet\u0151 r\u00e9szletek fedezhet\u0151k fel az LC bels\u0151 ter\u00e9ben. Az eszk\u00f6zk\u00e9szlet k\u00f6zep\u00e9n tal\u00e1lhat\u00f3 nagy gomb oldalra cs\u00faszik, hogy felfedjen egy m\u00e1sik k\u00e9perny\u0151t, amely a j\u00e1rm\u0171 be\u00e1ll\u00edt\u00e1sainak vez\u00e9rl\u00e9s\u00e9re szolg\u00e1l, \u00e9s t\u00f6bb vezet\u00e9si adatot is megjelen\u00edt. Ez egy \u00fcgyes megold\u00e1s \u00e9s egy kis show-elemet is visz a diz\u00e1jnba, de sajnos a t\u00f6bbi bels\u0151 t\u00e9r ink\u00e1bb vegyes \u00e9rzetet kelt.<br \/>\nA pozit\u00edv oldalon val\u00f3di k\u00e9zm\u0171ves munka figyelhet\u0151 meg az utast\u00e9rben, k\u00fcl\u00f6n\u00f6sen az ajt\u00f3panelok \u00edvelt form\u00e1j\u00e1n, amin \u00fagy t\u0171nik, hogy egy lebeg\u0151 alum\u00ednium foganty\u00fa tal\u00e1lhat\u00f3 \u2013 igazi minimalista \u00f6r\u00f6m.<br \/>\nAmi azonban sajn\u00e1latos, hogy a m\u0171szerfal \u00e9s a korm\u00e1nyker\u00e9k ergon\u00f3miailag probl\u00e9m\u00e1s, a gombok pedig mindenhol, mint pattogatott kukorica a mozi padl\u00f3j\u00e1n. P\u00e9ld\u00e1ul val\u00f3sz\u00edn\u0171leg \u00e1lland\u00f3an bekapcsolva hagyjuk a s\u00e1velhagy\u00e1s figyelmeztet\u00e9st, vagy ink\u00e1bb kikapcsoljuk \u2013 sz\u00f3val mi\u00e9rt kell egy gombot elhelyezni rajta, ami ezt vez\u00e9rli?<\/p>\n<p>A m\u0171szerfalon kiemelked\u0151 ir\u00e1ny\u00edt\u00f3karok, amik a vezet\u00e9si m\u00f3dokat \u00e9s a menetstabiliz\u00e1l\u00f3t vez\u00e9rlik, mintha a tervez\u0151k elfelejtettek volna p\u00e1r gombot elhelyezni m\u00e1shol. A Lexusnak \u00e9rdemes lenne a iDrive rendszer\u00e9t benchmarkk\u00e9nt haszn\u00e1lni a j\u00e1rm\u0171- \u00e9s infotainment vez\u00e9rl\u00e9s ter\u00e9n.<br \/>\nMindezek ellen\u00e9re a min\u0151s\u00e9g kiv\u00e9teles, \u00e9s az \u00fcl\u00e9sek igaz\u00e1n k\u00e9nyelmesek, ak\u00e1r a luxus kivitelben v\u00e1lasztjuk, ahol az anyagok \u00fagy borulnak az \u00fcl\u00e9sek v\u00e1llain, mint Superman k\u00f6penye, ak\u00e1r a sportosabb, tapad\u00f3sabb \u00fcl\u00e9sekkel ell\u00e1tott Sport \u00e9s Sport+ modellek k\u00f6z\u00fcl v\u00e1lasztunk.<br \/>\n\u00c9s b\u00e1rmelyik modellt is v\u00e1lasztjuk, rengeteg technol\u00f3giai \u00faj\u00edt\u00e1ssal tal\u00e1lkozunk a fed\u00e9lzeten, hogy k\u00f6nnyebb\u00e9 \u00e9s k\u00e9nyelmesebb\u00e9 tegy\u00fck az \u00e9let\u00fcnket \u2013 ahogy az elv\u00e1rhat\u00f3 egy luxus GT-t\u0151l. A hangh\u0171s\u00e9g ir\u00e1nt \u00e9rdekl\u0151d\u0151k m\u00e1r r\u00e9g\u00f3ta a Lexushoz fordulnak a kiv\u00e1l\u00f3 aut\u00f3s \u00e9lm\u00e9ny\u00e9rt, \u00e9s az LC sem lesz m\u00e1s, hiszen a 13 hangsz\u00f3r\u00f3s rendszer a pr\u00e9mium hifi-specialist\u00e1k, a Mark Levinson keze munk\u00e1j\u00e1t dics\u00e9ri. A rendszert kifejezetten az LC-hez hangolt\u00e1k, \u00e9s ez az els\u0151, amely tartalmazza a Clari-Fi technol\u00f3gi\u00e1t \u2013 olyan technol\u00f3gi\u00e1t, amely a t\u00f6m\u00f6r\u00edtett audio f\u00e1jlokat, p\u00e9ld\u00e1ul az okostelefonokon t\u00e1roltakat, szinte vissza\u00e1ll\u00edtja az eredeti, t\u00f6m\u00f6r\u00edtetlen \u00e1llapotukba.<\/p>\n","protected":false},"excerpt":{"rendered":"<p>A jelenet t\u00f6bb mint harminc m\u00e1sodpercen \u00e1t maradt k\u00e9perny\u0151n, b\u00e1rmif\u00e9le v\u00e1g\u00e1s vagy moder\u00e1l\u00e1s n\u00e9lk\u00fcl. V\u00e9g\u00fcl a riportalanyt hirtelen elv\u00e1gt\u00e1k a&#8230; <span class=\"gridview-grid-post-read-more\"><a href=\"https:\/\/matrend.hu\/maitrend\/?p=2921\">read more<span class=\"gridview-sr-only\"> Sokk: F\u00e9lbeszak\u00edtott\u00e1k az \u00e9l\u0151 H\u00edrad\u00f3t!<\/span><\/a><\/span><\/p>\n","protected":false},"author":1,"featured_media":2923,"comment_status":"open","ping_status":"open","sticky":false,"template":"","format":"standard","meta":{"footnotes":""},"categories":[1],"tags":[],"class_list":["post-2921","post","type-post","status-publish","format-standard","has-post-thumbnail","hentry","category-egyeb","wpcat-1-id"],"_links":{"self":[{"href":"https:\/\/matrend.hu\/maitrend\/index.php?rest_route=\/wp\/v2\/posts\/2921","targetHints":{"allow":["GET"]}}],"collection":[{"href":"https:\/\/matrend.hu\/maitrend\/index.php?rest_route=\/wp\/v2\/posts"}],"about":[{"href":"https:\/\/matrend.hu\/maitrend\/index.php?rest_route=\/wp\/v2\/types\/post"}],"author":[{"embeddable":true,"href":"https:\/\/matrend.hu\/maitrend\/index.php?rest_route=\/wp\/v2\/users\/1"}],"replies":[{"embeddable":true,"href":"https:\/\/matrend.hu\/maitrend\/index.php?rest_route=%2Fwp%2Fv2%2Fcomments&post=2921"}],"version-history":[{"count":3,"href":"https:\/\/matrend.hu\/maitrend\/index.php?rest_route=\/wp\/v2\/posts\/2921\/revisions"}],"predecessor-version":[{"id":2925,"href":"https:\/\/matrend.hu\/maitrend\/index.php?rest_route=\/wp\/v2\/posts\/2921\/revisions\/2925"}],"wp:featuredmedia":[{"embeddable":true,"href":"https:\/\/matrend.hu\/maitrend\/index.php?rest_route=\/wp\/v2\/media\/2923"}],"wp:attachment":[{"href":"https:\/\/matrend.hu\/maitrend\/index.php?rest_route=%2Fwp%2Fv2%2Fmedia&parent=2921"}],"wp:term":[{"taxonomy":"category","embeddable":true,"href":"https:\/\/matrend.hu\/maitrend\/index.php?rest_route=%2Fwp%2Fv2%2Fcategories&post=2921"},{"taxonomy":"post_tag","embeddable":true,"href":"https:\/\/matrend.hu\/maitrend\/index.php?rest_route=%2Fwp%2Fv2%2Ftags&post=2921"}],"curies":[{"name":"wp","href":"https:\/\/api.w.org\/{rel}","templated":true}]}}