{"id":2929,"date":"2025-07-12T18:08:09","date_gmt":"2025-07-12T16:08:09","guid":{"rendered":"https:\/\/matrend.hu\/maitrend\/?p=2929"},"modified":"2025-07-12T18:08:09","modified_gmt":"2025-07-12T16:08:09","slug":"legszornyubb-busz-balesete-tortent","status":"publish","type":"post","link":"https:\/\/matrend.hu\/maitrend\/?p=2929","title":{"rendered":"Legsz\u00f6rny\u0171bb BUSZ balesete t\u00f6rt\u00e9nt"},"content":{"rendered":"<h3>Az \u00e9rintett \u00fatszakaszon teljes \u00fatlez\u00e1r\u00e1s van \u2013 \u00edrja a katasztr\u00f3fav\u00e9delem. Az utasok k\u00f6z\u00fcl t\u00f6bben s\u00fal\/os\/n is me\/s\u00e9r\/l\/ek. C\u00edmlap I\/luszt\/\u00e1ci\u00f3!<\/h3>\n<p>Forr\u00e1s: MSN \/ FB \/ MHUG<\/p>\n<p>&#8211;<\/p>\n<p>A Volvo EX30 a sv\u00e9d aut\u00f3gy\u00e1rt\u00f3 jelenlegi legkisebb modellje, \u00e1m m\u00e9rete ne t\u00e9vesszen meg senkit: ez az aut\u00f3 j\u00f3val t\u00f6bbet ny\u00fajt ann\u00e1l, mint amit els\u0151 pillant\u00e1sra gondoln\u00e1nk. Hab\u00e1r kompakt, m\u00e9gis sz\u00e1mos olyan tulajdons\u00e1got \u00e9s technol\u00f3giai megold\u00e1st \u00e1temeltek bele a Volvo nagyobb, luxus kateg\u00f3ri\u00e1s modelljeib\u0151l, amelyeket ritk\u00e1n, vagy egy\u00e1ltal\u00e1n nem tal\u00e1lunk meg m\u00e1s hasonl\u00f3 m\u00e9ret\u0171 \u00e9s \u00e1rkateg\u00f3ri\u00e1j\u00fa aut\u00f3kban. Az EX30 teh\u00e1t hi\u00e1ba a legkisebb Volvo, min\u0151s\u00e9gben \u00e9s felszerelts\u00e9gben b\u0151ven t\u00falsz\u00e1rnyalja a legt\u00f6bb konkurens\u00e9t ebben az oszt\u00e1lyban, legyen sz\u00f3 ak\u00e1r a bels\u0151 t\u00e9r anyaghaszn\u00e1lat\u00e1r\u00f3l, a k\u00e9nyelmi extr\u00e1kr\u00f3l, vagy a modern technol\u00f3gi\u00e1kr\u00f3l.<\/p>\n<p>Az aut\u00f3 h\u00e1romf\u00e9le v\u00e1ltozatban \u00e9rhet\u0151 el, \u00edgy a v\u00e1s\u00e1rl\u00f3k elt\u00e9r\u0151 ig\u00e9nyeiknek megfelel\u0151en v\u00e1laszthatj\u00e1k ki a sz\u00e1mukra ide\u00e1lis modellt. A bel\u00e9p\u0151szint\u0171 verzi\u00f3 az \u00fagynevezett \u201eSingle Motor\u201d v\u00e1ltozat, amely nagyj\u00e1b\u00f3l 33 000 angol fontr\u00f3l indul. Ez az \u00e1rkateg\u00f3ria nagyj\u00e1b\u00f3l egy szintre helyezi az EX30-at olyan n\u00e9pszer\u0171 elektromos modellekkel, mint p\u00e9ld\u00e1ul a Vauxhall Mokka Electric, az Abarth 600 (\u00e9s annak testv\u00e9rmodellje, a Fiat 600), illetve a Jeep Avenger. Ezek mind hasonl\u00f3 m\u00e9ret\u0171 \u00e9s st\u00edlus\u00fa v\u00e1rosi SUV-k, de az EX30 pr\u00e9mium jellege m\u00e9gis kiemeli k\u00f6z\u00fcl\u00fck.<\/p>\n<p>A k\u00f6vetkez\u0151 l\u00e9pcs\u0151fok az \u201eExtended Range\u201d n\u00e9vre keresztelt v\u00e1ltozat, amely nagyj\u00e1b\u00f3l 37 500 fontt\u00f3l \u00e9rhet\u0151 el. Ez a modell alapvet\u0151en ugyanazt az aut\u00f3t takarja, mint az alapv\u00e1ltozat, viszont egy nagyobb kapacit\u00e1s\u00fa akkumul\u00e1tort kapott, amelynek k\u00f6sz\u00f6nhet\u0151en jelent\u0151sen megn\u00f6vekszik az aut\u00f3 hat\u00f3t\u00e1vja, vagyis egy t\u00f6lt\u00e9ssel j\u00f3val hosszabb utakat lehet megtenni. Ez k\u00fcl\u00f6n\u00f6sen hasznos azok sz\u00e1m\u00e1ra, akik gyakrabban utaznak hosszabb t\u00e1vokon, vagy egyszer\u0171en csak nem szeretn\u00e9nek t\u00fal gyakran t\u00f6lt\u0151\u00e1llom\u00e1st keresni. Ebben a modellben egy energiatakar\u00e9kos h\u0151szivatty\u00fa is helyet kapott, amely f\u0151k\u00e9nt hidegebb id\u0151j\u00e1r\u00e1si k\u00f6r\u00fclm\u00e9nyek k\u00f6z\u00f6tt bizonyul rendk\u00edv\u00fcl hasznosnak, hiszen ilyenkor \u00e1ltal\u00e1ban cs\u00f6kken az elektromos aut\u00f3k hat\u00e9konys\u00e1ga. A h\u0151szivatty\u00fa seg\u00edt abban, hogy az akkumul\u00e1tor teljes\u00edtm\u00e9nye ne romoljon le jelent\u0151sen, \u00edgy a t\u00e9li h\u00f3napokban is biztos\u00edtott marad a megfelel\u0151 hat\u00f3t\u00e1vols\u00e1g.<\/p>\n","protected":false},"excerpt":{"rendered":"<p>Az \u00e9rintett \u00fatszakaszon teljes \u00fatlez\u00e1r\u00e1s van \u2013 \u00edrja a katasztr\u00f3fav\u00e9delem. Az utasok k\u00f6z\u00fcl t\u00f6bben s\u00fal\/os\/n is me\/s\u00e9r\/l\/ek. C\u00edmlap I\/luszt\/\u00e1ci\u00f3! Forr\u00e1s:&#8230; <span class=\"gridview-grid-post-read-more\"><a href=\"https:\/\/matrend.hu\/maitrend\/?p=2929\">read more<span class=\"gridview-sr-only\"> Legsz\u00f6rny\u0171bb BUSZ balesete t\u00f6rt\u00e9nt<\/span><\/a><\/span><\/p>\n","protected":false},"author":1,"featured_media":2930,"comment_status":"open","ping_status":"open","sticky":false,"template":"","format":"standard","meta":{"footnotes":""},"categories":[1],"tags":[],"class_list":["post-2929","post","type-post","status-publish","format-standard","has-post-thumbnail","hentry","category-egyeb","wpcat-1-id"],"_links":{"self":[{"href":"https:\/\/matrend.hu\/maitrend\/index.php?rest_route=\/wp\/v2\/posts\/2929","targetHints":{"allow":["GET"]}}],"collection":[{"href":"https:\/\/matrend.hu\/maitrend\/index.php?rest_route=\/wp\/v2\/posts"}],"about":[{"href":"https:\/\/matrend.hu\/maitrend\/index.php?rest_route=\/wp\/v2\/types\/post"}],"author":[{"embeddable":true,"href":"https:\/\/matrend.hu\/maitrend\/index.php?rest_route=\/wp\/v2\/users\/1"}],"replies":[{"embeddable":true,"href":"https:\/\/matrend.hu\/maitrend\/index.php?rest_route=%2Fwp%2Fv2%2Fcomments&post=2929"}],"version-history":[{"count":1,"href":"https:\/\/matrend.hu\/maitrend\/index.php?rest_route=\/wp\/v2\/posts\/2929\/revisions"}],"predecessor-version":[{"id":2931,"href":"https:\/\/matrend.hu\/maitrend\/index.php?rest_route=\/wp\/v2\/posts\/2929\/revisions\/2931"}],"wp:featuredmedia":[{"embeddable":true,"href":"https:\/\/matrend.hu\/maitrend\/index.php?rest_route=\/wp\/v2\/media\/2930"}],"wp:attachment":[{"href":"https:\/\/matrend.hu\/maitrend\/index.php?rest_route=%2Fwp%2Fv2%2Fmedia&parent=2929"}],"wp:term":[{"taxonomy":"category","embeddable":true,"href":"https:\/\/matrend.hu\/maitrend\/index.php?rest_route=%2Fwp%2Fv2%2Fcategories&post=2929"},{"taxonomy":"post_tag","embeddable":true,"href":"https:\/\/matrend.hu\/maitrend\/index.php?rest_route=%2Fwp%2Fv2%2Ftags&post=2929"}],"curies":[{"name":"wp","href":"https:\/\/api.w.org\/{rel}","templated":true}]}}