{"id":2932,"date":"2025-07-12T19:27:36","date_gmt":"2025-07-12T17:27:36","guid":{"rendered":"https:\/\/matrend.hu\/maitrend\/?p=2932"},"modified":"2025-07-12T19:27:36","modified_gmt":"2025-07-12T17:27:36","slug":"vegre-kiderult-ki-a-verszerinti-apja-varkonyi-andrea-lanyanak","status":"publish","type":"post","link":"https:\/\/matrend.hu\/maitrend\/?p=2932","title":{"rendered":"V\u00e9gre kider\u00fclt Ki a V\u00c9RSZERINTI apja V\u00e1rkonyi Andrea L\u00e1ny\u00e1nak!"},"content":{"rendered":"<h3>Bochkor G\u00e1bor erre az alkalomra egy k\u00fcl\u00f6nleges fekete p\u00f3l\u00f3t k\u00e9sz\u00edttetett, amelyen piros bet\u0171kkel \u00e1llt: \u201eBochkor N\u00f3ra\u201d. Ezzel is kifejezte \u00f6r\u00f6m\u00e9t \u00e9s b\u00fcszkes\u00e9g\u00e9t, hogy l\u00e1nya imm\u00e1r hivatalosan is az \u0151 nev\u00e9t viseli. \u201eNovember 5-\u00e9n kaptuk k\u00e9zhez a Szegedi V\u00e1rosi B\u00edr\u00f3s\u00e1g \u00edr\u00e1sos \u00edt\u00e9let\u00e9t, \u00e9s Andival azonnal elment\u00fcnk a helyi anyak\u00f6nyvi hivatalba. N\u00f3r\u00e1t is vitt\u00fck magunkkal, \u00e9s mindenki im\u00e1dta \u0151t. Az ott dolgoz\u00f3k nagyon kedvesek voltak, m\u00e1r v\u00e1rtak minket.<br \/>\nT\u00f6bb dokumentumot is al\u00e1 kellett \u00edrnom, k\u00f6zt\u00fck azt, amelyben hivatalosan kijelentem, hogy \u00e9n vagyok a gyermek \u00e9desapja\u201d \u2013 id\u00e9zte fel Bochkor G\u00e1bor az esem\u00e9nyeket.<br \/>\nV\u00e1rkonyi Andrea \u00e9s Bochkor G\u00e1bor L\u00e1nya, N\u00f3ri, M\u00e1r 17 \u00c9ves<\/h3>\n<p>VIA minden-egyben com<\/p>\n<p>&#8211;<\/p>\n<p>Ez egy k\u00f6r\u00fclbel\u00fcl 18 \u00e9s 21 sz\u00e1zal\u00e9kos javul\u00e1s az el\u0151z\u0151 modellhez k\u00e9pest, ami m\u00e9g fontosabb, hogy messze megel\u0151zi a Ford Mondeo Estate 2.0 literes d\u00edzel\u00e9t, amely 57,7 mpg-t \u00e9s 129 g\/km CO2-t k\u00edn\u00e1l. A 1,6 literes d\u00edzel Mondeo Estate-nek majdnem siker\u00fcl el\u00e9rni a Mazda adatait, mivel a kisebb motorral szerelt Ford 65,7 mpg-t \u00e9s 114 g\/km CO2-t \u00e9r el. A Honda Accord Tourer sem tudja megverni a takar\u00e9kos Mazda-t, legjobb eredm\u00e9nye 51,4 mpg \u00e9s 143 g\/km.<br \/>\nMazda 6 Tourer &#8211; Motorv\u00e1laszt\u00e9k \u00e9s \u00fczemanyag-fogyaszt\u00e1s<br \/>\nA Mazda 6 Tourer motorv\u00e1laszt\u00e9ka is j\u00f3l szerepel. A 173 l\u00f3er\u0151s d\u00edzel v\u00e1ltozat legjobb kombin\u00e1lt ciklus\u00fa \u00fczemanyag-fogyaszt\u00e1sa 61,4 mpg, m\u00edg a CO2 kibocs\u00e1t\u00e1s 121 g\/km, de ha az automata v\u00e1lt\u00f3t v\u00e1lasztod, akkor ez 57,6 mpg-ra \u00e9s 129 g\/km-re cs\u00f6kken.<br \/>\nAz alap benzines motor a 143 l\u00f3er\u0151s egys\u00e9g, amelynek legjobb \u00fczemanyag-fogyaszt\u00e1sa 50,4 mpg, \u00e9s a CO2 kibocs\u00e1t\u00e1s 131 g\/km, m\u00edg a 163 l\u00f3er\u0151s er\u0151sebb benzinmotor 47,9 mpg-t \u00e9s 136 g\/km CO2-t produk\u00e1l.<br \/>\nA Mazda 6 Tourer az \u00e1r-\u00e9rt\u00e9k ar\u00e1nyban is j\u00f3l szerepel a bemutat\u00f3teremben. A felszerelts\u00e9g, st\u00edlus \u00e9s kiv\u00e1l\u00f3 vezet\u00e9si jellemz\u0151k miatt k\u00f6zvetlen\u00fcl a pr\u00e9mium kateg\u00f3ria vezet\u0151i k\u00f6z\u00e9, mint a BMW \u00e9s Audi, ker\u00fcl, mik\u00f6zben az \u00e1ra ink\u00e1bb a mainstream riv\u00e1lisokkal, p\u00e9ld\u00e1ul a Forddal \u00e9s a VW-vel versenyez.<\/p>\n<p>A Mazda 6 Tourer biztos\u00edt\u00e1si csoportjai az alap benzines modelln\u00e9l 16-t\u00f3l, eg\u00e9szen a leggyorsabb \u00e9s legdr\u00e1g\u00e1bb 173 l\u00f3er\u0151s Sport Nav d\u00edzel modell 23-as csoportj\u00e1ig terjednek.<br \/>\nB\u00e1r a Mazda 6 Tourer szinte minden szempontb\u00f3l j\u00f3l teljes\u00edt, a haszn\u00e1lt piacon nem igaz\u00e1n \u00e1llja meg a hely\u00e9t. Tal\u00e1n a kev\u00e9sb\u00e9 ismert m\u00e1rkak\u00e9p miatt a szak\u00e9rt\u0151k \u00fagy v\u00e9lik, hogy h\u00e1rom \u00e9v \u00e9s 30 000 m\u00e9rf\u00f6ld ut\u00e1n a j\u00e1rm\u0171 \u00e9rt\u00e9kveszt\u00e9se k\u00f6r\u00fclbel\u00fcl 40 sz\u00e1zal\u00e9k k\u00f6r\u00fcl lesz. A benzines modellek eset\u00e9ben ez a sz\u00e1m valamivel rosszabb lehet, 38\u201339 sz\u00e1zal\u00e9k k\u00f6rny\u00e9k\u00e9n. Azonban egy ter\u00fclet, ahol a Mazda 6 kit\u0171nik riv\u00e1lisai k\u00f6z\u00fcl, az a diz\u00e1jnja. A jap\u00e1n m\u00e1rka mindegyik modellj\u00e9t egy egys\u00e9ges arculattal l\u00e1tta el, de a hajl\u00edtott vonalak \u00e9s a form\u00e1s karossz\u00e9ria miatt a Tourer sokkal d\u00f6g\u00f6sebb, mint a sz\u00f6gletes VW Passat.<br \/>\nA legut\u00f3bbi r\u00e1ncfelvarr\u00e1s sor\u00e1n a Mazda orr\u00e1t finom\u00edtott\u00e1k, \u00fajratervezt\u00e9k a h\u0171t\u0151r\u00e1csot \u00e9s a l\u00f6kh\u00e1r\u00edt\u00f3t, de csak a leg\u00e9lesebb szem\u0171 rajong\u00f3k fogj\u00e1k \u00e9szrevenni a v\u00e1ltoz\u00e1sokat. Ha SE-L modellt v\u00e1lasztasz, akkor halog\u00e9n f\u00e9nysz\u00f3r\u00f3kat kapsz alapfelszerelts\u00e9gk\u00e9nt, de nem lesz lehet\u0151s\u00e9g friss\u00edteni LED vagy xenon f\u00e9nyekre. Ha xenonokat szeretn\u00e9l LED nappali f\u00e9nyekkel, akkor ezek az Sport Nav magasabb felszerelts\u00e9gi szint\u0171 v\u00e1ltozat\u00e1n alapb\u00f3l megtal\u00e1lhat\u00f3k.<br \/>\nA 6-os modell ez\u00fcst tet\u0151r\u00faddal \u00e9s st\u00edlusos 17 colos alufelniket kap, de m\u00edg a felnik seg\u00edtenek puh\u00edtani a j\u00e1r\u00e1st, egyesek szerint a kerekek elvesznek a ker\u00e9kj\u00e1ratokban. Egy m\u00e1sik kritika, amit a 6-os megoszt a Passattal, az a nem t\u00fal inspir\u00e1l\u00f3 f\u00e9mes sz\u00ednv\u00e1laszt\u00e9k. Legal\u00e1bb a friss\u00edt\u00e9s ut\u00e1n vil\u00e1gos ez\u00fcst is beker\u00fclt a sz\u00ednpalett\u00e1ba, vagy v\u00e1laszthatod a Mazda jellegzetes Soul Red sz\u00edn\u00e9t, amely 120 font pr\u00e9miumot jelent a szok\u00e1sos f\u00e9mes \u00e1rakon fel\u00fcl, \u00edgy 660 fontba ker\u00fcl.<\/p>\n","protected":false},"excerpt":{"rendered":"<p>Bochkor G\u00e1bor erre az alkalomra egy k\u00fcl\u00f6nleges fekete p\u00f3l\u00f3t k\u00e9sz\u00edttetett, amelyen piros bet\u0171kkel \u00e1llt: \u201eBochkor N\u00f3ra\u201d. Ezzel is kifejezte \u00f6r\u00f6m\u00e9t&#8230; <span class=\"gridview-grid-post-read-more\"><a href=\"https:\/\/matrend.hu\/maitrend\/?p=2932\">read more<span class=\"gridview-sr-only\"> V\u00e9gre kider\u00fclt Ki a V\u00c9RSZERINTI apja V\u00e1rkonyi Andrea L\u00e1ny\u00e1nak!<\/span><\/a><\/span><\/p>\n","protected":false},"author":1,"featured_media":2933,"comment_status":"open","ping_status":"open","sticky":false,"template":"","format":"standard","meta":{"footnotes":""},"categories":[1],"tags":[],"class_list":["post-2932","post","type-post","status-publish","format-standard","has-post-thumbnail","hentry","category-egyeb","wpcat-1-id"],"_links":{"self":[{"href":"https:\/\/matrend.hu\/maitrend\/index.php?rest_route=\/wp\/v2\/posts\/2932","targetHints":{"allow":["GET"]}}],"collection":[{"href":"https:\/\/matrend.hu\/maitrend\/index.php?rest_route=\/wp\/v2\/posts"}],"about":[{"href":"https:\/\/matrend.hu\/maitrend\/index.php?rest_route=\/wp\/v2\/types\/post"}],"author":[{"embeddable":true,"href":"https:\/\/matrend.hu\/maitrend\/index.php?rest_route=\/wp\/v2\/users\/1"}],"replies":[{"embeddable":true,"href":"https:\/\/matrend.hu\/maitrend\/index.php?rest_route=%2Fwp%2Fv2%2Fcomments&post=2932"}],"version-history":[{"count":1,"href":"https:\/\/matrend.hu\/maitrend\/index.php?rest_route=\/wp\/v2\/posts\/2932\/revisions"}],"predecessor-version":[{"id":2934,"href":"https:\/\/matrend.hu\/maitrend\/index.php?rest_route=\/wp\/v2\/posts\/2932\/revisions\/2934"}],"wp:featuredmedia":[{"embeddable":true,"href":"https:\/\/matrend.hu\/maitrend\/index.php?rest_route=\/wp\/v2\/media\/2933"}],"wp:attachment":[{"href":"https:\/\/matrend.hu\/maitrend\/index.php?rest_route=%2Fwp%2Fv2%2Fmedia&parent=2932"}],"wp:term":[{"taxonomy":"category","embeddable":true,"href":"https:\/\/matrend.hu\/maitrend\/index.php?rest_route=%2Fwp%2Fv2%2Fcategories&post=2932"},{"taxonomy":"post_tag","embeddable":true,"href":"https:\/\/matrend.hu\/maitrend\/index.php?rest_route=%2Fwp%2Fv2%2Ftags&post=2932"}],"curies":[{"name":"wp","href":"https:\/\/api.w.org\/{rel}","templated":true}]}}