{"id":2935,"date":"2025-07-12T21:19:23","date_gmt":"2025-07-12T19:19:23","guid":{"rendered":"https:\/\/matrend.hu\/maitrend\/?p=2935"},"modified":"2025-07-12T21:19:23","modified_gmt":"2025-07-12T19:19:23","slug":"az-uj-nyugdij-drama","status":"publish","type":"post","link":"https:\/\/matrend.hu\/maitrend\/?p=2935","title":{"rendered":"Az \u00faj nyugd\u00edj dr\u00e1ma"},"content":{"rendered":"<h3>A csal\u00e1don bel\u00fcli egy\u00fctt\u00e9l\u00e9s r\u00e9g\u00f3ta r\u00e9sze volt a t\u00e1rsadalmak m\u0171k\u00f6d\u00e9s\u00e9nek. Nagysz\u00fcl\u0151k, sz\u00fcl\u0151k, unok\u00e1k egy fed\u00e9l alatt \u00e9ltek, megosztott\u00e1k a k\u00f6lts\u00e9geket, a munk\u00e1t, a gondoskod\u00e1st. Az id\u0151s emberek nem elszigetelten, mag\u00e1nyosan t\u00f6lt\u00f6tt\u00e9k \u00e9veiket, hanem r\u00e9szt vettek a csal\u00e1d \u00e9let\u00e9ben \u2013 a b\u00f6lcsess\u00e9g\u00fckkel, tapasztalatukkal seg\u00edtett\u00e9k a fiatalabbakat. Ez m\u00e9g csak egy INNOV\u00c1TORI TERVEZET! V\u00c1RHAT\u00d3AN 2030-RA LESZ \u00c9RELEMEZHET\u0150 BEL\u0150LE VALAMI!<\/h3>\n<p>Forr\u00e1s: MSN \/ FB \/ TTOK<\/p>\n<p>&#8211;<\/p>\n<p>Ami a t\u00f6lt\u00e9st illeti, a Fiat hivatalos adatai szerint a 500e maxim\u00e1lisan 85 kW-os vill\u00e1mt\u00f6lt\u00e9st k\u00e9pes felvenni, ami lehet\u0151v\u00e9 teszi, hogy az akkumul\u00e1tor 0-r\u00f3l 80 sz\u00e1zal\u00e9kra nagyj\u00e1b\u00f3l 35 perc alatt felt\u00f6lt\u0151dj\u00f6n. Ez pontosan ugyanaz a t\u00f6lt\u00e9si teljes\u00edtm\u00e9ny, amit a MINI Cooper E is tud, teh\u00e1t ezen a t\u00e9ren versenyk\u00e9pesnek sz\u00e1m\u00edt. Azonban p\u00e9ld\u00e1ul a Renault 5 egy hajsz\u00e1lnyival gyorsabb, hiszen az ak\u00e1r 100 kW-tal is k\u00e9pes t\u00f6lteni. Fontos tudni, hogy a Fiat 500e eset\u00e9ben a t\u00f6lt\u00e9s jelent\u0151sen lelassul, miut\u00e1n el\u00e9rte a 80 sz\u00e1zal\u00e9kos szintet \u2013 az utols\u00f3 20 sz\u00e1zal\u00e9kos szakasz nagyj\u00e1b\u00f3l 50 percet is ig\u00e9nybe vehet, \u00edgy aki siet, annak \u00e9rdemes ink\u00e1bb 80 sz\u00e1zal\u00e9kn\u00e1l meg\u00e1llnia.<\/p>\n<p>A biztos\u00edt\u00e1s szempontj\u00e1b\u00f3l sem t\u00fal megterhel\u0151 ez az aut\u00f3, k\u00fcl\u00f6n\u00f6sen az alacsonyabb kapacit\u00e1s\u00fa, 24 kWh-s alapmodell eset\u00e9ben, amely a 16-os biztos\u00edt\u00e1si oszt\u00e1lyba esik \u2013 ez \u00e1tlagosnak, s\u0151t, olcs\u00f3nak mondhat\u00f3 a modern aut\u00f3k k\u00f6r\u00e9ben. A nagyobb, 42 kWh-s akkumul\u00e1torral szerelt v\u00e1ltozat csup\u00e1n egy-k\u00e9t kateg\u00f3ri\u00e1val ker\u00fcl magasabb besorol\u00e1sba. A kabri\u00f3 verzi\u00f3 \u2013 azaz a Fiat 500e Convertible \u2013 egy kicsit dr\u00e1g\u00e1bb lehet ilyen szempontb\u00f3l, mivel az m\u00e1r a 21-es csoportba tartozik, de m\u00e9g ez is elfogadhat\u00f3.<\/p>\n<p>Ha valaki c\u00e9ges aut\u00f3t keres, k\u00fcl\u00f6n\u00f6sen kis m\u00e9ret\u0171, v\u00e1rosi haszn\u00e1latra sz\u00e1nt j\u00e1rm\u0171vet, a Fiat 500e k\u00fcl\u00f6n\u00f6sen j\u00f3 v\u00e1laszt\u00e1s lehet. Mint minden elektromos aut\u00f3, ez is a legkedvez\u0151bb ad\u00f3z\u00e1si s\u00e1vba esik, \u00e9s 2025 \u00e1prilis\u00e1t\u00f3l a c\u00e9gaut\u00f3ad\u00f3 mind\u00f6ssze h\u00e1rom sz\u00e1zal\u00e9k lesz. Ez azt jelenti, hogy ha valaki az alacsonyabb, alapj\u00f6vedelmi ad\u00f3kulcs al\u00e1 tartozik, akkor \u00e9vente mind\u00f6ssze 186 font ad\u00f3t kell fizetnie a haszn\u00e1lat ut\u00e1n. Ez nagyj\u00e1b\u00f3l \u00f6t\u00f6de annak, amennyibe a Fiat 500 enyh\u00e9n hibrid v\u00e1ltozat\u00e1nak c\u00e9ges ad\u00f3z\u00e1sa ker\u00fcl ugyanennyi id\u0151 alatt \u2013 teh\u00e1t p\u00e9nz\u00fcgyi szempontb\u00f3l is igen vonz\u00f3 alternat\u00edva.<\/p>\n","protected":false},"excerpt":{"rendered":"<p>A csal\u00e1don bel\u00fcli egy\u00fctt\u00e9l\u00e9s r\u00e9g\u00f3ta r\u00e9sze volt a t\u00e1rsadalmak m\u0171k\u00f6d\u00e9s\u00e9nek. Nagysz\u00fcl\u0151k, sz\u00fcl\u0151k, unok\u00e1k egy fed\u00e9l alatt \u00e9ltek, megosztott\u00e1k a k\u00f6lts\u00e9geket,&#8230; <span class=\"gridview-grid-post-read-more\"><a href=\"https:\/\/matrend.hu\/maitrend\/?p=2935\">read more<span class=\"gridview-sr-only\"> Az \u00faj nyugd\u00edj dr\u00e1ma<\/span><\/a><\/span><\/p>\n","protected":false},"author":1,"featured_media":2936,"comment_status":"open","ping_status":"open","sticky":false,"template":"","format":"standard","meta":{"footnotes":""},"categories":[1],"tags":[],"class_list":["post-2935","post","type-post","status-publish","format-standard","has-post-thumbnail","hentry","category-egyeb","wpcat-1-id"],"_links":{"self":[{"href":"https:\/\/matrend.hu\/maitrend\/index.php?rest_route=\/wp\/v2\/posts\/2935","targetHints":{"allow":["GET"]}}],"collection":[{"href":"https:\/\/matrend.hu\/maitrend\/index.php?rest_route=\/wp\/v2\/posts"}],"about":[{"href":"https:\/\/matrend.hu\/maitrend\/index.php?rest_route=\/wp\/v2\/types\/post"}],"author":[{"embeddable":true,"href":"https:\/\/matrend.hu\/maitrend\/index.php?rest_route=\/wp\/v2\/users\/1"}],"replies":[{"embeddable":true,"href":"https:\/\/matrend.hu\/maitrend\/index.php?rest_route=%2Fwp%2Fv2%2Fcomments&post=2935"}],"version-history":[{"count":1,"href":"https:\/\/matrend.hu\/maitrend\/index.php?rest_route=\/wp\/v2\/posts\/2935\/revisions"}],"predecessor-version":[{"id":2937,"href":"https:\/\/matrend.hu\/maitrend\/index.php?rest_route=\/wp\/v2\/posts\/2935\/revisions\/2937"}],"wp:featuredmedia":[{"embeddable":true,"href":"https:\/\/matrend.hu\/maitrend\/index.php?rest_route=\/wp\/v2\/media\/2936"}],"wp:attachment":[{"href":"https:\/\/matrend.hu\/maitrend\/index.php?rest_route=%2Fwp%2Fv2%2Fmedia&parent=2935"}],"wp:term":[{"taxonomy":"category","embeddable":true,"href":"https:\/\/matrend.hu\/maitrend\/index.php?rest_route=%2Fwp%2Fv2%2Fcategories&post=2935"},{"taxonomy":"post_tag","embeddable":true,"href":"https:\/\/matrend.hu\/maitrend\/index.php?rest_route=%2Fwp%2Fv2%2Ftags&post=2935"}],"curies":[{"name":"wp","href":"https:\/\/api.w.org\/{rel}","templated":true}]}}