{"id":2938,"date":"2025-07-13T18:40:03","date_gmt":"2025-07-13T16:40:03","guid":{"rendered":"https:\/\/matrend.hu\/maitrend\/?p=2938"},"modified":"2025-07-13T18:40:03","modified_gmt":"2025-07-13T16:40:03","slug":"a-teve-elott-lett-rosszul-ujabb-sztrokot-kapott-schobert-norbi","status":"publish","type":"post","link":"https:\/\/matrend.hu\/maitrend\/?p=2938","title":{"rendered":"A t\u00e9v\u00e9 el\u0151tt lett rosszul. \u00dajabb sztr\u00f3kot kapott Schobert Norbi"},"content":{"rendered":"<h3>Igaz\u00e1b\u00f3l k\u00e9t sztr\u00f3kom volt. Az egyik a h\u00e1zunk el\u0151tt, a m\u00e1sik m\u00e1sf\u00e9l \u00e9vvel ezel\u0151tt a tv el\u0151tt! &#8211; nyilatkozta.<\/h3>\n<p>Forr\u00e1s: MSN \/ FB \/ SZNI<\/p>\n<p>&#8211;<\/p>\n<p>Az Ioniq 9 \u00e9l\u0151ben sokkal l\u00e1tv\u00e1nyosabb \u00e9s meggy\u0151z\u0151bb, mint k\u00e9peken. Az ar\u00e1nyai els\u0151re tal\u00e1n furcs\u00e1nak t\u0171nnek, de ahogy egyre t\u00f6bbet n\u00e9zi az ember, \u00fagy \u00e1ll \u00f6ssze az \u00f6sszk\u00e9p. Rengeteg apr\u00f3 r\u00e9szletet fedezhet\u00fcnk fel rajta: p\u00e9ld\u00e1ul az elrejtett mint\u00e1zatokat az els\u0151 h\u0171t\u0151r\u00e1cs m\u00f6g\u00f6tt, vagy azokat a k\u00fcl\u00f6nleges felniket, amelyek olyan hat\u00e1st keltenek, mintha a \u201970-es \u00e9vek Alpina modelljeir\u0151l sz\u00e1rmazn\u00e1nak \u2013 csak \u00e9ppen ezek 21 colosak, nem 15-\u00f6sek. H\u00e1tulr\u00f3l n\u00e9zve pedig szinte olyan, mintha egy id\u0151g\u00e9pen utaz\u00f3 Volvo V70 m\u00e1sodik gener\u00e1ci\u00f3j\u00e1t l\u00e1tn\u00e1nk \u2013 egy kicsit retr\u00f3, m\u00e9gis modern.<\/p>\n<p>Ebben a mai vil\u00e1gban, ahol a legt\u00f6bb elektromos aut\u00f3 egyform\u00e1nak t\u0171n\u0151, sima \u00e9s g\u00f6mb\u00f6ly\u0171 form\u00e1kat kap, az Ioniq 9 \u00fcd\u00edt\u0151 kiv\u00e9tel. Saj\u00e1tos st\u00edlusa van. K\u00e9ts\u00e9gtelen\u00fcl SUV, de az oldals\u00f3 sziluettje \u00e9s a h\u00e1ts\u00f3 kialak\u00edt\u00e1sa miatt van benne valami MPV-s (egyter\u0171s) \u00e9s kombis jelleg is. Ha k\u00f6zelebbr\u0151l megn\u00e9zz\u00fck, akkor m\u00e9g t\u00f6bb r\u00e9szletet felfedezhet\u00fcnk: p\u00e9ld\u00e1ul a szoborszer\u0171 als\u00f3 karossz\u00e9ri\u00e1t, az akt\u00edv l\u00e9gbe\u00f6ml\u0151ket, a k\u00fcl\u00f6nleges h\u00e1ts\u00f3 kialak\u00edt\u00e1st, amely cs\u00f6kkenti a l\u00e9gellen\u00e1ll\u00e1st, vagy a versenyaut\u00f3kra eml\u00e9keztet\u0151 \u201eCoke-bottle\u201d sziluettet (ami a palackform\u00e1r\u00f3l kapta a nev\u00e9t).<\/p>\n<p>Ennek az alapos formatervez\u00e9snek meg is van az eredm\u00e9nye: az Ioniq 9 l\u00e9gellen\u00e1ll\u00e1si egy\u00fctthat\u00f3ja mind\u00f6ssze 0,26 \u2013 vagy 0,27, ha nem digit\u00e1lis t\u00fckr\u00f6ket, hanem hagyom\u00e1nyosakat k\u00e9r\u00fcnk, ahogy a legt\u00f6bb v\u00e1s\u00e1rl\u00f3 val\u00f3sz\u00edn\u0171leg fogja. Ez kimondottan leny\u0171g\u00f6z\u0151 \u00e9rt\u00e9k, f\u0151leg egy ilyen nagy aut\u00f3 eset\u00e9ben. \u00d6sszehasonl\u00edt\u00e1sk\u00e9pp: a kisebb Ioniq 5 l\u00e9gellen\u00e1ll\u00e1si \u00e9rt\u00e9ke 0,29, az EV9-\u00e9 pedig 0,28 \u2013 teh\u00e1t az Ioniq 9 nemcsak form\u00e1sabb, hanem aerodinamikailag is hat\u00e9konyabb.<\/p>\n","protected":false},"excerpt":{"rendered":"<p>Igaz\u00e1b\u00f3l k\u00e9t sztr\u00f3kom volt. Az egyik a h\u00e1zunk el\u0151tt, a m\u00e1sik m\u00e1sf\u00e9l \u00e9vvel ezel\u0151tt a tv el\u0151tt! &#8211; nyilatkozta. Forr\u00e1s:&#8230; <span class=\"gridview-grid-post-read-more\"><a href=\"https:\/\/matrend.hu\/maitrend\/?p=2938\">read more<span class=\"gridview-sr-only\"> A t\u00e9v\u00e9 el\u0151tt lett rosszul. \u00dajabb sztr\u00f3kot kapott Schobert Norbi<\/span><\/a><\/span><\/p>\n","protected":false},"author":1,"featured_media":2939,"comment_status":"open","ping_status":"open","sticky":false,"template":"","format":"standard","meta":{"footnotes":""},"categories":[1],"tags":[],"class_list":["post-2938","post","type-post","status-publish","format-standard","has-post-thumbnail","hentry","category-egyeb","wpcat-1-id"],"_links":{"self":[{"href":"https:\/\/matrend.hu\/maitrend\/index.php?rest_route=\/wp\/v2\/posts\/2938","targetHints":{"allow":["GET"]}}],"collection":[{"href":"https:\/\/matrend.hu\/maitrend\/index.php?rest_route=\/wp\/v2\/posts"}],"about":[{"href":"https:\/\/matrend.hu\/maitrend\/index.php?rest_route=\/wp\/v2\/types\/post"}],"author":[{"embeddable":true,"href":"https:\/\/matrend.hu\/maitrend\/index.php?rest_route=\/wp\/v2\/users\/1"}],"replies":[{"embeddable":true,"href":"https:\/\/matrend.hu\/maitrend\/index.php?rest_route=%2Fwp%2Fv2%2Fcomments&post=2938"}],"version-history":[{"count":1,"href":"https:\/\/matrend.hu\/maitrend\/index.php?rest_route=\/wp\/v2\/posts\/2938\/revisions"}],"predecessor-version":[{"id":2941,"href":"https:\/\/matrend.hu\/maitrend\/index.php?rest_route=\/wp\/v2\/posts\/2938\/revisions\/2941"}],"wp:featuredmedia":[{"embeddable":true,"href":"https:\/\/matrend.hu\/maitrend\/index.php?rest_route=\/wp\/v2\/media\/2939"}],"wp:attachment":[{"href":"https:\/\/matrend.hu\/maitrend\/index.php?rest_route=%2Fwp%2Fv2%2Fmedia&parent=2938"}],"wp:term":[{"taxonomy":"category","embeddable":true,"href":"https:\/\/matrend.hu\/maitrend\/index.php?rest_route=%2Fwp%2Fv2%2Fcategories&post=2938"},{"taxonomy":"post_tag","embeddable":true,"href":"https:\/\/matrend.hu\/maitrend\/index.php?rest_route=%2Fwp%2Fv2%2Ftags&post=2938"}],"curies":[{"name":"wp","href":"https:\/\/api.w.org\/{rel}","templated":true}]}}