{"id":2951,"date":"2025-07-13T20:37:36","date_gmt":"2025-07-13T18:37:36","guid":{"rendered":"https:\/\/matrend.hu\/maitrend\/?p=2951"},"modified":"2025-07-13T20:37:36","modified_gmt":"2025-07-13T18:37:36","slug":"baj-van-kilyukadt-a-csernobili-szarkofag-ezt-kell-tenni","status":"publish","type":"post","link":"https:\/\/matrend.hu\/maitrend\/?p=2951","title":{"rendered":"Baj van: Kilyukadt a csernobili szarkof\u00e1g! EZT KELL TENNI!"},"content":{"rendered":"<h3>A puszt\u00edt\u00e1s m\u00e9rt\u00e9ke megd\u00f6bbent\u0151, a jav\u00edt\u00e1s v\u00e1rhat\u00f3 k\u00f6lts\u00e9ge milli\u00f3kban m\u00e9rhet\u0151 doll\u00e1rban, de a val\u00f3di \u00e1r a potenci\u00e1lis \u00f6kol\u00f3giai \u00f6sszeoml\u00e1s lehet. Ha a s\u00e9r\u00fclt szerkezetet nem \u00e1ll\u00edtj\u00e1k helyre vill\u00e1mgyorsan, Csernobil \u00fajra m\u00e9rgez\u0151 felh\u0151ket ok\u00e1dhat Eur\u00f3pa f\u00f6l\u00e9. A munka azonban r\u00e9miszt\u0151en vesz\u00e9lyes: a beavatkoz\u00e1s csak a helysz\u00ednen v\u00e9gezhet\u0151 el, ahol a dolgoz\u00f3k massz\u00edv sug\u00e1rd\u00f3zisnak lenn\u00e9nek kit\u00e9ve. A tervez\u00e9sn\u00e9l prec\u00edzen ki kell sz\u00e1m\u00edtani, ki mennyi id\u0151t t\u00f6lthet odabent, \u00e9s milyen v\u00e1lt\u00e1sokban dolgozhatnak \u2013 mert minden elvesztegetett \u00f3ra k\u00f6zelebb visz minket egy \u00fajabb r\u00e9m\u00e1lomhoz.<\/h3>\n<p>VIA magyarhirlap<\/p>\n<p>&#8211;<\/p>\n<p>A Volvo folytatja a r\u00e9g\u00f3ta tart\u00f3 hagyom\u00e1ny\u00e1t, miszerint emelt hasmagass\u00e1g\u00fa, terepre alkalmas kombikat k\u00edn\u00e1l a V90 Cross Country modellj\u00e9vel, m\u00e9ghozz\u00e1 st\u00edlusosan. A Cross Country (vagy r\u00f6viden XC) jelz\u00e9s imm\u00e1r t\u00f6bb mint 20 \u00e9ves m\u00faltra tekint vissza, \u00e9s b\u00e1r a Volvo nem felt\u00e9tlen\u00fcl tal\u00e1lta fel az emelt kombi kateg\u00f3ri\u00e1t, k\u00e9ts\u00e9gtelen\u00fcl az egyik \u00fatt\u00f6r\u0151je volt ennek a form\u00e1tumnak.<br \/>\nA V90 a Volvo \u2018V\u2019 kombi csal\u00e1dj\u00e1ban a V60 \u00e9s a V40 f\u00f6l\u00f6tt helyezkedik el, \u00e9s mindh\u00e1rom modellhez el\u00e9rhet\u0151 Cross Country v\u00e1ltozat. A robusztus karossz\u00e9riaelemek, a n\u00e9gyker\u00e9k-meghajt\u00e1s \u00e9s az emelt hasmagass\u00e1g r\u00e9v\u00e9n a V90 Cross Country \u00fcgyes kompromisszumot teremt egy praktikus, m\u00e9gis eleg\u00e1ns csal\u00e1di aut\u00f3 \u00e9s egy kem\u00e9ny terepj\u00e1r\u00f3 k\u00f6z\u00f6tt. F\u0151bb ellenfelei az Audi A6 Allroad \u00e9s a Mercedes E-Class All Terrain modellek. Felszerelts\u00e9g szempontj\u00e1b\u00f3l a V90 Cross Country j\u00f3val olcs\u00f3bb, mint a nagyobb XC90 SUV, b\u00e1r h\u00e9t\u00fcl\u00e9ses v\u00e1ltozat nem el\u00e9rhet\u0151. Az \u00e1rak valamivel 40 000 font f\u00f6l\u00f6tt kezd\u0151dnek, \u00e9s meghaladj\u00e1k az 50 000 fontot, de b\u0151s\u00e9ges opci\u00f3s list\u00e1b\u00f3l v\u00e1laszthatunk, ha egy kicsit tov\u00e1bb szeretn\u00e9nk tuningolni az aut\u00f3t.<br \/>\nA Cross Country itt ink\u00e1bb egy felszerelts\u00e9gi szint, \u00edgy a v\u00e1ltozatoss\u00e1g nem t\u00fal nagy. Az alapmodell a Momentum szintre \u00e9p\u00fcl, kieg\u00e9sz\u00edtve extra hasmagass\u00e1ggal \u00e9s k\u00fcls\u0151 d\u00edsz\u00edt\u00e9sekkel. Alapfelszerelts\u00e9gei k\u00f6z\u00e9 tartozik a sok biztons\u00e1gi felszerel\u00e9s, elektromosan \u00e1ll\u00edthat\u00f3 \u00e9s f\u0171thet\u0151 b\u0151rk\u00e1rpit, LED f\u00e9nysz\u00f3r\u00f3k, 9 colos portr\u00e9 elrendez\u00e9s\u0171 \u00e9rint\u0151k\u00e9perny\u0151 navig\u00e1ci\u00f3val \u00e9s infotainment rendszerrel, adapt\u00edv tempomat, kulcs n\u00e9lk\u00fcli ind\u00edt\u00e1s, 17 colos k\u00f6nny\u0171f\u00e9m felnik \u00e9s elektromos csomagt\u00e9rajt\u00f3.<\/p>\n<p>A magasabb, Cross Country Pro felszerelts\u00e9gi szint tov\u00e1bbi extr\u00e1kat k\u00edn\u00e1l, mint p\u00e9ld\u00e1ul f\u0171thet\u0151 korm\u00e1nyker\u00e9k \u00e9s sz\u00e9lv\u00e9d\u0151, adapt\u00edv f\u00e9nysz\u00f3r\u00f3k, hangulatvil\u00e1g\u00edt\u00e1s, elektromosan \u00e1ll\u00edthat\u00f3 mem\u00f3ri\u00e1s vezet\u0151\u00fcl\u00e9s, nagyobb, 19 colos felnik \u00e9s egy 12,3 colos digit\u00e1lis m\u0171szeregys\u00e9g.<br \/>\nA motorv\u00e1laszt\u00e9k megegyezik a hagyom\u00e1nyos V90-\u00e9vel, k\u00e9t d\u00edzelmotor k\u00f6z\u00fcl lehet v\u00e1lasztani: a 187 l\u00f3er\u0151s D4 \u00e9s a 232 l\u00f3er\u0151s D5. Furcsa m\u00f3don van egy T6 benzines modell is, de a T8 Twin-Engine plug-in hibrid m\u00e9g nem \u00e9rhet\u0151 el Cross Country v\u00e1ltozatban.<br \/>\nAz eredeti V70 XC megjelen\u00e9se \u00f3ta eltelt k\u00e9t \u00e9vtized, \u00e9s a V90 Cross Country j\u00f3l mutatja, hogy a pr\u00e9mium crossover-kombi tov\u00e1bbra is vonz\u00f3 v\u00e1laszt\u00e1s. B\u00e1r a v\u00e1s\u00e1rl\u00f3k t\u00f6bbs\u00e9ge v\u00e1rhat\u00f3an az XC90 SUV mellett d\u00f6nt majd, a kombi eleg\u00e1ns megjelen\u00e9se, er\u0151s praktikuss\u00e1ga \u00e9s pr\u00e9mium bels\u0151 tere h\u0171s\u00e9ges rajong\u00f3t\u00e1bort biztos\u00edt sz\u00e1m\u00e1ra.<br \/>\nAz aut\u00f3 \u00faton k\u00e9nyelmes fut\u00e1st biztos\u00edt, kiv\u00e1l\u00f3an csillap\u00edtja az \u00fathib\u00e1kat, csendes \u00e9s kifinomult, a d\u00edzelmotorok pedig sim\u00e1n \u00e9s kultur\u00e1ltan m\u0171k\u00f6dnek. A magasabb, l\u00e1gyabb fut\u00f3m\u0171 miatt nem sportaut\u00f3s a kezelhet\u0151s\u00e9ge, de sokkal f\u00fcrg\u00e9bb, mint egy nagy SUV, \u00e9s v\u00e1rhat\u00f3an kedvez\u0151bb lesz a fogyaszt\u00e1sa \u00e9s a k\u00e1rosanyag-kibocs\u00e1t\u00e1sa is, \u00edgy ez egy \u00e9sszer\u0171 \u00e9s eleg\u00e1ns alternat\u00edva azoknak, akik terepk\u00e9pess\u00e9get keresnek, de nem szeretn\u00e9nek t\u00fal nagy terepj\u00e1r\u00f3t.<\/p>\n","protected":false},"excerpt":{"rendered":"<p>A puszt\u00edt\u00e1s m\u00e9rt\u00e9ke megd\u00f6bbent\u0151, a jav\u00edt\u00e1s v\u00e1rhat\u00f3 k\u00f6lts\u00e9ge milli\u00f3kban m\u00e9rhet\u0151 doll\u00e1rban, de a val\u00f3di \u00e1r a potenci\u00e1lis \u00f6kol\u00f3giai \u00f6sszeoml\u00e1s lehet&#8230;. <span class=\"gridview-grid-post-read-more\"><a href=\"https:\/\/matrend.hu\/maitrend\/?p=2951\">read more<span class=\"gridview-sr-only\"> Baj van: Kilyukadt a csernobili szarkof\u00e1g! EZT KELL TENNI!<\/span><\/a><\/span><\/p>\n","protected":false},"author":1,"featured_media":2952,"comment_status":"open","ping_status":"open","sticky":false,"template":"","format":"standard","meta":{"footnotes":""},"categories":[1],"tags":[],"class_list":["post-2951","post","type-post","status-publish","format-standard","has-post-thumbnail","hentry","category-egyeb","wpcat-1-id"],"_links":{"self":[{"href":"https:\/\/matrend.hu\/maitrend\/index.php?rest_route=\/wp\/v2\/posts\/2951","targetHints":{"allow":["GET"]}}],"collection":[{"href":"https:\/\/matrend.hu\/maitrend\/index.php?rest_route=\/wp\/v2\/posts"}],"about":[{"href":"https:\/\/matrend.hu\/maitrend\/index.php?rest_route=\/wp\/v2\/types\/post"}],"author":[{"embeddable":true,"href":"https:\/\/matrend.hu\/maitrend\/index.php?rest_route=\/wp\/v2\/users\/1"}],"replies":[{"embeddable":true,"href":"https:\/\/matrend.hu\/maitrend\/index.php?rest_route=%2Fwp%2Fv2%2Fcomments&post=2951"}],"version-history":[{"count":1,"href":"https:\/\/matrend.hu\/maitrend\/index.php?rest_route=\/wp\/v2\/posts\/2951\/revisions"}],"predecessor-version":[{"id":2953,"href":"https:\/\/matrend.hu\/maitrend\/index.php?rest_route=\/wp\/v2\/posts\/2951\/revisions\/2953"}],"wp:featuredmedia":[{"embeddable":true,"href":"https:\/\/matrend.hu\/maitrend\/index.php?rest_route=\/wp\/v2\/media\/2952"}],"wp:attachment":[{"href":"https:\/\/matrend.hu\/maitrend\/index.php?rest_route=%2Fwp%2Fv2%2Fmedia&parent=2951"}],"wp:term":[{"taxonomy":"category","embeddable":true,"href":"https:\/\/matrend.hu\/maitrend\/index.php?rest_route=%2Fwp%2Fv2%2Fcategories&post=2951"},{"taxonomy":"post_tag","embeddable":true,"href":"https:\/\/matrend.hu\/maitrend\/index.php?rest_route=%2Fwp%2Fv2%2Ftags&post=2951"}],"curies":[{"name":"wp","href":"https:\/\/api.w.org\/{rel}","templated":true}]}}