{"id":2957,"date":"2025-07-14T15:46:32","date_gmt":"2025-07-14T13:46:32","guid":{"rendered":"https:\/\/matrend.hu\/maitrend\/?p=2957"},"modified":"2025-07-14T15:46:36","modified_gmt":"2025-07-14T13:46:36","slug":"meghalt-schmuck-andor","status":"publish","type":"post","link":"https:\/\/matrend.hu\/maitrend\/?p=2957","title":{"rendered":"Meghalt Schmuck Andor"},"content":{"rendered":"<h3>\u201eEgy \u00faj duettbe kezdek: \u00e9n \u00e9s a betegs\u00e9gem. Majd megl\u00e1tjuk, meddig tart ez a dallam.\u201d<br \/>\nA pontos diagn\u00f3zist soha nem \u00e1rulta el \u2013 ezt m\u00e1r mag\u00e1val vitte. Olyan betegs\u00e9g t\u00e1madta meg, amely ellen csak agressz\u00edv \u00e9s \u00e9letment\u0151 ter\u00e1pi\u00e1val lehetett harcolni.<\/h3>\n<p>VIA Index<\/p>\n<p>&#8211;<\/p>\n<p>K\u00edv\u00fclr\u0151l n\u00e9zve az XV formavil\u00e1ga nem v\u00e1ltozott radik\u00e1lisan az el\u0151dj\u00e9hez k\u00e9pest, azonban a finom m\u00f3dos\u00edt\u00e1sok \u2013 p\u00e9ld\u00e1ul a f\u00e9nysz\u00f3r\u00f3k \u00e9s a h\u0171t\u0151r\u00e1cs \u00e1tdolgoz\u00e1sa \u2013 \u00e9lesebb, modernebb megjelen\u00e9st k\u00f6lcs\u00f6n\u00f6znek az aut\u00f3nak. A tet\u0151s\u00ednek \u00e9s a massz\u00edv m\u0171anyag bor\u00edt\u00e1s az \u00edvek \u00e9s l\u00f6kh\u00e1r\u00edt\u00f3k k\u00f6r\u00fcl robusztusabb megjelen\u00e9st adnak, \u00edgy az XV egy testesebb alternat\u00edv\u00e1ja lehet p\u00e9ld\u00e1ul a Toyota CH-R-nek. A sz\u00ednv\u00e1laszt\u00e9k korl\u00e1tozott; mind\u00f6ssze hatf\u00e9le f\u00e9nyez\u00e9s \u00e9rhet\u0151 el, melyek k\u00f6z\u00fcl az egyik kiz\u00e1r\u00f3lag a 2,0 literes motorral kombin\u00e1lhat\u00f3 \u2013 ez j\u00f3val kisebb v\u00e1laszt\u00e9k, mint amit a legt\u00f6bb riv\u00e1lis k\u00edn\u00e1l. A kisebb motorral szerelt modellek 17 colos k\u00f6nny\u0171f\u00e9m felnikkel \u00e9rkeznek, m\u00edg a 2.0 literes v\u00e1ltozatok egy colos m\u00e9retn\u00f6veked\u00e9st kapnak.<\/p>\n<p>Bel\u00fcl az XV megtartja a k\u00fcls\u0151 robusztus karakter\u00e9t. A kezel\u0151szervek kellemesen massz\u00edv \u00e9rzetet ny\u00fajtanak, \u00e9s b\u00e1r nem minden fel\u00fclet k\u00e9sz\u00fclt a VW Tiguan\u00e9hoz hasonl\u00f3 puha tapint\u00e1s\u00fa anyagb\u00f3l, az \u00f6sszhat\u00e1s tart\u00f3s, megb\u00edzhat\u00f3 benyom\u00e1st kelt. B\u00e1r nem olyan eleg\u00e1ns, mint n\u00e9h\u00e1ny versenyt\u00e1rsa, az elrendez\u00e9s praktikus. Ugyanakkor a h\u00e1rom kijelz\u0151 haszn\u00e1lata \u2013 egy a m\u0171szerek k\u00f6z\u00f6tt, egy az infotainment rendszerhez, \u00e9s egy harmadik a m\u0171szerfal tetej\u00e9n, ami az utaz\u00e1si adatokat mutatja \u2013 kiss\u00e9 t\u00falz\u00e1snak t\u0171nhet. Az SE felszerelts\u00e9g sz\u00f6vetk\u00e1rpitoz\u00e1st kap, m\u00edg az SE Premium v\u00e1ltozat m\u00e1r teljes b\u0151rk\u00e1rpittal \u00e9rkezik. A nyolcolos \u00e9rint\u0151k\u00e9perny\u0151s infotainment rendszer j\u00f3l \u00e1ttekinthet\u0151: a f\u0151k\u00e9perny\u0151 csemp\u00e9s, okostelefonokra eml\u00e9keztet\u0151 elrendez\u00e9s\u0171, az alatta l\u00e9v\u0151 fizikai gombok pedig megk\u00f6nny\u00edtik a kezel\u00e9st, m\u00e9g els\u0151 haszn\u00e1lat sor\u00e1n is.<br \/>\nA be\u00e9p\u00edtett navig\u00e1ci\u00f3hoz SE Premium felszerelts\u00e9gi szint sz\u00fcks\u00e9ges, viszont ha ink\u00e1bb az okostelefonodra b\u00edzn\u00e1d a navig\u00e1ci\u00f3t, az Apple CarPlay \u00e9s az Android Auto minden modellben alapfelszerelts\u00e9g. Ugyanez igaz a tolat\u00f3kamer\u00e1ra is, amely viszonylag nagy felbont\u00e1s\u00fa, \u00edgy tiszta k\u00e9pet ad a j\u00e1rm\u0171 m\u00f6g\u00f6tti ter\u00fcletr\u0151l. A h\u00e1ts\u00f3 \u00fcl\u00e9sek 60\/40 ar\u00e1nyban d\u00f6nthet\u0151k, \u00edgy a maxim\u00e1lis csomagt\u00e9r 1270 literre b\u0151v\u00edthet\u0151. Amikor az \u00fcl\u00e9seket led\u00f6ntj\u00fck, a padl\u00f3ban egy jelent\u0151s perem keletkezik, ami megnehez\u00edti a nagyobb vagy nehezebb t\u00e1rgyak el\u0151retol\u00e1s\u00e1t. A csomagtart\u00f3 padl\u00f3ja csak k\u00f6z\u00e9pen van sz\u0151nyeggel bor\u00edtva, \u00edgy a kisebb t\u00e1rgyak z\u00f6r\u00f6ghetnek sz\u00e1ll\u00edt\u00e1s k\u00f6zben, ha nincsenek megfelel\u0151en r\u00f6gz\u00edtve \u2013 ezt azonban neh\u00e9z megoldani, mivel az XV csomagtere nem tartalmaz praktikus r\u00f6gz\u00edt\u0151kamp\u00f3kat vagy h\u00e1l\u00f3kat.<\/p>\n","protected":false},"excerpt":{"rendered":"<p>\u201eEgy \u00faj duettbe kezdek: \u00e9n \u00e9s a betegs\u00e9gem. Majd megl\u00e1tjuk, meddig tart ez a dallam.\u201d A pontos diagn\u00f3zist soha nem&#8230; <span class=\"gridview-grid-post-read-more\"><a href=\"https:\/\/matrend.hu\/maitrend\/?p=2957\">read more<span class=\"gridview-sr-only\"> Meghalt Schmuck Andor<\/span><\/a><\/span><\/p>\n","protected":false},"author":1,"featured_media":2958,"comment_status":"open","ping_status":"open","sticky":false,"template":"","format":"standard","meta":{"footnotes":""},"categories":[1],"tags":[],"class_list":["post-2957","post","type-post","status-publish","format-standard","has-post-thumbnail","hentry","category-egyeb","wpcat-1-id"],"_links":{"self":[{"href":"https:\/\/matrend.hu\/maitrend\/index.php?rest_route=\/wp\/v2\/posts\/2957","targetHints":{"allow":["GET"]}}],"collection":[{"href":"https:\/\/matrend.hu\/maitrend\/index.php?rest_route=\/wp\/v2\/posts"}],"about":[{"href":"https:\/\/matrend.hu\/maitrend\/index.php?rest_route=\/wp\/v2\/types\/post"}],"author":[{"embeddable":true,"href":"https:\/\/matrend.hu\/maitrend\/index.php?rest_route=\/wp\/v2\/users\/1"}],"replies":[{"embeddable":true,"href":"https:\/\/matrend.hu\/maitrend\/index.php?rest_route=%2Fwp%2Fv2%2Fcomments&post=2957"}],"version-history":[{"count":1,"href":"https:\/\/matrend.hu\/maitrend\/index.php?rest_route=\/wp\/v2\/posts\/2957\/revisions"}],"predecessor-version":[{"id":2959,"href":"https:\/\/matrend.hu\/maitrend\/index.php?rest_route=\/wp\/v2\/posts\/2957\/revisions\/2959"}],"wp:featuredmedia":[{"embeddable":true,"href":"https:\/\/matrend.hu\/maitrend\/index.php?rest_route=\/wp\/v2\/media\/2958"}],"wp:attachment":[{"href":"https:\/\/matrend.hu\/maitrend\/index.php?rest_route=%2Fwp%2Fv2%2Fmedia&parent=2957"}],"wp:term":[{"taxonomy":"category","embeddable":true,"href":"https:\/\/matrend.hu\/maitrend\/index.php?rest_route=%2Fwp%2Fv2%2Fcategories&post=2957"},{"taxonomy":"post_tag","embeddable":true,"href":"https:\/\/matrend.hu\/maitrend\/index.php?rest_route=%2Fwp%2Fv2%2Ftags&post=2957"}],"curies":[{"name":"wp","href":"https:\/\/api.w.org\/{rel}","templated":true}]}}