{"id":2992,"date":"2025-07-16T18:05:37","date_gmt":"2025-07-16T16:05:37","guid":{"rendered":"https:\/\/matrend.hu\/maitrend\/?p=2992"},"modified":"2025-07-16T18:05:37","modified_gmt":"2025-07-16T16:05:37","slug":"eros-antonia-dramaja","status":"publish","type":"post","link":"https:\/\/matrend.hu\/maitrend\/?p=2992","title":{"rendered":"Er\u0151s Ant\u00f3nia dr\u00e1m\u00e1ja!"},"content":{"rendered":"<h3>H\u00e9tf\u0151t\u0151l p\u00e9ntekig minden h\u00e9tk\u00f6znap ott \u00fcl\u00fcnk este 18-kor a n\u00e9z\u0151kkel, a n\u00e9z\u0151k el\u0151tt a H\u00edrad\u00f3ban, ez \u00e1ltal\u00e1nos. Egy\u00e9bk\u00e9nt pedig ugyanannyi szabads\u00e1gunk van, mint b\u00e1rki m\u00e1snak, ahogy \u00f6regsz\u00fcnk, egyre t\u00f6bb, de ez m\u00e9gsem jelenti azt, hogy hetekre ak\u00e1r elt\u0171nhet\u00fcnk a k\u00e9perny\u0151r\u0151l.<\/h3>\n<p>Forr\u00e1s: MSN \/ FB \/ TTOK<\/p>\n<p>&#8211;<\/p>\n<p>A ChatGPT ezt mondta:<\/p>\n<p>A Bentley nem esett abba a cs\u00e1b\u00edt\u00e1sba, hogy a fel\u00faj\u00edtott Spur m\u0171szerfal\u00e1t telezs\u00fafolja digit\u00e1lis kijelz\u0151kkel, \u00edgy a bels\u0151 t\u00e9r tov\u00e1bbra is fantasztikus \u00e9lm\u00e9ny, egyszerre sportos \u00e9s f\u00e9ny\u0171z\u0151 olyan m\u00f3don, ahogyan azt m\u00e1s aut\u00f3gy\u00e1rt\u00f3k nem igaz\u00e1n tudj\u00e1k megval\u00f3s\u00edtani.<\/p>\n<p>Term\u00e9szetesen nagyon hasonl\u00edt az \u00faj Continental GT-re, \u00e9s ahogy ott, \u00fagy itt is a Speed v\u00e1ltozat kapott s\u00f6t\u00e9tebb f\u00e9nyes elemeket \u00e9s fekete matt m\u0171anyagokat, melyek meglep\u0151en pr\u00e9mium \u00e9rzetet keltenek (nem-Speed v\u00e1ltozatok is \u00e9rkeznek, de azokat m\u00e9g nem vezett\u00fck). A tesztaut\u00f3nk matt alum\u00ednium d\u00edsz\u00edt\u00e9se k\u00fcl\u00f6n\u00f6sen felt\u0171n\u0151 volt, \u00e9s a Spur rendelhet\u0151 C\u00f4tes de Gen\u00e8ve kidolgoz\u00e1ssal is, ami igaz\u00e1n leny\u0171g\u00f6z\u0151 l\u00e1tv\u00e1ny.<\/p>\n<p>Biztos lehetsz benne, hogy a Spur minden ergonomikus, k\u00e9nyelmi \u00e9s apr\u00f3 t\u00e1rol\u00e1si ig\u00e9nyt kiel\u00e9g\u00edt, r\u00e1ad\u00e1sul b\u0151ven vannak USB-C csatlakoz\u00f3k is. H\u00e1tul, m\u00e9r\u0151szalaggal n\u00e9zve, a Spur l\u00e1bt\u00e9r tekintet\u00e9ben kicsit kisebb, mint a Rolls-Royce Ghost\u00e9, de ez nem sz\u00e1m\u00edt, hiszen mindk\u00e9t aut\u00f3 rendk\u00edv\u00fcl t\u00e1gas. Ha a n\u00e9gy\u00fcl\u00e9ses konfigur\u00e1ci\u00f3t v\u00e1lasztod, a Spur h\u00e1tulja m\u00e9g szebben form\u00e1zott, \u00e9s az \u00fcl\u00e9sek \u201eAuto Climate\u201d funkci\u00f3val rendelkeznek, amely figyeli a fel\u00fclet p\u00e1ratartalm\u00e1t \u00e9s h\u0151m\u00e9rs\u00e9klet\u00e9t, majd ehhez igaz\u00edtja a f\u0171t\u00e9st \u00e9s szell\u0151z\u00e9st, hogy mindig k\u00e9nyelmes legyen. A \u201ePostural Adjust\u201d pedig l\u00e9gp\u00e1rn\u00e1k seg\u00edts\u00e9g\u00e9vel finoman v\u00e1ltoztatja a nyom\u00e1st a l\u00e1bakon \u00e9s a h\u00e1ton az utaz\u00e1s sor\u00e1n. R\u00f6viden, ez a hely t\u00f6k\u00e9letes arra, hogy k\u00e9nyelmesen, kellemesen teljenek a kilom\u00e9terek.<\/p>\n<p>Mechanikailag a Bentley legk\u00f6zvetlenebb riv\u00e1lisa a AMG rendk\u00edv\u00fcl er\u0151s, 791 l\u00f3er\u0151s, V8-as hibrid S63 E Performance. B\u00e1r a Mercedes egy hajsz\u00e1lnyival er\u0151sebb \u00e9s nehezebb, a brit aut\u00f3 m\u00e9gis gyorsabb a rajtn\u00e1l, mind\u00f6ssze 3,2 m\u00e1sodpercre van sz\u00fcks\u00e9ge, hogy el\u00e9rje a 60 m\u00e9rf\u00f6ld\/\u00f3r\u00e1s sebess\u00e9get, szemben a 3,5 m\u00e1sodperc\u00e9vel. Val\u00f3j\u00e1ban a n\u00e9gyajt\u00f3s Bentley csak egy tizedm\u00e1sodperccel marad el kup\u00e9 testv\u00e9r\u00e9t\u0151l, b\u00e1r a sebess\u00e9g n\u00f6veked\u00e9s\u00e9vel a k\u00fcl\u00f6nbs\u00e9g n\u0151, \u00e9s 150 m\u00e9rf\u00f6ld\/\u00f3r\u00e1n\u00e1l a Speed v\u00e1ltozat\u00fa Spur m\u00e1r j\u00f3 n\u00e9h\u00e1ny kocsi hosszal lemarad a Continental GT Speed m\u00f6g\u00f6tt. Mindh\u00e1rom aut\u00f3 hihetetlen\u00fcl gyors.<\/p>\n","protected":false},"excerpt":{"rendered":"<p>H\u00e9tf\u0151t\u0151l p\u00e9ntekig minden h\u00e9tk\u00f6znap ott \u00fcl\u00fcnk este 18-kor a n\u00e9z\u0151kkel, a n\u00e9z\u0151k el\u0151tt a H\u00edrad\u00f3ban, ez \u00e1ltal\u00e1nos. Egy\u00e9bk\u00e9nt pedig ugyanannyi&#8230; <span class=\"gridview-grid-post-read-more\"><a href=\"https:\/\/matrend.hu\/maitrend\/?p=2992\">read more<span class=\"gridview-sr-only\"> Er\u0151s Ant\u00f3nia dr\u00e1m\u00e1ja!<\/span><\/a><\/span><\/p>\n","protected":false},"author":1,"featured_media":2993,"comment_status":"open","ping_status":"open","sticky":false,"template":"","format":"standard","meta":{"footnotes":""},"categories":[1],"tags":[],"class_list":["post-2992","post","type-post","status-publish","format-standard","has-post-thumbnail","hentry","category-egyeb","wpcat-1-id"],"_links":{"self":[{"href":"https:\/\/matrend.hu\/maitrend\/index.php?rest_route=\/wp\/v2\/posts\/2992","targetHints":{"allow":["GET"]}}],"collection":[{"href":"https:\/\/matrend.hu\/maitrend\/index.php?rest_route=\/wp\/v2\/posts"}],"about":[{"href":"https:\/\/matrend.hu\/maitrend\/index.php?rest_route=\/wp\/v2\/types\/post"}],"author":[{"embeddable":true,"href":"https:\/\/matrend.hu\/maitrend\/index.php?rest_route=\/wp\/v2\/users\/1"}],"replies":[{"embeddable":true,"href":"https:\/\/matrend.hu\/maitrend\/index.php?rest_route=%2Fwp%2Fv2%2Fcomments&post=2992"}],"version-history":[{"count":1,"href":"https:\/\/matrend.hu\/maitrend\/index.php?rest_route=\/wp\/v2\/posts\/2992\/revisions"}],"predecessor-version":[{"id":2994,"href":"https:\/\/matrend.hu\/maitrend\/index.php?rest_route=\/wp\/v2\/posts\/2992\/revisions\/2994"}],"wp:featuredmedia":[{"embeddable":true,"href":"https:\/\/matrend.hu\/maitrend\/index.php?rest_route=\/wp\/v2\/media\/2993"}],"wp:attachment":[{"href":"https:\/\/matrend.hu\/maitrend\/index.php?rest_route=%2Fwp%2Fv2%2Fmedia&parent=2992"}],"wp:term":[{"taxonomy":"category","embeddable":true,"href":"https:\/\/matrend.hu\/maitrend\/index.php?rest_route=%2Fwp%2Fv2%2Fcategories&post=2992"},{"taxonomy":"post_tag","embeddable":true,"href":"https:\/\/matrend.hu\/maitrend\/index.php?rest_route=%2Fwp%2Fv2%2Ftags&post=2992"}],"curies":[{"name":"wp","href":"https:\/\/api.w.org\/{rel}","templated":true}]}}