{"id":3000,"date":"2025-07-16T19:18:51","date_gmt":"2025-07-16T17:18:51","guid":{"rendered":"https:\/\/matrend.hu\/maitrend\/?p=3000"},"modified":"2025-07-16T19:18:51","modified_gmt":"2025-07-16T17:18:51","slug":"hatalmas-vasuti-baleset-tortent","status":"publish","type":"post","link":"https:\/\/matrend.hu\/maitrend\/?p=3000","title":{"rendered":"Hatalmas vas\u00fati baleset t\u00f6rt\u00e9nt!"},"content":{"rendered":"<h3>Napok \u00f3ta szenvedtem a ben\u0151tt l\u00e1bk\u00f6rm\u00f6mmel, de nem mertem sz\u00f3lni, nehogy betegszabads\u00e1gra k\u00fcldjenek. Ma reggel m\u00e1r annyira f\u00e1jt, hogy nem tudtam reag\u00e1lni id\u0151ben &#8211; nyilatkozta anno a mozdonyvezet\u0151! Az eset 1994-ben t\u00f6rt\u00e9nt! Egy kis m\u00faltid\u00e9z\u00e9s a 90-es \u00e9vekb\u0151l!<\/h3>\n<p>Forr\u00e1s: MSN \/ FB \/ TTOK \/ IGSZAV<\/p>\n<p>&#8211;<\/p>\n<p>A GT-Line felszerelts\u00e9gre val\u00f3 v\u00e1lt\u00e1s, amely k\u00f6r\u00fclbel\u00fcl 2500 fonttal dr\u00e1g\u00edtja meg az aut\u00f3t, 18 vagy 19 colos k\u00f6nny\u0171f\u00e9m felniket ad \u2013 att\u00f3l f\u00fcgg\u0151en, hogy benzines vagy hibrid modellt v\u00e1lasztasz \u2013, f\u0171thet\u0151 els\u0151 \u00fcl\u00e9seket, f\u0171thet\u0151 korm\u00e1nykereket, b\u0151r \u00e9s sz\u00f6vet kombin\u00e1ci\u00f3j\u00fa \u00fcl\u00e9sk\u00e1rpitot, valamint sportosabb k\u00fcls\u0151t, amit f\u00e9nyes fekete d\u00edsz\u00edt\u0151elemek eg\u00e9sz\u00edtenek ki.<\/p>\n<p>A cs\u00facsfelszerelts\u00e9g\u0171 GT-Line S modellek pedig t\u00e9nyleg mindent beleadnak: 12,3 colos digit\u00e1lis m\u0171szerfalat, nyithat\u00f3 panor\u00e1matet\u0151t, 10 colos head-up kijelz\u0151t, nyolc hangsz\u00f3r\u00f3s Harman Kardon hangrendszert, vezet\u00e9k n\u00e9lk\u00fcli t\u00f6lt\u0151padot, szell\u0151ztetett els\u0151 \u00fcl\u00e9seket, 360 fokos parkol\u00f3kamerarendszert \u00e9s holtt\u00e9rfigyel\u0151t, valamint tov\u00e1bbi vezet\u0151t seg\u00edt\u0151 technol\u00f3gi\u00e1kat. A GT-Line S k\u00f6r\u00fclbel\u00fcl 5200 fonttal ker\u00fcl t\u00f6bbe, mint a GT-Line.<\/p>\n<p>A Kia Sportage legf\u0151bb er\u0151ss\u00e9ge a k\u00e9nyelem \u00e9s a kifinomults\u00e1g. Puha fut\u00f3m\u0171v\u00e9nek k\u00f6sz\u00f6nhet\u0151en hat\u00e9konyan kezeli az \u00fathib\u00e1kat, \u00e9s cs\u00f6kkenti a kellemetlen r\u00e1zk\u00f3d\u00e1sokat, amelyek besz\u0171r\u0151dn\u00e9nek az utast\u00e9rbe. Ahogy eddig is, minden modellben egy 1,6 literes turb\u00f3s n\u00e9gyhengeres motor dolgozik, amely \u00f6nmag\u00e1ban 148 l\u00f3er\u0151t produk\u00e1l. Az alapv\u00e1ltozatban egy egyszer\u0171, hatfokozat\u00fa k\u00e9zi v\u00e1lt\u00f3 tal\u00e1lhat\u00f3, m\u00edg a tiszt\u00e1n benzines protot\u00edpusunkban a v\u00e1laszthat\u00f3, h\u00e9tfokozat\u00fa duplakuplungos automata v\u00e1lt\u00f3 volt.<\/p>\n<p>Term\u00e9szetesen, hibrid seg\u00edts\u00e9g n\u00e9lk\u00fcl a motor kem\u00e9nyebben dolgozik, \u00e9s gyors\u00edt\u00e1skor durv\u00e1bb, szinte d\u00edzelre eml\u00e9keztet\u0151 hangot ad ki. K\u00fcl\u00f6n\u00f6sen az aut\u00f3p\u00e1ly\u00e1n el\u0151z\u00e9skor meglehet\u0151sen zajos az \u00e9lm\u00e9ny, a v\u00e1lt\u00f3 gyorsan visszakapcsol, \u00e9s a motor hangerej\u00e9nek megn\u00f6veked\u00e9se ezt meger\u0151s\u00edti; azonban egy-k\u00e9t m\u00e1sodperces k\u00e9s\u00e9ssel indul csak be igaz\u00e1n a gyorsul\u00e1s.<\/p>\n<p>A Sportage hibrid v\u00e1ltozatai m\u00e1r eddig is sim\u00e1bb \u00e9s kifinomultabb vezet\u00e9si \u00e9lm\u00e9nyt ny\u00fajtottak, mint a nem hibrid modellek, de r\u00e9g\u00f3ta \u00fagy \u00e9rezt\u00fck, hogy m\u00e9g van t\u00e9r a fejleszt\u00e9sre, k\u00fcl\u00f6n\u00f6sen a riv\u00e1lis Toyota elektromos hajt\u00e1sl\u00e1ncaihoz k\u00e9pest. Ennek megfelel\u0151en a Kia egy er\u0151sebb villanymotort szerelt be, \u00edgy a teljes hibrid modell imm\u00e1r 235 l\u00f3er\u0151vel \u00e9s 280 Nm nyomat\u00e9kkal rendelkezik. A hatfokozat\u00fa automata v\u00e1lt\u00f3t is friss\u00edtett\u00e9k, az \u00faj regenerat\u00edv f\u00e9krendszer pedig korm\u00e1ny m\u00f6g\u00f6tti f\u00fclekkel seg\u00edti a vezet\u0151t, hogy \u00e1ll\u00edthassa a f\u00e9kez\u00e9s erej\u00e9t.<\/p>\n","protected":false},"excerpt":{"rendered":"<p>Napok \u00f3ta szenvedtem a ben\u0151tt l\u00e1bk\u00f6rm\u00f6mmel, de nem mertem sz\u00f3lni, nehogy betegszabads\u00e1gra k\u00fcldjenek. Ma reggel m\u00e1r annyira f\u00e1jt, hogy nem&#8230; <span class=\"gridview-grid-post-read-more\"><a href=\"https:\/\/matrend.hu\/maitrend\/?p=3000\">read more<span class=\"gridview-sr-only\"> Hatalmas vas\u00fati baleset t\u00f6rt\u00e9nt!<\/span><\/a><\/span><\/p>\n","protected":false},"author":1,"featured_media":3001,"comment_status":"open","ping_status":"open","sticky":false,"template":"","format":"standard","meta":{"footnotes":""},"categories":[1],"tags":[],"class_list":["post-3000","post","type-post","status-publish","format-standard","has-post-thumbnail","hentry","category-egyeb","wpcat-1-id"],"_links":{"self":[{"href":"https:\/\/matrend.hu\/maitrend\/index.php?rest_route=\/wp\/v2\/posts\/3000","targetHints":{"allow":["GET"]}}],"collection":[{"href":"https:\/\/matrend.hu\/maitrend\/index.php?rest_route=\/wp\/v2\/posts"}],"about":[{"href":"https:\/\/matrend.hu\/maitrend\/index.php?rest_route=\/wp\/v2\/types\/post"}],"author":[{"embeddable":true,"href":"https:\/\/matrend.hu\/maitrend\/index.php?rest_route=\/wp\/v2\/users\/1"}],"replies":[{"embeddable":true,"href":"https:\/\/matrend.hu\/maitrend\/index.php?rest_route=%2Fwp%2Fv2%2Fcomments&post=3000"}],"version-history":[{"count":1,"href":"https:\/\/matrend.hu\/maitrend\/index.php?rest_route=\/wp\/v2\/posts\/3000\/revisions"}],"predecessor-version":[{"id":3003,"href":"https:\/\/matrend.hu\/maitrend\/index.php?rest_route=\/wp\/v2\/posts\/3000\/revisions\/3003"}],"wp:featuredmedia":[{"embeddable":true,"href":"https:\/\/matrend.hu\/maitrend\/index.php?rest_route=\/wp\/v2\/media\/3001"}],"wp:attachment":[{"href":"https:\/\/matrend.hu\/maitrend\/index.php?rest_route=%2Fwp%2Fv2%2Fmedia&parent=3000"}],"wp:term":[{"taxonomy":"category","embeddable":true,"href":"https:\/\/matrend.hu\/maitrend\/index.php?rest_route=%2Fwp%2Fv2%2Fcategories&post=3000"},{"taxonomy":"post_tag","embeddable":true,"href":"https:\/\/matrend.hu\/maitrend\/index.php?rest_route=%2Fwp%2Fv2%2Ftags&post=3000"}],"curies":[{"name":"wp","href":"https:\/\/api.w.org\/{rel}","templated":true}]}}