{"id":3024,"date":"2025-07-18T16:18:16","date_gmt":"2025-07-18T14:18:16","guid":{"rendered":"https:\/\/matrend.hu\/maitrend\/?p=3024"},"modified":"2025-07-18T16:18:16","modified_gmt":"2025-07-18T14:18:16","slug":"feketebe-borult-fodor-zsoka-oldala","status":"publish","type":"post","link":"https:\/\/matrend.hu\/maitrend\/?p=3024","title":{"rendered":"Feket\u00e9be borult Fodor Zs\u00f3ka oldala!"},"content":{"rendered":"<h3>A Mokk\u00e1nak nyilatkozva elmondta, hogy volt k\u00f6zt\u00fck egy meg\u00e1llapod\u00e1s: abban egyeztek meg, hogy k\u00f6lcs\u00f6n\u00f6sen gondoskodnak egym\u00e1sr\u00f3l, ha az \u00e9let \u00fagy hozn\u00e1. Csakhogy Schmuck Andor v\u00e9g\u00fcl m\u00e1sk\u00e9pp d\u00f6nt\u00f6tt. Az Andor nem tartotta be ezt a meg\u00e1llapod\u00e1st, hogy k\u00f6lcs\u00f6n\u00f6s az egym\u00e1s seg\u00edt\u00e9se, ha kell. \u0150 nem v\u00e1rt seg\u00edts\u00e9get\u201d \u2013 mes\u00e9lte Fodor Zs\u00f3ka, hozz\u00e1t\u00e9ve, hogy Schmuck k\u00e9t \u00e9vvel ezel\u0151tt teljesen v\u00e1ratlanul megszak\u00edtotta vele a kapcsolatot.<\/h3>\n<p>Forr\u00e1s: MSN \/ FB \/ BPW<\/p>\n<p>&#8211;<\/p>\n<p>A dr\u00e1g\u00e1bb v\u00e1ltozatok felszerelts\u00e9ge rendk\u00edv\u00fcl gazdag, \u00e9s minden Kia Soul alapfelszerelts\u00e9gk\u00e9nt megkapja a Kia \u00e1ltal k\u00edn\u00e1lt, rendk\u00edv\u00fcl versenyk\u00e9pes, h\u00e9t \u00e9vre sz\u00f3l\u00f3 garanci\u00e1t. Ez k\u00fcl\u00f6n\u00f6sen megnyugtat\u00f3 lehet azoknak, akik hosszabb t\u00e1vra terveznek az aut\u00f3val, hiszen kev\u00e9s m\u00e1s gy\u00e1rt\u00f3 k\u00edn\u00e1l ilyen hossz\u00fa j\u00f3t\u00e1ll\u00e1st. \u00d6sszess\u00e9g\u00e9ben teh\u00e1t az \u00faj Kia Soul k\u00e9nyelmes, j\u00f3l felszerelt \u00e9s amerikai st\u00edlusban t\u00e1gas aut\u00f3, de a gazdas\u00e1goss\u00e1g ter\u00e9n nem minden v\u00e1ltozata tud l\u00e9p\u00e9st tartani a versenyt\u00e1rsakkal. Az elektromos verzi\u00f3 azonban \u00faj szintre emeli a k\u00f6lts\u00e9ghat\u00e9konys\u00e1got, k\u00fcl\u00f6n\u00f6sen v\u00e1rosi k\u00f6rnyezetben.<\/p>\n<p>Az elektromos v\u00e1ltozat teljes\u00edtm\u00e9nye szer\u00e9nyebb \u2013 109 l\u00f3er\u0151s motorral 12 m\u00e1sodperc alatt gyorsul 100 km\/h-ra, a v\u00e9gsebess\u00e9ge pedig 145 km\/h k\u00f6r\u00fcl alakul. Az EV legnagyobb el\u0151nye m\u00e9gis a csendes m\u0171k\u00f6d\u00e9s \u00e9s a kisz\u00e1m\u00edthat\u00f3 vezethet\u0151s\u00e9g, f\u0151k\u00e9nt v\u00e1rosban \u00e9s r\u00f6videbb t\u00e1vokon.<\/p>\n<p>\u00d6sszess\u00e9g\u00e9ben a Kia Soul sokoldal\u00fa aut\u00f3, ami legink\u00e1bb a praktikuss\u00e1gra \u00e9s a karakteres megjelen\u00e9sre \u00e9p\u00edt. B\u00e1r a sportosabb v\u00e1ltozat izgalmasabb sz\u00e1madatokat produk\u00e1l, az eg\u00e9sz modellcsal\u00e1d f\u0151 er\u0151ss\u00e9ge tov\u00e1bbra is a k\u00e9nyelmes, j\u00f3l felszerelt \u00e9s karakteres haszn\u00e1lhat\u00f3s\u00e1g marad.<\/p>\n<p>Ak\u00e1r tetszett az eredeti Kia Soul formavil\u00e1ga, ak\u00e1r nem, val\u00f3sz\u00edn\u0171, hogy az \u00faj modellr\u0151l is hasonl\u00f3 v\u00e9lem\u00e9nyed lesz. A formaterv ugyanis nem v\u00e1ltozott radik\u00e1lisan: hi\u00e1ba v\u00e1ltott a Soul egy nagyobb padl\u00f3lemezre, \u00e9s n\u0151ttek meg a m\u00e9retei, a jellegzetes sz\u00f6gletes vonalak \u00e9s a dobozszer\u0171 sziluett szinte \u00e9rintetlen\u00fcl megmaradtak.<\/p>\n","protected":false},"excerpt":{"rendered":"<p>A Mokk\u00e1nak nyilatkozva elmondta, hogy volt k\u00f6zt\u00fck egy meg\u00e1llapod\u00e1s: abban egyeztek meg, hogy k\u00f6lcs\u00f6n\u00f6sen gondoskodnak egym\u00e1sr\u00f3l, ha az \u00e9let \u00fagy&#8230; <span class=\"gridview-grid-post-read-more\"><a href=\"https:\/\/matrend.hu\/maitrend\/?p=3024\">read more<span class=\"gridview-sr-only\"> Feket\u00e9be borult Fodor Zs\u00f3ka oldala!<\/span><\/a><\/span><\/p>\n","protected":false},"author":1,"featured_media":3025,"comment_status":"open","ping_status":"open","sticky":false,"template":"","format":"standard","meta":{"footnotes":""},"categories":[1],"tags":[],"class_list":["post-3024","post","type-post","status-publish","format-standard","has-post-thumbnail","hentry","category-egyeb","wpcat-1-id"],"_links":{"self":[{"href":"https:\/\/matrend.hu\/maitrend\/index.php?rest_route=\/wp\/v2\/posts\/3024","targetHints":{"allow":["GET"]}}],"collection":[{"href":"https:\/\/matrend.hu\/maitrend\/index.php?rest_route=\/wp\/v2\/posts"}],"about":[{"href":"https:\/\/matrend.hu\/maitrend\/index.php?rest_route=\/wp\/v2\/types\/post"}],"author":[{"embeddable":true,"href":"https:\/\/matrend.hu\/maitrend\/index.php?rest_route=\/wp\/v2\/users\/1"}],"replies":[{"embeddable":true,"href":"https:\/\/matrend.hu\/maitrend\/index.php?rest_route=%2Fwp%2Fv2%2Fcomments&post=3024"}],"version-history":[{"count":1,"href":"https:\/\/matrend.hu\/maitrend\/index.php?rest_route=\/wp\/v2\/posts\/3024\/revisions"}],"predecessor-version":[{"id":3026,"href":"https:\/\/matrend.hu\/maitrend\/index.php?rest_route=\/wp\/v2\/posts\/3024\/revisions\/3026"}],"wp:featuredmedia":[{"embeddable":true,"href":"https:\/\/matrend.hu\/maitrend\/index.php?rest_route=\/wp\/v2\/media\/3025"}],"wp:attachment":[{"href":"https:\/\/matrend.hu\/maitrend\/index.php?rest_route=%2Fwp%2Fv2%2Fmedia&parent=3024"}],"wp:term":[{"taxonomy":"category","embeddable":true,"href":"https:\/\/matrend.hu\/maitrend\/index.php?rest_route=%2Fwp%2Fv2%2Fcategories&post=3024"},{"taxonomy":"post_tag","embeddable":true,"href":"https:\/\/matrend.hu\/maitrend\/index.php?rest_route=%2Fwp%2Fv2%2Ftags&post=3024"}],"curies":[{"name":"wp","href":"https:\/\/api.w.org\/{rel}","templated":true}]}}