{"id":3033,"date":"2025-07-18T21:04:08","date_gmt":"2025-07-18T19:04:08","guid":{"rendered":"https:\/\/matrend.hu\/maitrend\/?p=3033"},"modified":"2025-07-18T21:05:03","modified_gmt":"2025-07-18T19:05:03","slug":"ezekre-a-kifizetesekre-szamithatnak-a-nyugdijasok-iden","status":"publish","type":"post","link":"https:\/\/matrend.hu\/maitrend\/?p=3033","title":{"rendered":"Ezekre a kifizet\u00e9sekre sz\u00e1m\u00edthatnak a nyugd\u00edjasok id\u00e9n!"},"content":{"rendered":"<h3>A nyugd\u00edjak banksz\u00e1ml\u00e1ra jellemz\u0151en minden h\u00f3nap 12-\u00e9n \u00e9rkeznek. Ha ez h\u00e9tv\u00e9g\u00e9re esik, akkor el\u0151bb utalnak. A decemberi nyugd\u00edj m\u00e1r a h\u00f3nap elej\u00e9n, december 2-\u00e1n v\u00e1rhat\u00f3. Postai k\u00e9zbes\u00edt\u00e9s eset\u00e9n a pontos d\u00e1tumot a Magyar Posta k\u00e9zbes\u00edt\u00e9si napt\u00e1ra hat\u00e1rozza meg. Ez p\u00e1r nappal elcs\u00faszhat a banki utal\u00e1sokhoz k\u00e9pest, ez\u00e9rt sokan v\u00e1lasztj\u00e1k ink\u00e1bb a gyorsabb, biztons\u00e1gosabb banksz\u00e1ml\u00e1s megold\u00e1st.<\/h3>\n<p>VIA MSN<\/p>\n<p>&#8211;<\/p>\n<p>Ez m\u00e1r j\u00f3val azel\u0151tt nyilv\u00e1nval\u00f3v\u00e1 v\u00e1lt, hogy a Fiat Chrysler Automobiles \u00e9s a PSA \u00f6sszeolvadt volna, \u00e9s l\u00e9trej\u00f6tt volna a Stellantis 2021 janu\u00e1rj\u00e1ban. \u00cdgy nem meglep\u0151, hogy az \u00faj, pr\u00e9miumkateg\u00f3ri\u00e1s crossover \u2013 a m\u00falt h\u00e9ten bemutatott Alfa Romeo Tonale \u2013 fejleszt\u00e9s\u00e9nek alapj\u00e1ul a Jeep Compass szolg\u00e1lt. M\u00e9retre megfelel\u0151 volt, el\u00e9rhet\u0151 volt, \u00e9s ami kulcsfontoss\u00e1g\u00fa: m\u00e1r fejleszt\u00e9s alatt \u00e1llt hozz\u00e1 egy plug-in hibrid hajt\u00e1sl\u00e1nc.<\/p>\n<p>A t\u00f6rt\u00e9net szerint azonban, amikor az \u00faj Alfa Romeo vez\u00e9rigazgat\u00f3, Jean-Philippe Imparato el\u0151sz\u00f6r kipr\u00f3b\u00e1lta a Tonale protot\u00edpus\u00e1t, nem volt meggy\u0151zve \u2013 ez\u00e9rt elrendelte a bemutat\u00f3 elhalaszt\u00e1s\u00e1t, hogy a modell m\u00e9lt\u00f3v\u00e1 v\u00e1ljon az Alfa Romeo n\u00e9vhez. Amikor 2018-ban tesztelt\u00fck a Jeep Compass-t, mind\u00f6ssze h\u00e1rom csillagot adtunk r\u00e1 \u2013 \u00edgy hajlamosak vagyunk egyet\u00e9rteni vele.<\/p>\n<p>Id\u0151k\u00f6zben a plug-in hibrid Compass 4xe (ejtsd: \u201efour-by-ee\u201d) form\u00e1j\u00e1ban meg\u00e9rkezett az Egyes\u00fclt Kir\u00e1lys\u00e1gba is, egy enyhe k\u00fcls\u0151, de ann\u00e1l jelent\u0151sebb bels\u0151 friss\u00edt\u00e9ssel egy\u00fctt.<\/p>\n<p>A Compass \u00fajra\u00e9rt\u00e9kel\u00e9se ebben a 4xe v\u00e1ltozatban teh\u00e1t \u00edzel\u00edt\u0151t adhat abb\u00f3l, mire sz\u00e1m\u00edthatunk majd a Tonale eset\u00e9ben.<\/p>\n<p>A Compass jelenlegi motorv\u00e1laszt\u00e9ka egy 129 l\u00f3er\u0151s turb\u00f3s benzinessel kezd\u0151dik, \u00e9s a leger\u0151sebb v\u00e1ltozat egy 237 l\u00f3er\u0151s plug-in hibrid. K\u00e9s\u0151bb id\u00e9n ez ki fog b\u0151v\u00fclni egy enyhe hibrid (48 voltos) benzines v\u00e1ltozattal, illetve egy olcs\u00f3bb \u00e9s gyeng\u00e9bb plug-in hibriddel is.<\/p>\n<p>A felszerelts\u00e9gi szintek nevei kicsit zavarosak: a \u201eLimited\u201d a \u201eNight Eagle\u201d f\u00f6l\u00f6tt, de az \u201eS\u201d alatt van. A \u201eTrailhawk\u201d pedig egy k\u00fcl\u00f6nleges, terepre optimaliz\u00e1lt cs\u00facsmodell.<\/p>\n<p>B\u00e1r ikonikusan amerikai m\u00e1rkak\u00e9nt tekint\u00fcnk a Jeepre, a gy\u00e1rt\u00f3 szerint a Compass modellt kifejezetten az eur\u00f3pai piac ig\u00e9nyei szerint fejlesztett\u00e9k, \u00e9s a r\u00e1ncfelvarr\u00e1s el\u0151tti p\u00e9ld\u00e1nyokat val\u00f3j\u00e1ban Indi\u00e1ban gy\u00e1rtott\u00e1k. A friss\u00edtett v\u00e1ltozat gy\u00e1rt\u00e1sa viszont m\u00e1r D\u00e9l-Olaszorsz\u00e1gban, Melfi k\u00f6zel\u00e9ben zajlik, ugyanabban az \u00fczemben, ahol a kisebb Jeep Renegade \u00e9s a Fiat 500X is k\u00e9sz\u00fcl.<\/p>\n","protected":false},"excerpt":{"rendered":"<p>A nyugd\u00edjak banksz\u00e1ml\u00e1ra jellemz\u0151en minden h\u00f3nap 12-\u00e9n \u00e9rkeznek. Ha ez h\u00e9tv\u00e9g\u00e9re esik, akkor el\u0151bb utalnak. A decemberi nyugd\u00edj m\u00e1r a&#8230; <span class=\"gridview-grid-post-read-more\"><a href=\"https:\/\/matrend.hu\/maitrend\/?p=3033\">read more<span class=\"gridview-sr-only\"> Ezekre a kifizet\u00e9sekre sz\u00e1m\u00edthatnak a nyugd\u00edjasok id\u00e9n!<\/span><\/a><\/span><\/p>\n","protected":false},"author":1,"featured_media":3034,"comment_status":"open","ping_status":"open","sticky":false,"template":"","format":"standard","meta":{"footnotes":""},"categories":[1],"tags":[],"class_list":["post-3033","post","type-post","status-publish","format-standard","has-post-thumbnail","hentry","category-egyeb","wpcat-1-id"],"_links":{"self":[{"href":"https:\/\/matrend.hu\/maitrend\/index.php?rest_route=\/wp\/v2\/posts\/3033","targetHints":{"allow":["GET"]}}],"collection":[{"href":"https:\/\/matrend.hu\/maitrend\/index.php?rest_route=\/wp\/v2\/posts"}],"about":[{"href":"https:\/\/matrend.hu\/maitrend\/index.php?rest_route=\/wp\/v2\/types\/post"}],"author":[{"embeddable":true,"href":"https:\/\/matrend.hu\/maitrend\/index.php?rest_route=\/wp\/v2\/users\/1"}],"replies":[{"embeddable":true,"href":"https:\/\/matrend.hu\/maitrend\/index.php?rest_route=%2Fwp%2Fv2%2Fcomments&post=3033"}],"version-history":[{"count":1,"href":"https:\/\/matrend.hu\/maitrend\/index.php?rest_route=\/wp\/v2\/posts\/3033\/revisions"}],"predecessor-version":[{"id":3035,"href":"https:\/\/matrend.hu\/maitrend\/index.php?rest_route=\/wp\/v2\/posts\/3033\/revisions\/3035"}],"wp:featuredmedia":[{"embeddable":true,"href":"https:\/\/matrend.hu\/maitrend\/index.php?rest_route=\/wp\/v2\/media\/3034"}],"wp:attachment":[{"href":"https:\/\/matrend.hu\/maitrend\/index.php?rest_route=%2Fwp%2Fv2%2Fmedia&parent=3033"}],"wp:term":[{"taxonomy":"category","embeddable":true,"href":"https:\/\/matrend.hu\/maitrend\/index.php?rest_route=%2Fwp%2Fv2%2Fcategories&post=3033"},{"taxonomy":"post_tag","embeddable":true,"href":"https:\/\/matrend.hu\/maitrend\/index.php?rest_route=%2Fwp%2Fv2%2Ftags&post=3033"}],"curies":[{"name":"wp","href":"https:\/\/api.w.org\/{rel}","templated":true}]}}