{"id":3036,"date":"2025-07-19T14:00:13","date_gmt":"2025-07-19T12:00:13","guid":{"rendered":"https:\/\/matrend.hu\/maitrend\/?p=3036"},"modified":"2025-07-19T14:00:13","modified_gmt":"2025-07-19T12:00:13","slug":"ujabb-tragedia-a-zambo-csaladba","status":"publish","type":"post","link":"https:\/\/matrend.hu\/maitrend\/?p=3036","title":{"rendered":"\u00dajabb trag\u00e9dia a Z\u00e1mb\u00f3 csal\u00e1dba!"},"content":{"rendered":"<h3>Az utols\u00f3 l\u00e9pcs\u0151n\u00e9l megbotlottam, gurultam le, de k\u00f6zben a mozg\u00f3l\u00e9pcs\u0151 vitt felfel\u00e9. A m\u00f6g\u00f6ttem l\u00e9v\u0151kre estem r\u00e1. A haverom rohant volna, de senki nem tudott elkapni. Gurultam le, tele voltak ut\u00e1n cs\u00edkokkal\u2026 ut\u00e1n egy h\u00e9tre borultam egy nagyot Budapest k\u00f6zep\u00e9n. Akkor volt egy csukl\u00f3- \u00e9s egy k\u00f6ny\u00f6kt\u00f6r\u00e9sem. Az be is tett nekem\u201d \u2013 id\u00e9zte fel a t\u00f6rt\u00e9nteket Kriszti\u00e1n<\/h3>\n<p>Forr\u00e1s: MSN \/ FB \/ TTOK<\/p>\n<p>&#8211;<\/p>\n<p>A Peugeot 2014 december\u00e9ben mutatta be a 208 GTi 30th Anniversary Edition k\u00fcl\u00f6nkiad\u00e1st, amely er\u0151sebb motort, nagyobb f\u00e9keket \u00e9s lejjebb \u00fcltetett fut\u00f3m\u0171vet kapott \u2013 term\u00e9szetesen mindez egy 3000 fontos fel\u00e1rral j\u00e1rva. B\u00e1r az Egyes\u00fclt Kir\u00e1lys\u00e1gba mind\u00f6ssze 100 p\u00e9ld\u00e1ny \u00e9rkezett ebb\u0151l a limit\u00e1lt sz\u00e9ri\u00e1b\u00f3l, a modell olyan pozit\u00edv fogadtat\u00e1sban r\u00e9szes\u00fclt, hogy a Peugeot bevezette a GTi by Peugeot Sport fant\u00e1zianev\u0171 felszerelts\u00e9gi szintet az aut\u00f3 legut\u00f3bbi r\u00e1ncfelvarr\u00e1sakor. Ez az \u00faj v\u00e1ltozat mag\u00e1ban foglalja mindazokat a m\u0171szaki fejleszt\u00e9seket, amelyek az 30th Anniversary Edition k\u00fcl\u00f6nlegess\u00e9 tett\u00e9k, mik\u00f6zben a motor teljes\u00edtm\u00e9ny\u00e9t 205 l\u00f3er\u0151re emelt\u00e9k, \u00e9s ezt az er\u0151sebb motorv\u00e1ltozatot m\u00e1r az \u00f6sszes GTi modellre alkalmazz\u00e1k.<\/p>\n<p>Ahogy a Ford Fiesta eset\u00e9ben, \u00fagy a Peugeot 208 GTi is kiz\u00e1r\u00f3lag h\u00e1romajt\u00f3s v\u00e1ltozatban \u00e9rhet\u0151 el. A hagyom\u00e1nyos 208-t\u00f3l val\u00f3 megk\u00fcl\u00f6nb\u00f6ztet\u00e9s \u00e9rdek\u00e9ben a Peugeot egyedi, 3D-s kock\u00e1s mint\u00e1j\u00fa h\u0171t\u0151r\u00e1csot szerel a GTi-re, valamint massz\u00edvabb karossz\u00e9ri\u00e1t \u00e9s sport\u00fcl\u00e9seket kap az aut\u00f3. H\u00e1rom felszerelts\u00e9gi szint k\u00f6z\u00fcl v\u00e1laszthatunk, az alapmodellt egyszer\u0171en csak 208 GTi n\u00e9ven tal\u00e1ljuk. Ez a verzi\u00f3 meglep\u0151en j\u00f3l felszerelt, t\u00f6bbek k\u00f6z\u00f6tt 17 colos k\u00f6nny\u0171f\u00e9m ker\u00e9kt\u00e1rcs\u00e1kat, h\u00e1ts\u00f3 sz\u00e1rnyat, kanyart seg\u00edt\u0151 k\u00f6dl\u00e1mp\u00e1kat \u00e9s kr\u00f3mozott, kett\u0151s kipufog\u00f3v\u00e9geket k\u00edn\u00e1l k\u00fcls\u0151leg, m\u00edg bel\u00fcl digit\u00e1lis r\u00e1di\u00f3t (DAB) \u00e9s CD-lej\u00e1tsz\u00f3t, valamint egy h\u00e9tcolos \u00e9rint\u0151k\u00e9perny\u0151s infotainment rendszert tal\u00e1lunk.<\/p>\n<p>A GTi Prestige szint tov\u00e1bbi extr\u00e1kat tartalmaz, p\u00e9ld\u00e1ul k\u00fcl\u00f6nleges fekete felniket, navig\u00e1ci\u00f3s rendszert \u00e9s panor\u00e1ma tet\u0151t, ezzel a v\u00e1ltozat a luxus cs\u00facs\u00e1t k\u00e9pviseli a k\u00edn\u00e1latban.<\/p>\n<p>A GTi by Peugeot Sport a legdr\u00e1g\u00e1bb v\u00e1ltozat, de itt m\u00e1r nem a luxus, hanem a vezet\u00e9si \u00e9lm\u00e9ny \u00e1ll a k\u00f6z\u00e9ppontban. Ez a verzi\u00f3 18 colos k\u00f6nny\u0171f\u00e9m ker\u00e9kt\u00e1rcs\u00e1kat kap piros f\u00e9knyergekkel az els\u0151 kerekek m\u00f6g\u00f6tt, a fut\u00f3m\u0171 10 millim\u00e9terrel lejjebb ker\u00fclt, a nyomt\u00e1v pedig 6 millim\u00e9terrel sz\u00e9lesebb lett, mik\u00f6zben a leng\u00e9scsillap\u00edt\u00f3k \u00e9s a rug\u00f3k feszesebb be\u00e1ll\u00edt\u00e1st kaptak a prec\u00edzebb \u00e9s sportosabb menettulajdons\u00e1gok \u00e9rdek\u00e9ben.<\/p>\n","protected":false},"excerpt":{"rendered":"<p>Az utols\u00f3 l\u00e9pcs\u0151n\u00e9l megbotlottam, gurultam le, de k\u00f6zben a mozg\u00f3l\u00e9pcs\u0151 vitt felfel\u00e9. A m\u00f6g\u00f6ttem l\u00e9v\u0151kre estem r\u00e1. A haverom rohant&#8230; <span class=\"gridview-grid-post-read-more\"><a href=\"https:\/\/matrend.hu\/maitrend\/?p=3036\">read more<span class=\"gridview-sr-only\"> \u00dajabb trag\u00e9dia a Z\u00e1mb\u00f3 csal\u00e1dba!<\/span><\/a><\/span><\/p>\n","protected":false},"author":1,"featured_media":3037,"comment_status":"open","ping_status":"open","sticky":false,"template":"","format":"standard","meta":{"footnotes":""},"categories":[1],"tags":[],"class_list":["post-3036","post","type-post","status-publish","format-standard","has-post-thumbnail","hentry","category-egyeb","wpcat-1-id"],"_links":{"self":[{"href":"https:\/\/matrend.hu\/maitrend\/index.php?rest_route=\/wp\/v2\/posts\/3036","targetHints":{"allow":["GET"]}}],"collection":[{"href":"https:\/\/matrend.hu\/maitrend\/index.php?rest_route=\/wp\/v2\/posts"}],"about":[{"href":"https:\/\/matrend.hu\/maitrend\/index.php?rest_route=\/wp\/v2\/types\/post"}],"author":[{"embeddable":true,"href":"https:\/\/matrend.hu\/maitrend\/index.php?rest_route=\/wp\/v2\/users\/1"}],"replies":[{"embeddable":true,"href":"https:\/\/matrend.hu\/maitrend\/index.php?rest_route=%2Fwp%2Fv2%2Fcomments&post=3036"}],"version-history":[{"count":1,"href":"https:\/\/matrend.hu\/maitrend\/index.php?rest_route=\/wp\/v2\/posts\/3036\/revisions"}],"predecessor-version":[{"id":3038,"href":"https:\/\/matrend.hu\/maitrend\/index.php?rest_route=\/wp\/v2\/posts\/3036\/revisions\/3038"}],"wp:featuredmedia":[{"embeddable":true,"href":"https:\/\/matrend.hu\/maitrend\/index.php?rest_route=\/wp\/v2\/media\/3037"}],"wp:attachment":[{"href":"https:\/\/matrend.hu\/maitrend\/index.php?rest_route=%2Fwp%2Fv2%2Fmedia&parent=3036"}],"wp:term":[{"taxonomy":"category","embeddable":true,"href":"https:\/\/matrend.hu\/maitrend\/index.php?rest_route=%2Fwp%2Fv2%2Fcategories&post=3036"},{"taxonomy":"post_tag","embeddable":true,"href":"https:\/\/matrend.hu\/maitrend\/index.php?rest_route=%2Fwp%2Fv2%2Ftags&post=3036"}],"curies":[{"name":"wp","href":"https:\/\/api.w.org\/{rel}","templated":true}]}}