{"id":3051,"date":"2025-07-20T17:07:00","date_gmt":"2025-07-20T15:07:00","guid":{"rendered":"https:\/\/matrend.hu\/maitrend\/?p=3051"},"modified":"2025-07-20T17:07:00","modified_gmt":"2025-07-20T15:07:00","slug":"magyar-peter-csonakban-tancolt-aztan-jott-a-varatlan","status":"publish","type":"post","link":"https:\/\/matrend.hu\/maitrend\/?p=3051","title":{"rendered":"Magyar P\u00e9ter Cs\u00f3nakban t\u00e1ncolt azt\u00e1n j\u00f6tt a v\u00e1ratlan!"},"content":{"rendered":"<h3>TTOK-on p\u00e1r szem\u00e9ly szemtan\u00faja volt az esem\u00e9nynek! Amint v\u00e9get \u00e9rt a trend p\u00e1r m\u00e9terre r\u00e1 az \u00e1ll\u00edt\u00e1suk szerint Magyar P\u00e9ter belesett a Tisz\u00e1ba. Majd az evez\u0151s h\u00f6lgynek kellett kimenteni! Az esem\u00e9nyr\u0151l nincs hiv\/ta\/os forr\u00e1s! Csup\u00e1n csak 4 TTOK szemtan\u00fa! Neked mi a v\u00e9lem\u00e9nyed? Val\u00f3ban papucs n\u00e9lk\u00fcl megcs\u00faszhatott a vizes cs\u00f3nakon?<\/h3>\n<p>Forr\u00e1s: MSN \/ FB \/ TTOK \/ EZT<\/p>\n<p>&#8211;<\/p>\n<p>A Nissan Note eredetileg 2005-ben jelent meg az Egyes\u00fclt Kir\u00e1lys\u00e1g piac\u00e1n, f\u0151 riv\u00e1lis\u00e1nak a Honda Jazz sz\u00e1m\u00edtott. A jelenlegi, m\u00e1sodik gener\u00e1ci\u00f3s v\u00e1ltozat 2013-ban mutatkozott be, \u00e9s 2017-ben vonult ki a piacr\u00f3l, amikor a teljesen \u00faj Nissan Micra v\u00e1ltotta. A Jazz tov\u00e1bbra is k\u00f6zvetlen versenyt\u00e1rs maradt, de a Note \u00e1raz\u00e1sa lehet\u0151v\u00e9 tette, hogy olyan n\u00e9pszer\u0171 modellekkel is felvegye a versenyt, mint a Ford Fiesta, a Vauxhall Corsa vagy a Volkswagen Polo. A Nissan teh\u00e1t olyan v\u00e1s\u00e1rl\u00f3kat c\u00e9lzott meg, akik a szupermini m\u00e9retet keresik, de t\u00f6bb bels\u0151 t\u00e9rre, nagyobb fejt\u00e9rre \u00e9s jobb pakolhat\u00f3s\u00e1gra v\u00e1gynak \u2013 ez\u00e9rt is kapott a Note egyf\u00e9le mini egyter\u0171 (MPV) formavil\u00e1got. A Note m\u00e1sik k\u00e9t fontos riv\u00e1lisa ebben a praktikusabb kisaut\u00f3-szegmensben a Vauxhall Meriva \u00e9s a Citro\u00ebn C3 Picasso.<\/p>\n<p>B\u00e1r a Note nem a leg\u00fajabb fejleszt\u00e9s a Nissan k\u00edn\u00e1lat\u00e1ban, m\u00e9g mindig vonz\u00f3 lehet\u0151s\u00e9g lehet azoknak, akik egy k\u00f6nnyen kezelhet\u0151, gazdas\u00e1gos, m\u00e9gis mutat\u00f3s kisaut\u00f3t keresnek \u2013 k\u00fcl\u00f6n\u00f6sen, ha siker\u00fcl egy j\u00f3l felszerelt p\u00e9ld\u00e1nyt kedvez\u0151 \u00e1ron kifogni. A k\u00e9rd\u00e9s ink\u00e1bb az, hogy mennyi ideig marad m\u00e9g a piacon, hiszen a kateg\u00f3ri\u00e1ja egyre sz\u0171k\u00fcl, \u00e9s a vev\u0151i figyelem egyre ink\u00e1bb m\u00e1s t\u00edpusok fel\u00e9 fordul.<\/p>\n<p>A Nissan Note k\u00edn\u00e1lata meglehet\u0151sen egyszer\u0171, hiszen mind\u00f6ssze h\u00e1romf\u00e9le motorral \u00e9rhet\u0151 el: k\u00e9t benzinessel \u00e9s egy d\u00edzellel. A d\u00edzel egy 1,5 literes motor, amelyet a Renault-Nissan sz\u00f6vets\u00e9g t\u00f6bb modellje is haszn\u00e1l. Ez egy megb\u00edzhat\u00f3, takar\u00e9kos egys\u00e9g, de a legt\u00f6bb figyelem m\u00e9gis a benzines v\u00e1ltozatokra ir\u00e1nyul.<\/p>\n<p>A bel\u00e9p\u0151 szint\u0171 benzinmotor egy 1,2 literes, h\u00e1romhengeres egys\u00e9g, amely 79 l\u00f3er\u0151t teljes\u00edt. Ez a motor kis m\u00e9rete ellen\u00e9re meglep\u0151en j\u00f3l viselkedik: nyomat\u00e9kosabb, mint els\u0151re gondoln\u00e1nk, \u00e9s k\u00f6nnyen, finoman p\u00f6r\u00f6g fel, \u00edgy a h\u00e9tk\u00f6znapi k\u00f6zleked\u00e9shez b\u0151ven elegend\u0151.<\/p>\n<p>Ha azonban valaki egy dinamikusabb, \u00e9l\u00e9nkebb vezet\u00e9si \u00e9lm\u00e9nyre v\u00e1gyik, akkor egy\u00e9rtelm\u0171en a 1.2 DiG-S motort \u00e9rdemes v\u00e1lasztani. Ez a v\u00e1ltozat tulajdonk\u00e9ppen ugyanarra az alap h\u00e1romhengeres motorra \u00e9p\u00fcl, de egy kompresszort (felt\u00f6lt\u0151t) is kapott, ami jelent\u0151sen megn\u00f6veli a teljes\u00edtm\u00e9ny\u00e9t: 97 l\u00f3er\u0151t tud, de m\u00e9g fontosabb, hogy a nyomat\u00e9ka 110 Nm-r\u0151l 147 Nm-re n\u0151tt. Ez az extra nyomat\u00e9k f\u0151k\u00e9nt menet k\u00f6zben \u00e9rezhet\u0151, amikor kevesebbet kell visszakapcsolni, \u00e9s az aut\u00f3 rugalmasabban gyors\u00edt p\u00e9ld\u00e1ul el\u0151z\u00e9skor vagy emelked\u0151n.<\/p>\n","protected":false},"excerpt":{"rendered":"<p>TTOK-on p\u00e1r szem\u00e9ly szemtan\u00faja volt az esem\u00e9nynek! Amint v\u00e9get \u00e9rt a trend p\u00e1r m\u00e9terre r\u00e1 az \u00e1ll\u00edt\u00e1suk szerint Magyar P\u00e9ter&#8230; <span class=\"gridview-grid-post-read-more\"><a href=\"https:\/\/matrend.hu\/maitrend\/?p=3051\">read more<span class=\"gridview-sr-only\"> Magyar P\u00e9ter Cs\u00f3nakban t\u00e1ncolt azt\u00e1n j\u00f6tt a v\u00e1ratlan!<\/span><\/a><\/span><\/p>\n","protected":false},"author":1,"featured_media":3052,"comment_status":"open","ping_status":"open","sticky":false,"template":"","format":"standard","meta":{"footnotes":""},"categories":[1],"tags":[],"class_list":["post-3051","post","type-post","status-publish","format-standard","has-post-thumbnail","hentry","category-egyeb","wpcat-1-id"],"_links":{"self":[{"href":"https:\/\/matrend.hu\/maitrend\/index.php?rest_route=\/wp\/v2\/posts\/3051","targetHints":{"allow":["GET"]}}],"collection":[{"href":"https:\/\/matrend.hu\/maitrend\/index.php?rest_route=\/wp\/v2\/posts"}],"about":[{"href":"https:\/\/matrend.hu\/maitrend\/index.php?rest_route=\/wp\/v2\/types\/post"}],"author":[{"embeddable":true,"href":"https:\/\/matrend.hu\/maitrend\/index.php?rest_route=\/wp\/v2\/users\/1"}],"replies":[{"embeddable":true,"href":"https:\/\/matrend.hu\/maitrend\/index.php?rest_route=%2Fwp%2Fv2%2Fcomments&post=3051"}],"version-history":[{"count":1,"href":"https:\/\/matrend.hu\/maitrend\/index.php?rest_route=\/wp\/v2\/posts\/3051\/revisions"}],"predecessor-version":[{"id":3053,"href":"https:\/\/matrend.hu\/maitrend\/index.php?rest_route=\/wp\/v2\/posts\/3051\/revisions\/3053"}],"wp:featuredmedia":[{"embeddable":true,"href":"https:\/\/matrend.hu\/maitrend\/index.php?rest_route=\/wp\/v2\/media\/3052"}],"wp:attachment":[{"href":"https:\/\/matrend.hu\/maitrend\/index.php?rest_route=%2Fwp%2Fv2%2Fmedia&parent=3051"}],"wp:term":[{"taxonomy":"category","embeddable":true,"href":"https:\/\/matrend.hu\/maitrend\/index.php?rest_route=%2Fwp%2Fv2%2Fcategories&post=3051"},{"taxonomy":"post_tag","embeddable":true,"href":"https:\/\/matrend.hu\/maitrend\/index.php?rest_route=%2Fwp%2Fv2%2Ftags&post=3051"}],"curies":[{"name":"wp","href":"https:\/\/api.w.org\/{rel}","templated":true}]}}