{"id":3069,"date":"2025-07-21T16:59:20","date_gmt":"2025-07-21T14:59:20","guid":{"rendered":"https:\/\/matrend.hu\/maitrend\/?p=3069"},"modified":"2025-07-21T16:59:20","modified_gmt":"2025-07-21T14:59:20","slug":"sirva-jelentette-be-demcsak-zsuzsa","status":"publish","type":"post","link":"https:\/\/matrend.hu\/maitrend\/?p=3069","title":{"rendered":"S\u00edrva jelentette be Demcs\u00e1k Zsuzsa!"},"content":{"rendered":"<h3>Zsuzsa szerette volna elk\u00eds\u00e9rni fi\u00e1t, de a forgat\u00e1sok k\u00f6zbesz\u00f3ltak \u2013 \u00edgy csak k\u00e9s\u0151bb rep\u00fclhet ut\u00e1na. Addig is k\u00f6z\u00f6sen b\u00facs\u00faztak egy utols\u00f3 ny\u00e1ri h\u00e9tv\u00e9g\u00e9vel, \u00e9s azzal a tervvel, hogy majd egy\u00fctt v\u00e1lasztj\u00e1k ki a koll\u00e9giumi szob\u00e1ba az els\u0151 b\u00fatorokat. Egy korszak lez\u00e1rul \u2013 de az anya sz\u00edve \u00f6r\u00f6kre nyitva marad.<\/h3>\n<p>VIA Bors<\/p>\n<p>&#8211;<\/p>\n<p>Van n\u00e9mi gyakorlati \u00e9rtelme annak, hogy a C3 \u00f6t h\u00fcvelykkel magasabb lett. A felfel\u00e9 t\u00f6rt\u00e9n\u0151 ny\u00fajt\u00e1s nem befoly\u00e1solja, mennyi helyet foglal el az aut\u00f3 a j\u00e1rda mellett, viszont lehet\u0151v\u00e9 teszi a Citro\u00ebn sz\u00e1m\u00e1ra, hogy kompenz\u00e1lja az akkumul\u00e1torcsomag padl\u00f3 alatti elhelyez\u00e9s\u00e9nek hat\u00e1s\u00e1t az utast\u00e9r kialak\u00edt\u00e1s\u00e1ra, \u00e9s emellett t\u00f6bb helyet biztos\u00edtson az utasoknak az\u00e1ltal, hogy kev\u00e9sb\u00e9 h\u00e1trad\u00f6nt\u00f6tt testhelyzetben \u00fclhetnek, mint egy\u00e9bk\u00e9nt.<br \/>\n\u00cdgy az \u00eb-C3 meglep\u0151en t\u00e1gas \u00e9rzetet kelt a szupermini kateg\u00f3ri\u00e1ban, k\u00fcl\u00f6n\u00f6sen az els\u0151 sorban k\u00edn\u00e1l b\u0151s\u00e9ges fejteret, \u00e9s a m\u00e1sodik sorban is elegend\u0151 helyet ny\u00fajt ahhoz, hogy a legt\u00f6bb feln\u0151tt k\u00e9nyelmesen elf\u00e9rjen.<br \/>\nA magasan elhelyezett m\u0171szeregys\u00e9g val\u00f3j\u00e1ban egy felfel\u00e9 n\u00e9z\u0151 kijelz\u0151r\u0151l vet\u00fcl ki, amely a m\u0171szerfal tetej\u00e9be van s\u00fcllyesztve, \u00e9s periszk\u00f3pszer\u0171en t\u00fckr\u00f6z\u0151dik vissza a vezet\u0151 fel\u00e9. Ez lehet\u0151v\u00e9 teszi, hogy a kijelz\u0151t eg\u00e9szen az ablak alatti s\u00edkra helyezz\u00e9k \u2013 pazarl\u00e1s n\u00e9lk\u00fcli, okos megold\u00e1s.<br \/>\nM\u00e9r\u00e9seink szerint az els\u0151 sorban 1010 mm fejteret kapunk (20 mm-rel t\u00f6bbet, mint a Toyota Yarisban), m\u00edg a m\u00e1sodik sorban 660 mm l\u00e1bt\u00e9r \u00e1ll rendelkez\u00e9sre (Toyota Yaris: 630 mm, Nissan Micra: 640 mm). Az \u00fcl\u00e9sp\u00e1rn\u00e1k kiss\u00e9 laposak, a d\u0151l\u00e9ssz\u00f6g\u00fck nem ide\u00e1lis, de b\u00e1r a magas padl\u00f3szint miatt a h\u00e1ts\u00f3 sor hosszabb t\u00e1von kev\u00e9sb\u00e9 k\u00e9nyelmes, el\u00f6l j\u00f3l p\u00e1rn\u00e1zott, m\u00e9rs\u00e9kelten \u00e1ll\u00edthat\u00f3 \u00fcl\u00e9sek v\u00e1rj\u00e1k az utasokat.<\/p>\n<p>Az \u00eb-C3 vezet\u00e9si poz\u00edci\u00f3ja egy kicsit a testv\u00e9rm\u00e1rka Peugeot i-Cockpit megk\u00f6zel\u00edt\u00e9s\u00e9t id\u00e9zi. A korm\u00e1nyker\u00e9k kicsi, m\u00e9lyr\u0151l indul a korm\u00e1nyoszlop, m\u00edg a teljesen digit\u00e1lis m\u0171szeregys\u00e9g a sz\u00e9lv\u00e9d\u0151 t\u00f6v\u00e9ben, magasan helyezkedik el a m\u0171szerfalon.<br \/>\nAz els\u0151dleges kezel\u0151fel\u00fcletek elrendez\u00e9se alapvet\u0151en j\u00f3l m\u0171k\u00f6dik. A teljes sz\u00e9less\u00e9g\u0171, k\u00e9tszintes m\u0171szerfalon \u00edgy rengeteg pakol\u00f3hely maradt, s\u0151t a kis sarkokat \u00e9s s\u00edk fel\u00fcleteket ak\u00e1r sz\u00ednes apr\u00f3s\u00e1gokkal is d\u00edsz\u00edtheted, ha \u00e9pp olyan a hangulatod.<br \/>\nAz \u00eb-C3 fizikai kezel\u0151szervei \u2013 a f\u0171t\u00e9s \u00e9s szell\u0151z\u00e9s, a t\u00fckr\u00f6k \u00e1ll\u00edt\u00e1sa, valamint a vezet\u00e9st\u00e1mogat\u00f3 rendszerek deaktiv\u00e1l\u00e1sa k\u00fcl\u00f6n gombbal \u2013 j\u00f3l mutatj\u00e1k, mennyire \u00e9rt\u00e9keli a Citro\u00ebn az egyszer\u0171s\u00e9get \u00e9s a felhaszn\u00e1l\u00f3bar\u00e1ts\u00e1got.<br \/>\nA 10,3 h\u00fcvelykes \u00e9rint\u0151k\u00e9perny\u0151s infotainment rendszer m\u00e1r tal\u00e1n t\u00fals\u00e1gosan is egyszer\u0171. P\u00e9ld\u00e1ul nincs benne fed\u00e9lzeti sz\u00e1m\u00edt\u00f3g\u00e9p funkci\u00f3, nincs m\u00f3d az elektronikus kip\u00f6rg\u00e9sg\u00e1tl\u00f3 vagy menetstabiliz\u00e1l\u00f3 ki- \u00e9s bekapcsol\u00e1s\u00e1ra, s\u0151t m\u00e9g a gy\u00e1ri navig\u00e1ci\u00f3ban sem lehet a m\u00e9rt\u00e9kegys\u00e9geket \u00e1tv\u00e1ltani metrikusr\u00f3l angolsz\u00e1szra (a tesztaut\u00f3nk v\u00e9gig a metrikus egys\u00e9gekhez ragaszkodott).<br \/>\nA vezet\u00e9k n\u00e9lk\u00fcli telefon-t\u00fckr\u00f6z\u00e9s (Apple CarPlay, Android Auto) alapfelszerelts\u00e9g a Plus \u00e9s Max felszerelts\u00e9gi szinteken, \u00e9s tapasztalataink szerint ez lesz az, amit a legt\u00f6bben haszn\u00e1lnak majd. \u00d6sszess\u00e9g\u00e9ben a kijelz\u0151 nem t\u00fal zavar\u00f3, f\u0151k\u00e9nt mert maga a rendszer el\u00e9g korl\u00e1tozott funkci\u00f3kat k\u00edn\u00e1l.<\/p>\n","protected":false},"excerpt":{"rendered":"<p>Zsuzsa szerette volna elk\u00eds\u00e9rni fi\u00e1t, de a forgat\u00e1sok k\u00f6zbesz\u00f3ltak \u2013 \u00edgy csak k\u00e9s\u0151bb rep\u00fclhet ut\u00e1na. Addig is k\u00f6z\u00f6sen b\u00facs\u00faztak egy&#8230; <span class=\"gridview-grid-post-read-more\"><a href=\"https:\/\/matrend.hu\/maitrend\/?p=3069\">read more<span class=\"gridview-sr-only\"> S\u00edrva jelentette be Demcs\u00e1k Zsuzsa!<\/span><\/a><\/span><\/p>\n","protected":false},"author":1,"featured_media":3070,"comment_status":"open","ping_status":"open","sticky":false,"template":"","format":"standard","meta":{"footnotes":""},"categories":[1],"tags":[],"class_list":["post-3069","post","type-post","status-publish","format-standard","has-post-thumbnail","hentry","category-egyeb","wpcat-1-id"],"_links":{"self":[{"href":"https:\/\/matrend.hu\/maitrend\/index.php?rest_route=\/wp\/v2\/posts\/3069","targetHints":{"allow":["GET"]}}],"collection":[{"href":"https:\/\/matrend.hu\/maitrend\/index.php?rest_route=\/wp\/v2\/posts"}],"about":[{"href":"https:\/\/matrend.hu\/maitrend\/index.php?rest_route=\/wp\/v2\/types\/post"}],"author":[{"embeddable":true,"href":"https:\/\/matrend.hu\/maitrend\/index.php?rest_route=\/wp\/v2\/users\/1"}],"replies":[{"embeddable":true,"href":"https:\/\/matrend.hu\/maitrend\/index.php?rest_route=%2Fwp%2Fv2%2Fcomments&post=3069"}],"version-history":[{"count":1,"href":"https:\/\/matrend.hu\/maitrend\/index.php?rest_route=\/wp\/v2\/posts\/3069\/revisions"}],"predecessor-version":[{"id":3071,"href":"https:\/\/matrend.hu\/maitrend\/index.php?rest_route=\/wp\/v2\/posts\/3069\/revisions\/3071"}],"wp:featuredmedia":[{"embeddable":true,"href":"https:\/\/matrend.hu\/maitrend\/index.php?rest_route=\/wp\/v2\/media\/3070"}],"wp:attachment":[{"href":"https:\/\/matrend.hu\/maitrend\/index.php?rest_route=%2Fwp%2Fv2%2Fmedia&parent=3069"}],"wp:term":[{"taxonomy":"category","embeddable":true,"href":"https:\/\/matrend.hu\/maitrend\/index.php?rest_route=%2Fwp%2Fv2%2Fcategories&post=3069"},{"taxonomy":"post_tag","embeddable":true,"href":"https:\/\/matrend.hu\/maitrend\/index.php?rest_route=%2Fwp%2Fv2%2Ftags&post=3069"}],"curies":[{"name":"wp","href":"https:\/\/api.w.org\/{rel}","templated":true}]}}