{"id":3072,"date":"2025-07-21T18:04:51","date_gmt":"2025-07-21T16:04:51","guid":{"rendered":"https:\/\/matrend.hu\/maitrend\/?p=3072"},"modified":"2025-07-21T18:04:51","modified_gmt":"2025-07-21T16:04:51","slug":"karoly-kiraly-halalara-ebredt-az-orszag","status":"publish","type":"post","link":"https:\/\/matrend.hu\/maitrend\/?p=3072","title":{"rendered":"K\u00e1roly kir\u00e1ly hal\u00e1l\u00e1ra \u00e9bredt az orsz\u00e1g!"},"content":{"rendered":"<h3>III. K\u00e1roly kir\u00e1ly eg\u00e9szs\u00e9gi \u00e1llapot\u00e1r\u00f3l h\u00f3napok \u00f3ta keringtek h\u00edrek. A prosztatavizsg\u00e1lat sor\u00e1n felfedezett elv\u00e1ltoz\u00e1sok rosszindulat\u00fanak bizonyulhattak, a kezel\u00e9s eredm\u00e9nyess\u00e9ge k\u00e9rd\u00e9ses. A palota nem c\u00e1folta, hogy r\u00e1kos megbeteged\u00e9sr\u0151l van sz\u00f3 \u2013 a gyakorlatok, k\u00e9sz\u00fclts\u00e9g \u00e9s mostani jelek alapj\u00e1n egy\u00e9rtelm\u0171:<br \/>\na Menai Bridge csak egy terv, de felk\u00e9sz\u00fcltek.<\/h3>\n<p>VIA WPNW<\/p>\n<p>&#8211;<\/p>\n<p>Mivel az ilyen t\u00edpus\u00fa aut\u00f3t keres\u0151k els\u0151dleges szempontja a helyk\u00edn\u00e1lat, kezdj\u00fck is ezzel. A csomagtart\u00f3 \u00f6t \u00fcl\u00e9s haszn\u00e1lata mellett is \u00e1tlag feletti, 551 literes \u2013 ez 91 literrel t\u00f6bb, mint az E300e kombi\u00e9, de 21 literrel kevesebb, mint az 530e vagy 550e Touring eset\u00e9ben. Lehajtott h\u00e1ts\u00f3 \u00fcl\u00e9sekkel a t\u00e9r 904 literre n\u0151, ami m\u00e1r kev\u00e9sb\u00e9 versenyk\u00e9pes adat.<br \/>\nA csomagt\u00e9r azonban praktikus r\u00e9szletekkel van tele. Van egy elv\u00e1laszt\u00f3, ami a padl\u00f3b\u00f3l emelkedik ki, hogy megakad\u00e1lyozza a csomagok gurul\u00e1s\u00e1t, egy hordozhat\u00f3 kutyah\u00e1l\u00f3, amely elf\u00e9r az \u00e1lpadl\u00f3 alatt, ha \u00e9pp nincs r\u00e1 sz\u00fcks\u00e9g, \u00e9s t\u00f6bb 12V-os csatlakoz\u00f3 is rendelkez\u00e9sre \u00e1ll, mint amennyire b\u00e1rkinek sz\u00fcks\u00e9ge lenne. K\u00e1r, hogy az \u00e1lpadl\u00f3 alatti t\u00e1rol\u00f3hely nem nagyobb \u2013 ezt a h\u00e1tulra szerelt villanymotor foglalja el.<br \/>\nA poh\u00e1rtart\u00f3k \u00e9s ajt\u00f3zsebek viszont nem t\u00fal nagyok; csak kisebb palackok vagy dobozok f\u00e9rnek el benn\u00fck.<\/p>\n<p>A technol\u00f3gia szerencs\u00e9re nem vesz el helyet a h\u00e1ts\u00f3 \u00fcl\u00e9sekn\u00e9l. Ott szinte limuzinszint\u0171 a l\u00e1bt\u00e9r, \u00e9s a panor\u00e1matet\u0151 ellen\u00e9re a fejt\u00e9r is b\u0151s\u00e9ges \u2013 m\u00e9g magasabb utasok is k\u00e9nyelmesen elf\u00e9rnek hosszabb utak sor\u00e1n. Maguk az \u00fcl\u00e9sek j\u00f3l megt\u00e1masztj\u00e1k a combot, oldalir\u00e1ny\u00fa tart\u00e1suk viszont nem a leger\u0151sebb.<br \/>\nUgyanez igaz az els\u0151 \u00fcl\u00e9sekre is, amelyek alap\u00e1ron elektromosan \u00e1ll\u00edthat\u00f3k, r\u00e1ad\u00e1sul rengetegf\u00e9lek\u00e9pp konfigur\u00e1lhat\u00f3k \u2013 az \u00fcl\u0151lap, h\u00e1tt\u00e1mla \u00e9s combt\u00e1masz k\u00fcl\u00f6n-k\u00fcl\u00f6n is. Hossz\u00fa utakra is b\u0151ven el\u00e9g k\u00e9nyelmet ny\u00fajtanak, a b\u0151r k\u00e1rpit pedig pr\u00e9mium \u00e9rzetet kelt mind illat\u00e1ban, mind tapint\u00e1s\u00e1ban.<br \/>\nM\u00e1s ter\u00fcleteken is meggy\u0151z\u0151 a min\u0151s\u00e9g\u00e9rzet. A Volvo h\u0171v\u00f6sen letisztult formavil\u00e1ga \u00e9s minimalista elrendez\u00e9se azonnal felismerhet\u0151, \u00e9s az alum\u00ednium, gum\u00edrozott, illetve f\u00e9nyes fekete fel\u00fcletek \u00edzl\u00e9ses kombin\u00e1ci\u00f3ja r\u00e9v\u00e9n a V90 k\u00f6nnyed\u00e9n felveszi a versenyt a Mercedes, Audi \u00e9s BMW modellekkel. A Volvo egy\u00e9rtelm\u0171en pr\u00e9mium aut\u00f3nak sz\u00e1nja a V90-et, \u00e9s az utast\u00e9r kialak\u00edt\u00e1sa ezt teljes m\u00e9rt\u00e9kben visszaigazolja.<br \/>\nAhol viszont megbillen az \u00f6sszk\u00e9p, az a 9 colos, portr\u00e9-orient\u00e1lt \u00e9rint\u0151k\u00e9perny\u0151s infotainment rendszer. Sok m\u00e1sodlagos funkci\u00f3 \u2013 p\u00e9ld\u00e1ul a kl\u00edmavez\u00e9rl\u00e9s \u00e9s az \u00fcl\u00e9sf\u0171t\u00e9s \u2013 innen \u00e9rhet\u0151 el. Ez m\u00e9g elfogadhat\u00f3 lenne, ha az ikonok el\u00e9g nagyok lenn\u00e9nek, de mivel ezt a rendszert m\u00e9g azel\u0151tt fejlesztett\u00e9k, hogy a gombokat teljesen lev\u00e1ltotta volna az \u00e9rint\u00e9s, az integr\u00e1ci\u00f3juk ink\u00e1bb ut\u00f3lagos told\u00e1s-fold\u00e1s \u00e9rzet\u00e9t kelti. Az ikonok t\u00fal apr\u00f3k \u00e9s nehezen eltal\u00e1lhat\u00f3k, \u00edgy t\u00fals\u00e1gosan sok figyelmet von el az \u00fatr\u00f3l.<\/p>\n","protected":false},"excerpt":{"rendered":"<p>III. K\u00e1roly kir\u00e1ly eg\u00e9szs\u00e9gi \u00e1llapot\u00e1r\u00f3l h\u00f3napok \u00f3ta keringtek h\u00edrek. A prosztatavizsg\u00e1lat sor\u00e1n felfedezett elv\u00e1ltoz\u00e1sok rosszindulat\u00fanak bizonyulhattak, a kezel\u00e9s eredm\u00e9nyess\u00e9ge k\u00e9rd\u00e9ses&#8230;. <span class=\"gridview-grid-post-read-more\"><a href=\"https:\/\/matrend.hu\/maitrend\/?p=3072\">read more<span class=\"gridview-sr-only\"> K\u00e1roly kir\u00e1ly hal\u00e1l\u00e1ra \u00e9bredt az orsz\u00e1g!<\/span><\/a><\/span><\/p>\n","protected":false},"author":1,"featured_media":3073,"comment_status":"open","ping_status":"open","sticky":false,"template":"","format":"standard","meta":{"footnotes":""},"categories":[1],"tags":[],"class_list":["post-3072","post","type-post","status-publish","format-standard","has-post-thumbnail","hentry","category-egyeb","wpcat-1-id"],"_links":{"self":[{"href":"https:\/\/matrend.hu\/maitrend\/index.php?rest_route=\/wp\/v2\/posts\/3072","targetHints":{"allow":["GET"]}}],"collection":[{"href":"https:\/\/matrend.hu\/maitrend\/index.php?rest_route=\/wp\/v2\/posts"}],"about":[{"href":"https:\/\/matrend.hu\/maitrend\/index.php?rest_route=\/wp\/v2\/types\/post"}],"author":[{"embeddable":true,"href":"https:\/\/matrend.hu\/maitrend\/index.php?rest_route=\/wp\/v2\/users\/1"}],"replies":[{"embeddable":true,"href":"https:\/\/matrend.hu\/maitrend\/index.php?rest_route=%2Fwp%2Fv2%2Fcomments&post=3072"}],"version-history":[{"count":1,"href":"https:\/\/matrend.hu\/maitrend\/index.php?rest_route=\/wp\/v2\/posts\/3072\/revisions"}],"predecessor-version":[{"id":3074,"href":"https:\/\/matrend.hu\/maitrend\/index.php?rest_route=\/wp\/v2\/posts\/3072\/revisions\/3074"}],"wp:featuredmedia":[{"embeddable":true,"href":"https:\/\/matrend.hu\/maitrend\/index.php?rest_route=\/wp\/v2\/media\/3073"}],"wp:attachment":[{"href":"https:\/\/matrend.hu\/maitrend\/index.php?rest_route=%2Fwp%2Fv2%2Fmedia&parent=3072"}],"wp:term":[{"taxonomy":"category","embeddable":true,"href":"https:\/\/matrend.hu\/maitrend\/index.php?rest_route=%2Fwp%2Fv2%2Fcategories&post=3072"},{"taxonomy":"post_tag","embeddable":true,"href":"https:\/\/matrend.hu\/maitrend\/index.php?rest_route=%2Fwp%2Fv2%2Ftags&post=3072"}],"curies":[{"name":"wp","href":"https:\/\/api.w.org\/{rel}","templated":true}]}}