{"id":3086,"date":"2025-07-22T18:13:13","date_gmt":"2025-07-22T16:13:13","guid":{"rendered":"https:\/\/matrend.hu\/maitrend\/?p=3086"},"modified":"2025-07-22T18:19:08","modified_gmt":"2025-07-22T16:19:08","slug":"majka-hatalmas-dramaja","status":"publish","type":"post","link":"https:\/\/matrend.hu\/maitrend\/?p=3086","title":{"rendered":"Majka hatalmas dr\u00e1m\u00e1ja!"},"content":{"rendered":"<h3>Magyarorsz\u00e1g b\u00fc\/tet\u0151 t\/rv\u00e9n\/k\u00f6ny\/e szerint az er\/sz\/kr\/ val\u00f3 fe\/bu\/t\u00e1s, us\/\u00edt\/s vagy konkr\u00e9t csel\/km\u00e9\/nyre val\u00f3 fe\/h\u00ed\/\u00e1s b\u00fcn\/te\/het\u0151 lehet. Majka menedzsmentje \u00e9s az \u00e9nekes maga is t\u00f6bbsz\u00f6r hangs\u00falyozta: \u201eez egy geg\u201d! A k\u00f6zbesz\u00e9dben egyre m\u00e9ly\u00fcl az \u00e9rz\u00e9kenys\u00e9g az ilyen performanszokkal szemben \u2013 mind a korm\u00e1nyp\u00e1rti, mind az ellenz\u00e9ki oldalon. A rajong\u00f3k szerint Maj\u00e1t azonnal fel kell je\/ent\/ni \u00e9s le kell tar\/\u00f3z\/atni! Neked mi a v\u00e9lem\u00e9nyed?<\/h3>\n<p>Forr\u00e1s: MSN \/ FB \/ TTOK \/ EZT<\/p>\n<p>&#8211;<\/p>\n<p>A Land Rover igaz\u00e1n remek munk\u00e1t v\u00e9gzett azzal, hogy a Defender modellt \u00e1temelte a 21. sz\u00e1zadba, mik\u00f6zben h\u0171 maradt az ikonikus el\u0151dh\u00f6z. B\u00e1r az aut\u00f3 \u00f6sszk\u00e9pe egy\u00e9rtelm\u0171 utal\u00e1sokat hordoz a kor\u00e1bbi gener\u00e1ci\u00f3ra, a val\u00f3s\u00e1gban ez a modern 4&#215;4-es m\u00e1r egy eg\u00e9szen m\u00e1s szintet k\u00e9pvisel. Nem csup\u00e1n egy retr\u00f3 diz\u00e1jnelem, hanem egy val\u00f3di, technol\u00f3giailag fejlett terepj\u00e1r\u00f3, amely a leg\u00fajabb technol\u00f3giai megold\u00e1sokat \u00f6tv\u00f6zi a m\u00e1rka hagyom\u00e1nyos strapab\u00edr\u00f3s\u00e1g\u00e1val.<\/p>\n<p>A karossz\u00e9ria ar\u00e1nyai m\u00e9g mindig eml\u00e9keztetnek a r\u00e9gi Defenderre, de minden nagyobb, robusztusabb \u00e9s l\u00e1that\u00f3an a praktikum jegy\u00e9ben lett tervezve. Ez m\u00e1r nem az a sp\u00e1rtai terepj\u00e1r\u00f3, amit a hadsereg \u00e9s farmerek haszn\u00e1ltak, m\u00e9gis megmaradt benne valami abb\u00f3l a purit\u00e1n, \u201eb\u00e1rmit kib\u00edr\u00f3\u201d szellemis\u00e9gb\u0151l. A bels\u0151 t\u00e9r p\u00e9ld\u00e1ul tudatosan nem rejti el a funkcion\u00e1lis r\u00e9szleteket: a csavarfejek szabadon l\u00e1that\u00f3k, az alum\u00ednium fel\u00fcletek porsz\u00f3rt bevonattal vannak ell\u00e1tva, \u00e9s egy massz\u00edv magn\u00e9zium\u00f6tv\u00f6zet v\u00e1laszt\u00f3fal osztja meg a teret. A karossz\u00e9ria sz\u00edn\u00e9vel megegyez\u0151 f\u00e9mcs\u00edkok \u00e9s a lemoshat\u00f3, form\u00e1zott gumibor\u00edt\u00e1s\u00fa padl\u00f3 is azt sugallja, hogy ez az aut\u00f3 nemcsak v\u00e1rosi divatcikk, hanem val\u00f3di terepmunk\u00e1ra termett g\u00e9p.<\/p>\n<p>B\u00e1r a luxus szintje nem \u00e9ri el a hagyom\u00e1nyos Land Rover modellek\u00e9t, a bels\u0151 t\u00e9r \u00edgy is rendk\u00edv\u00fcl karakteres \u00e9s h\u0171 marad az aut\u00f3 c\u00e9lj\u00e1hoz: robusztus, j\u00f3l \u00f6sszerakott, \u00e9s m\u00e9gis meglep\u0151en k\u00e9nyelmes. A fontosabb helyeken puha tapint\u00e1s\u00fa anyagokat alkalmaztak, \u00edgy a pr\u00e9mium \u00e9rzet sem veszett el teljesen, s\u0151t, a kontraszt m\u00e9g jobban kiemeli a Defender k\u00fcl\u00f6nlegess\u00e9g\u00e9t.<\/p>\n<p>A felszerelts\u00e9gi szintek sz\u00e9les v\u00e1laszt\u00e9ka lehet\u0151v\u00e9 teszi, hogy mindenki megtal\u00e1lja a sz\u00e1m\u00e1ra ide\u00e1lis v\u00e1ltozatot. Az \u201eS\u201d felszerelts\u00e9g alapb\u00f3l 19 colos k\u00f6nny\u0171f\u00e9m ker\u00e9kt\u00e1rcs\u00e1kkal, LED-es f\u00e9nysz\u00f3r\u00f3kkal, f\u0171thet\u0151 \u00fcl\u00e9sekkel, vezet\u00e9k n\u00e9lk\u00fcli telefont\u00f6lt\u00e9ssel \u00e9s elektromosan behajthat\u00f3 visszapillant\u00f3 t\u00fckr\u00f6kkel \u00e9rkezik. Aki eggyel magasabb szintet v\u00e1laszt, vagyis az X-Dynamic SE kivitelt, az m\u00e1r 20 colos kerekeket, s\u00f6t\u00e9t\u00edtett \u00fcvegeket, kontrasztos fekete tet\u0151t \u00e9s ez\u00fcst sz\u00edn\u0171 k\u00fcls\u0151 d\u00edsz\u00edt\u0151elemeket is kap. Az X-Dynamic HSE m\u00e1r val\u00f3ban a fels\u0151 kateg\u00f3ri\u00e1ba emeli a Defendert: f\u0171thet\u0151 korm\u00e1nyker\u00e9k, eleg\u00e1nsabb matrix LED-es f\u00e9nysz\u00f3r\u00f3k, pr\u00e9mium Windsor b\u0151rk\u00e1rpit, valamint egy l\u00e1tv\u00e1nyos panor\u00e1ma \u00fcvegtet\u0151 teszi m\u00e9g vonz\u00f3bb\u00e1 az utaz\u00e1st.<\/p>\n<p>A cs\u00facsot jelent\u0151 X modellek a bels\u0151 t\u00e9r m\u00e9g magasabb min\u0151s\u00e9g\u0171 kidolgoz\u00e1s\u00e1val, fekete sz\u00edn\u0171 tet\u0151vel \u00e9s motorh\u00e1ztet\u0151vel, valamint egy 700 wattos Meridian hangrendszerrel b\u00fcszk\u00e9lkedhetnek, amely n\u00e9gy extra hangsz\u00f3r\u00f3t is tartalmaz. Ehhez j\u00f6n m\u00e9g a sz\u00e9lv\u00e9d\u0151re vet\u00edtett kijelz\u0151 (head-up display), ami m\u00e9g ink\u00e1bb a technol\u00f3giai cs\u00facskateg\u00f3ria fel\u00e9 emeli ezt a modellt.<\/p>\n","protected":false},"excerpt":{"rendered":"<p>Magyarorsz\u00e1g b\u00fc\/tet\u0151 t\/rv\u00e9n\/k\u00f6ny\/e szerint az er\/sz\/kr\/ val\u00f3 fe\/bu\/t\u00e1s, us\/\u00edt\/s vagy konkr\u00e9t csel\/km\u00e9\/nyre val\u00f3 fe\/h\u00ed\/\u00e1s b\u00fcn\/te\/het\u0151 lehet. Majka menedzsmentje \u00e9s az&#8230; <span class=\"gridview-grid-post-read-more\"><a href=\"https:\/\/matrend.hu\/maitrend\/?p=3086\">read more<span class=\"gridview-sr-only\"> Majka hatalmas dr\u00e1m\u00e1ja!<\/span><\/a><\/span><\/p>\n","protected":false},"author":1,"featured_media":3088,"comment_status":"open","ping_status":"open","sticky":false,"template":"","format":"standard","meta":{"footnotes":""},"categories":[1],"tags":[],"class_list":["post-3086","post","type-post","status-publish","format-standard","has-post-thumbnail","hentry","category-egyeb","wpcat-1-id"],"_links":{"self":[{"href":"https:\/\/matrend.hu\/maitrend\/index.php?rest_route=\/wp\/v2\/posts\/3086","targetHints":{"allow":["GET"]}}],"collection":[{"href":"https:\/\/matrend.hu\/maitrend\/index.php?rest_route=\/wp\/v2\/posts"}],"about":[{"href":"https:\/\/matrend.hu\/maitrend\/index.php?rest_route=\/wp\/v2\/types\/post"}],"author":[{"embeddable":true,"href":"https:\/\/matrend.hu\/maitrend\/index.php?rest_route=\/wp\/v2\/users\/1"}],"replies":[{"embeddable":true,"href":"https:\/\/matrend.hu\/maitrend\/index.php?rest_route=%2Fwp%2Fv2%2Fcomments&post=3086"}],"version-history":[{"count":2,"href":"https:\/\/matrend.hu\/maitrend\/index.php?rest_route=\/wp\/v2\/posts\/3086\/revisions"}],"predecessor-version":[{"id":3092,"href":"https:\/\/matrend.hu\/maitrend\/index.php?rest_route=\/wp\/v2\/posts\/3086\/revisions\/3092"}],"wp:featuredmedia":[{"embeddable":true,"href":"https:\/\/matrend.hu\/maitrend\/index.php?rest_route=\/wp\/v2\/media\/3088"}],"wp:attachment":[{"href":"https:\/\/matrend.hu\/maitrend\/index.php?rest_route=%2Fwp%2Fv2%2Fmedia&parent=3086"}],"wp:term":[{"taxonomy":"category","embeddable":true,"href":"https:\/\/matrend.hu\/maitrend\/index.php?rest_route=%2Fwp%2Fv2%2Fcategories&post=3086"},{"taxonomy":"post_tag","embeddable":true,"href":"https:\/\/matrend.hu\/maitrend\/index.php?rest_route=%2Fwp%2Fv2%2Ftags&post=3086"}],"curies":[{"name":"wp","href":"https:\/\/api.w.org\/{rel}","templated":true}]}}