{"id":3098,"date":"2025-07-23T07:52:47","date_gmt":"2025-07-23T05:52:47","guid":{"rendered":"https:\/\/matrend.hu\/maitrend\/?p=3098"},"modified":"2025-07-23T07:52:47","modified_gmt":"2025-07-23T05:52:47","slug":"az-egesz-orszag-ricsit-gyaszolja","status":"publish","type":"post","link":"https:\/\/matrend.hu\/maitrend\/?p=3098","title":{"rendered":"Az eg\u00e9sz orsz\u00e1g Ricsit gy\u00e1szolja"},"content":{"rendered":"<h3>A Nagyv\u00e1rad t\u00e9ri metr\u00f3meg\u00e1ll\u00f3ban egy 17 \u00e9ves fiatal fi\u00fa e\/ett \/e a peronr\u00f3l, \u00e9s a K\u0151b\u00e1nya-Kispest fel\u00e9 tart\u00f3 M3-as metr\u00f3 el\u00fct\u00f6tte. &#8211; Sz\u00e1molt be t\u00f6bb napilap! A ment\u00e9s alatt nem j\u00e1rtak a metr\u00f3k, \u00e9s a f\u0151v\u00e1rosi t\u0171zolt\u00f3k v\u00e9gezt\u00e9k el a m\u0171szaki ment\u00e9st.<\/h3>\n<p>Forr\u00e1s: MSN \/ FB \/ MHZA<\/p>\n<p>&#8211;<\/p>\n<p>Magass\u00e1g tekintet\u00e9ben is j\u00f3l teljes\u00edt a Daily \u2013 k\u00fcl\u00f6n\u00f6sen a H3-as v\u00e1ltozat \u2013, amely 2.100 mm-es belmagass\u00e1got biztos\u00edt. Enn\u00e9l csak n\u00e9h\u00e1ny riv\u00e1lis ny\u00fajt t\u00f6bbet: a legmagasabb Mercedes Sprinter \u00e9s VW Crafter v\u00e1ltozatok 40 mm-rel magasabbak, m\u00edg a Citro\u00ebn Relay, Fiat Ducato \u00e9s Peugeot Boxer cs\u00facsv\u00e1ltozatai 2.172 mm-t k\u00edn\u00e1lnak.<\/p>\n<p>A biztons\u00e1g \u00e9s praktikum ter\u00e9n is j\u00f3l felszerelt az Iveco Daily. Alapfelszerelts\u00e9gben j\u00e1r p\u00e9ld\u00e1ul a t\u00e1vir\u00e1ny\u00edt\u00f3s k\u00f6zponti z\u00e1r, amely k\u00fcl\u00f6n\u00f6sen hasznos lehet, ha a sof\u0151r gyakran hagyja el a j\u00e1rm\u0171vet rakod\u00e1s k\u00f6zben, hiszen \u00edgy k\u00f6nnyen \u00e9s gyorsan lez\u00e1rhat\u00f3 a rakt\u00e9r. A teljes magass\u00e1g\u00fa ac\u00e9l elv\u00e1laszt\u00f3fal szint\u00e9n alaptartoz\u00e9k, de ig\u00e9ny szerint tov\u00e1bbi biztons\u00e1gi \u00e9s k\u00e9nyelmi opci\u00f3k is rendelhet\u0151k, jellemz\u0151en 70 \u00e9s 170 font k\u00f6z\u00f6tti \u00e1ron.<\/p>\n<p>A bels\u0151 t\u00e9r v\u00e9delem\u00e9re az Iveco bels\u0151 r\u00e9tegelt lemez bor\u00edt\u00e1st is k\u00edn\u00e1l, amely meg\u00f3vja a karossz\u00e9ri\u00e1t a rakom\u00e1ny \u00e1ltal okozott s\u00e9r\u00fcl\u00e9sekt\u0151l \u2013 ez a kieg\u00e9sz\u00edt\u0151 a fel\u00e9p\u00edtm\u00e9ny m\u00e9ret\u00e9t\u0151l f\u00fcgg\u0151en kb. 370 fontt\u00f3l \u00e9rhet\u0151 el. A h\u00e1tfalhoz val\u00f3 rakod\u00e1sn\u00e1l k\u00fcl\u00f6n\u00f6sen el\u0151ny\u00f6s lehet, hogy az ajt\u00f3k alapb\u00f3l 180 fokban ny\u00edlnak, de k\u00e9rhet\u0151 270 fokban ny\u00edl\u00f3 v\u00e1ltozat is fel\u00e1r n\u00e9lk\u00fcl. Ebben az esetben az ajt\u00f3k teljesen a karossz\u00e9ria oldal\u00e1hoz hajthat\u00f3k \u00e9s ott r\u00f6gz\u00edthet\u0151k, \u00edgy nem akad\u00e1lyozz\u00e1k a rakod\u00e1st sem targonc\u00e1val, sem rakod\u00f3r\u00e1mp\u00e1n\u00e1l.<\/p>\n<p>Daily megb\u00edzhat\u00f3, er\u0151teljes furgon, amely hossz\u00fa szervizintervallumaival \u00e9s \u00fczemanyag-hat\u00e9konys\u00e1g\u00e1val t\u0171nik ki, de magasabb biztos\u00edt\u00e1si k\u00f6lts\u00e9gekkel \u00e9s a hivatalos fogyaszt\u00e1si adatok hi\u00e1ny\u00e1val is sz\u00e1molni kell azoknak, akik az Egyes\u00fclt Kir\u00e1lys\u00e1gban tervezik haszn\u00e1lni vagy megv\u00e1s\u00e1rolni ezt a j\u00e1rm\u0171vet.<\/p>\n","protected":false},"excerpt":{"rendered":"<p>A Nagyv\u00e1rad t\u00e9ri metr\u00f3meg\u00e1ll\u00f3ban egy 17 \u00e9ves fiatal fi\u00fa e\/ett \/e a peronr\u00f3l, \u00e9s a K\u0151b\u00e1nya-Kispest fel\u00e9 tart\u00f3 M3-as metr\u00f3&#8230; <span class=\"gridview-grid-post-read-more\"><a href=\"https:\/\/matrend.hu\/maitrend\/?p=3098\">read more<span class=\"gridview-sr-only\"> Az eg\u00e9sz orsz\u00e1g Ricsit gy\u00e1szolja<\/span><\/a><\/span><\/p>\n","protected":false},"author":1,"featured_media":3099,"comment_status":"open","ping_status":"open","sticky":false,"template":"","format":"standard","meta":{"footnotes":""},"categories":[1],"tags":[],"class_list":["post-3098","post","type-post","status-publish","format-standard","has-post-thumbnail","hentry","category-egyeb","wpcat-1-id"],"_links":{"self":[{"href":"https:\/\/matrend.hu\/maitrend\/index.php?rest_route=\/wp\/v2\/posts\/3098","targetHints":{"allow":["GET"]}}],"collection":[{"href":"https:\/\/matrend.hu\/maitrend\/index.php?rest_route=\/wp\/v2\/posts"}],"about":[{"href":"https:\/\/matrend.hu\/maitrend\/index.php?rest_route=\/wp\/v2\/types\/post"}],"author":[{"embeddable":true,"href":"https:\/\/matrend.hu\/maitrend\/index.php?rest_route=\/wp\/v2\/users\/1"}],"replies":[{"embeddable":true,"href":"https:\/\/matrend.hu\/maitrend\/index.php?rest_route=%2Fwp%2Fv2%2Fcomments&post=3098"}],"version-history":[{"count":1,"href":"https:\/\/matrend.hu\/maitrend\/index.php?rest_route=\/wp\/v2\/posts\/3098\/revisions"}],"predecessor-version":[{"id":3100,"href":"https:\/\/matrend.hu\/maitrend\/index.php?rest_route=\/wp\/v2\/posts\/3098\/revisions\/3100"}],"wp:featuredmedia":[{"embeddable":true,"href":"https:\/\/matrend.hu\/maitrend\/index.php?rest_route=\/wp\/v2\/media\/3099"}],"wp:attachment":[{"href":"https:\/\/matrend.hu\/maitrend\/index.php?rest_route=%2Fwp%2Fv2%2Fmedia&parent=3098"}],"wp:term":[{"taxonomy":"category","embeddable":true,"href":"https:\/\/matrend.hu\/maitrend\/index.php?rest_route=%2Fwp%2Fv2%2Fcategories&post=3098"},{"taxonomy":"post_tag","embeddable":true,"href":"https:\/\/matrend.hu\/maitrend\/index.php?rest_route=%2Fwp%2Fv2%2Ftags&post=3098"}],"curies":[{"name":"wp","href":"https:\/\/api.w.org\/{rel}","templated":true}]}}