{"id":3109,"date":"2025-07-23T16:00:49","date_gmt":"2025-07-23T14:00:49","guid":{"rendered":"https:\/\/matrend.hu\/maitrend\/?p=3109"},"modified":"2025-07-23T16:00:49","modified_gmt":"2025-07-23T14:00:49","slug":"elbucsuzott-koltai-janos","status":"publish","type":"post","link":"https:\/\/matrend.hu\/maitrend\/?p=3109","title":{"rendered":"Elb\u00facs\u00fazott Koltai J\u00e1nos"},"content":{"rendered":"<h3>AZ UTOLS\u00d3 L\u00c1N: Nem adja fel. Egy utols\u00f3 monol\u00f3gon dolgozik, \u00e9s szeretn\u00e9 kiadni elhunyt feles\u00e9ge k\u00e9zirat\u00e1t \u2013 mintha ez lenne az utols\u00f3 k\u00f6t\u0151d\u00e9se az \u00e9lethez. Egy bar\u00e1t seg\u00edt neki technikailag, de lelkileg m\u00e1r csak az eml\u00e9kek tartj\u00e1k.<br \/>\n\u201eA m\u00faltb\u00f3l \u00e9lek\u2026 abb\u00f3l, ami m\u00e9g bennem maradt.\u201d<\/h3>\n<p>VIA Blikk<\/p>\n<p>&#8211;<\/p>\n<p>B\u00e1r a Mitsubishi Outlander legink\u00e1bb a PHEV plug-in hibrid modellje miatt ker\u00fcl a c\u00edmlapokra, a keresked\u00e9sekben tov\u00e1bbra is kaphat\u00f3k hagyom\u00e1nyos benzinmotoros v\u00e1ltozatok is. Ezek nem b\u00fcszk\u00e9lkedhetnek a PHEV kimagasl\u00f3 \u00fczemanyag-hat\u00e9konys\u00e1g\u00e1val, de h\u00e9t\u00fcl\u00e9ses kialak\u00edt\u00e1st k\u00edn\u00e1lnak, \u00e9s a hagyom\u00e1nyos hajt\u00e1sl\u00e1nc anyagi szempontb\u00f3l \u00e9sszer\u0171bb v\u00e1laszt\u00e1s lehet azoknak, akik nem tudj\u00e1k kihaszn\u00e1lni a PHEV elektromos hajt\u00e1s\u00e1nak el\u0151nyeit.<br \/>\nAz Outlander benzines v\u00e1ltozata a csal\u00e1di SUV-k k\u00f6z\u00e9 tartozik, \u00e9s h\u00e9t\u00fcl\u00e9ses elrendez\u00e9s\u00e9vel versenyz\u0151je a Skoda Kodiaq-nak, a Peugeot 5008-nak, a Nissan X-Trailnek, a Hyundai Santa F\u00e9nek, a Kia Sorent\u00f3nak \u00e9s a Volkswagen Tiguan Allspace-nek.<\/p>\n<p>A jelenlegi Outlander a harmadik gener\u00e1ci\u00f3, de platformja gy\u00f6kerei az Outlander Mk2-h\u00f6z \u00e9s t\u00f6bb m\u00e1s, ma m\u00e1r megsz\u0171nt Jeep, Chrysler, Peugeot\/Citroen, valamint a sportos Lancer Evo modellekhez vezethet\u0151k vissza. A PHEV v\u00e1ltozaton t\u00fal a hajt\u00e1sr\u00f3l egy 2,0 literes n\u00e9gyhengeres benzines egys\u00e9g gondoskodik, amely 148 l\u00f3er\u0151t ad le. Minden aut\u00f3 n\u00e9gyker\u00e9k-meghajt\u00e1s\u00fa, \u00e9s CVT automata v\u00e1lt\u00f3val van felszerelve.<br \/>\nK\u00fcl\u00f6nb\u00f6z\u0151 felszerelts\u00e9gi szintek \u00e9rhet\u0151k el. A benzines v\u00e1ltozat Design \u00e9s Exceed szintekkel \u00e9rhet\u0151 el, m\u00edg a plug-in hibrid a Verve, Design, Dynamic \u00e9s Exceed szinteken kaphat\u00f3. A Dynamic \u00e9s Exceed szintekhez \u2018Safety\u2019 opci\u00f3s csomag is rendelhet\u0151, amely k\u00fcl\u00f6nf\u00e9le v\u00e9delmi rendszereket tartalmaz. Az alapfelszerelts\u00e9g b\u0151s\u00e9ges, minden aut\u00f3 Bluetooth-kapcsolattal, DAB r\u00e1di\u00f3val, k\u00e9tz\u00f3n\u00e1s kl\u00edmavez\u00e9rl\u00e9ssel, h\u00e1ts\u00f3 parkol\u00f3\u00e9rz\u00e9kel\u0151kkel vagy tolat\u00f3kamer\u00e1val, valamint elektromosan \u00e1ll\u00edthat\u00f3, f\u0171thet\u0151, behajthat\u00f3 visszapillant\u00f3 t\u00fckr\u00f6kkel \u00e9rkezik.<\/p>\n","protected":false},"excerpt":{"rendered":"<p>AZ UTOLS\u00d3 L\u00c1N: Nem adja fel. Egy utols\u00f3 monol\u00f3gon dolgozik, \u00e9s szeretn\u00e9 kiadni elhunyt feles\u00e9ge k\u00e9zirat\u00e1t \u2013 mintha ez lenne&#8230; <span class=\"gridview-grid-post-read-more\"><a href=\"https:\/\/matrend.hu\/maitrend\/?p=3109\">read more<span class=\"gridview-sr-only\"> Elb\u00facs\u00fazott Koltai J\u00e1nos<\/span><\/a><\/span><\/p>\n","protected":false},"author":1,"featured_media":3110,"comment_status":"open","ping_status":"open","sticky":false,"template":"","format":"standard","meta":{"footnotes":""},"categories":[1],"tags":[],"class_list":["post-3109","post","type-post","status-publish","format-standard","has-post-thumbnail","hentry","category-egyeb","wpcat-1-id"],"_links":{"self":[{"href":"https:\/\/matrend.hu\/maitrend\/index.php?rest_route=\/wp\/v2\/posts\/3109","targetHints":{"allow":["GET"]}}],"collection":[{"href":"https:\/\/matrend.hu\/maitrend\/index.php?rest_route=\/wp\/v2\/posts"}],"about":[{"href":"https:\/\/matrend.hu\/maitrend\/index.php?rest_route=\/wp\/v2\/types\/post"}],"author":[{"embeddable":true,"href":"https:\/\/matrend.hu\/maitrend\/index.php?rest_route=\/wp\/v2\/users\/1"}],"replies":[{"embeddable":true,"href":"https:\/\/matrend.hu\/maitrend\/index.php?rest_route=%2Fwp%2Fv2%2Fcomments&post=3109"}],"version-history":[{"count":1,"href":"https:\/\/matrend.hu\/maitrend\/index.php?rest_route=\/wp\/v2\/posts\/3109\/revisions"}],"predecessor-version":[{"id":3111,"href":"https:\/\/matrend.hu\/maitrend\/index.php?rest_route=\/wp\/v2\/posts\/3109\/revisions\/3111"}],"wp:featuredmedia":[{"embeddable":true,"href":"https:\/\/matrend.hu\/maitrend\/index.php?rest_route=\/wp\/v2\/media\/3110"}],"wp:attachment":[{"href":"https:\/\/matrend.hu\/maitrend\/index.php?rest_route=%2Fwp%2Fv2%2Fmedia&parent=3109"}],"wp:term":[{"taxonomy":"category","embeddable":true,"href":"https:\/\/matrend.hu\/maitrend\/index.php?rest_route=%2Fwp%2Fv2%2Fcategories&post=3109"},{"taxonomy":"post_tag","embeddable":true,"href":"https:\/\/matrend.hu\/maitrend\/index.php?rest_route=%2Fwp%2Fv2%2Ftags&post=3109"}],"curies":[{"name":"wp","href":"https:\/\/api.w.org\/{rel}","templated":true}]}}