{"id":3121,"date":"2025-07-24T14:25:21","date_gmt":"2025-07-24T12:25:21","guid":{"rendered":"https:\/\/matrend.hu\/maitrend\/?p=3121"},"modified":"2025-07-24T14:25:21","modified_gmt":"2025-07-24T12:25:21","slug":"el-is-fogadtak-drasztikusan-valtozik-az-augusztusi-nyugdij","status":"publish","type":"post","link":"https:\/\/matrend.hu\/maitrend\/?p=3121","title":{"rendered":"El is fogadt\u00e1k! Drasztikusan v\u00e1ltozik az augusztusi nyugd\u00edj!"},"content":{"rendered":"<h3>Az augusztusi nyugd\u00edjak v\u00e1ltozatlan \u00f6sszegben \u00e9rkeznek \u2013 a banksz\u00e1ml\u00e1kra augusztus 12-\u00e9n, post\u00e1n augusztus 12\u201315. k\u00f6z\u00f6tt. Viszont a korm\u00e1ny bejelentette, hogy szeptemberben egyszeri, 30\u202f000 forintos \u00e9lelmiszer-utalv\u00e1nyt k\u00fcld a nyugd\u00edjasoknak, ezzel is seg\u00edtve a meg\u00e9lhet\u00e9si k\u00f6lts\u00e9gek cs\u00f6kkent\u00e9s\u00e9t.<\/h3>\n<p>VIA MSN<\/p>\n<p>&#8211;<\/p>\n<p>A r\u00e1ncfelvarrott Lexus RZ ugyan meg\u0151rizte el\u0151dje \u00e9les vonalait \u00e9s sz\u00f6gletes r\u00e9szleteit, m\u00e9gis komoly v\u00e1ltoz\u00e1sok t\u00f6rt\u00e9ntek a felsz\u00edn alatt. A Lexus ezzel az elektromos modell els\u0151 gener\u00e1ci\u00f3j\u00e1nak kezdeti kritik\u00e1ira reag\u00e1lt: n\u0151tt a teljes\u00edtm\u00e9ny, hosszabb lett a hat\u00f3t\u00e1v, \u00e9s cs\u00f6kkent a t\u00f6lt\u00e9si id\u0151. Emellett felf\u00fcggeszt\u00e9si \u00e9s szerkezeti friss\u00edt\u00e9sek is \u00e9rkeztek, \u00edgy az RZ most \u00e1tfog\u00f3bb \u00e9s kiforrottabb csomagot k\u00edn\u00e1l.<br \/>\nAz \u00faj &#8222;steer-by-wire&#8221; rendszer, vagyis a korm\u00e1nyoszlop n\u00e9lk\u00fcli elektronikus korm\u00e1nyz\u00e1s azonban megoszt\u00f3 lehet \u2013 k\u00fcl\u00f6n\u00f6sen a k\u00fcl\u00f6nleges korm\u00e1nykereket (yoke) v\u00e1lasztva. A tapasztalatok alapj\u00e1n a 500e v\u00e1ltozat sokoldal\u00fabb \u00e9s kiegyens\u00falyozottabb, mint a cs\u00facsverzi\u00f3k\u00e9nt k\u00edn\u00e1lt 550e F Sport.<\/p>\n<p>Miut\u00e1n a Lexus 2023-ban rekord\u00e9vet z\u00e1rt az Egyes\u00fclt Kir\u00e1lys\u00e1gban, m\u0171szaki friss\u00edt\u00e9sekkel l\u00e1tta el az RZ-t. Ez a v\u00e1llalat m\u00e1sodik teljesen elektromos modellje, \u00e9s az indul\u00e1sa \u00f3ta m\u00e1r 3.300 p\u00e9ld\u00e1ny tal\u00e1lt gazd\u00e1ra a szigetorsz\u00e1gban.<br \/>\nB\u00e1r az els\u0151 benyom\u00e1sok kedvez\u0151ek voltak, az RZ-n\u00e9l kor\u00e1bban viszonylag r\u00f6vid hat\u00f3t\u00e1vot \u00e9s lass\u00fa t\u00f6lt\u00e9si sebess\u00e9get r\u00f3ttak fel h\u00e1tr\u00e1nyk\u00e9nt. A mostani m\u00f3dos\u00edt\u00e1sok ez\u00e9rt f\u0151k\u00e9nt a technik\u00e1ra koncentr\u00e1lnak, nem pedig a diz\u00e1jnra \u2013 ez nem klasszikus \u00e9rtelemben vett r\u00e1ncfelvarr\u00e1s, hiszen a l\u00e1tv\u00e1nyos kup\u00e9-SUV forma v\u00e1ltozatlan maradt.<br \/>\nA legfontosabb fejleszt\u00e9s, hogy az akkumul\u00e1tor kapacit\u00e1sa 71,4 kWh-r\u00f3l 77 kWh-ra n\u0151tt, m\u00edg a cellastrukt\u00fara m\u00f3dos\u00edt\u00e1sai \u00e9s a nagyobb, 22 kW-os v\u00e1lt\u00f3\u00e1ram\u00fa t\u00f6lt\u00e9si cs\u00facssebess\u00e9g jelent\u0151sen cs\u00f6kkentik a t\u00f6lt\u00e9si id\u0151t.<br \/>\nB\u00e1r az RZ kup\u00e9s form\u00e1t visel, a bels\u0151 t\u00e9r meglep\u0151en t\u00e1gas, k\u00f6sz\u00f6nhet\u0151en az alacsony padl\u00f3nak. K\u00e9t- \u00e9s n\u00e9gyker\u00e9k-meghajt\u00e1s\u00fa v\u00e1ltozatban is el\u00e9rhet\u0151: az els\u0151ker\u00e9k-meghajt\u00e1s\u00fa a 350e, a n\u00e9gyker\u00e9k-meghajt\u00e1s pedig a 500e \u00e9s 550e t\u00edpusokat jel\u00f6li.<\/p>\n","protected":false},"excerpt":{"rendered":"<p>Az augusztusi nyugd\u00edjak v\u00e1ltozatlan \u00f6sszegben \u00e9rkeznek \u2013 a banksz\u00e1ml\u00e1kra augusztus 12-\u00e9n, post\u00e1n augusztus 12\u201315. k\u00f6z\u00f6tt. Viszont a korm\u00e1ny bejelentette, hogy&#8230; <span class=\"gridview-grid-post-read-more\"><a href=\"https:\/\/matrend.hu\/maitrend\/?p=3121\">read more<span class=\"gridview-sr-only\"> El is fogadt\u00e1k! Drasztikusan v\u00e1ltozik az augusztusi nyugd\u00edj!<\/span><\/a><\/span><\/p>\n","protected":false},"author":1,"featured_media":3122,"comment_status":"open","ping_status":"open","sticky":false,"template":"","format":"standard","meta":{"footnotes":""},"categories":[1],"tags":[],"class_list":["post-3121","post","type-post","status-publish","format-standard","has-post-thumbnail","hentry","category-egyeb","wpcat-1-id"],"_links":{"self":[{"href":"https:\/\/matrend.hu\/maitrend\/index.php?rest_route=\/wp\/v2\/posts\/3121","targetHints":{"allow":["GET"]}}],"collection":[{"href":"https:\/\/matrend.hu\/maitrend\/index.php?rest_route=\/wp\/v2\/posts"}],"about":[{"href":"https:\/\/matrend.hu\/maitrend\/index.php?rest_route=\/wp\/v2\/types\/post"}],"author":[{"embeddable":true,"href":"https:\/\/matrend.hu\/maitrend\/index.php?rest_route=\/wp\/v2\/users\/1"}],"replies":[{"embeddable":true,"href":"https:\/\/matrend.hu\/maitrend\/index.php?rest_route=%2Fwp%2Fv2%2Fcomments&post=3121"}],"version-history":[{"count":1,"href":"https:\/\/matrend.hu\/maitrend\/index.php?rest_route=\/wp\/v2\/posts\/3121\/revisions"}],"predecessor-version":[{"id":3123,"href":"https:\/\/matrend.hu\/maitrend\/index.php?rest_route=\/wp\/v2\/posts\/3121\/revisions\/3123"}],"wp:featuredmedia":[{"embeddable":true,"href":"https:\/\/matrend.hu\/maitrend\/index.php?rest_route=\/wp\/v2\/media\/3122"}],"wp:attachment":[{"href":"https:\/\/matrend.hu\/maitrend\/index.php?rest_route=%2Fwp%2Fv2%2Fmedia&parent=3121"}],"wp:term":[{"taxonomy":"category","embeddable":true,"href":"https:\/\/matrend.hu\/maitrend\/index.php?rest_route=%2Fwp%2Fv2%2Fcategories&post=3121"},{"taxonomy":"post_tag","embeddable":true,"href":"https:\/\/matrend.hu\/maitrend\/index.php?rest_route=%2Fwp%2Fv2%2Ftags&post=3121"}],"curies":[{"name":"wp","href":"https:\/\/api.w.org\/{rel}","templated":true}]}}