{"id":3139,"date":"2025-07-25T19:04:48","date_gmt":"2025-07-25T17:04:48","guid":{"rendered":"https:\/\/matrend.hu\/maitrend\/?p=3139"},"modified":"2025-07-25T19:04:48","modified_gmt":"2025-07-25T17:04:48","slug":"temetolatogatasi-tilalom-lepett-eletbe","status":"publish","type":"post","link":"https:\/\/matrend.hu\/maitrend\/?p=3139","title":{"rendered":"Temet\u0151l\u00e1togat\u00e1si tilalom l\u00e9pett \u00e9letbe!"},"content":{"rendered":"<h3>A titokzatos tilt\u00e1s a h\u00f3dmez\u0151v\u00e1s\u00e1rhelyi temet\u0151t \u00e9rinti. Hivatalosan is meger\u0151s\u00edtett\u00e9k: \u00e9letvesz\u00e9lyes \u00e1llapotok miatt senki nem l\u00e9phet be. A tilalom hat\u00e1rozatlan ideig \u00e9rv\u00e9nyben marad \u2013 a l\u00e1togat\u00f3k t\u00fcrelm\u00e9t k\u00e9rik.<\/h3>\n<p>VIA MSN<\/p>\n<p>&#8211;<\/p>\n<p>Csak hogy tudd, ez egy kor\u00e1bbi \u00e9rt\u00e9kel\u00e9s a 2018 \u00e9s 2024 k\u00f6z\u00f6tti Subaru Forester modellr\u0151l. Ha a jelenlegi Forester vagy a leg\u00fajabb Subaru modellek \u00e9rdekelnek, \u00e9rdemes a megadott linkeken t\u00e1j\u00e9koz\u00f3dni.<br \/>\nA Subaru Forester jelent\u0151s friss\u00edt\u00e9st kapott a jelenlegi gener\u00e1ci\u00f3 bevezet\u00e9s\u00e9vel, amely 2019 k\u00f6zep\u00e9n jelent meg. Az aut\u00f3 a Subaru Global Platform nev\u0171 padl\u00f3lemezre \u00e9p\u00fcl, amely lehet\u0151v\u00e9 teszi az enyhe hibrid hajt\u00e1st, kifinomultabb fut\u00f3m\u0171vet \u00e9s fokozott biztons\u00e1got. Ugyanez a padl\u00f3lemez szolg\u00e1l alapul a leg\u00fajabb Impreza, XV \u00e9s Levorg modellekben is.<\/p>\n<p>Ez a platform tette lehet\u0151v\u00e9, hogy a Forester vezethet\u0151s\u00e9ge \u00e9rezhet\u0151en javuljon. A kor\u00e1bbin\u00e1l kevesebb a karossz\u00e9riad\u0151l\u00e9s, az aut\u00f3 j\u00f3 tapad\u00e1st ny\u00fajt \u00e9s stabilan viselkedik, ami magabiztoss\u00e1got ad az \u00faton. A Forester gyors, k\u00e9nyelmes halad\u00e1st biztos\u00edt, noha a Ford Kuga dinamik\u00e1j\u00e1t\u00f3l n\u00e9mileg elmarad.<br \/>\nA rug\u00f3z\u00e1s kellemesen l\u00e1gy, \u00edgy j\u00f3l kezeli a rossz min\u0151s\u00e9g\u0171 utakat, mik\u00f6zben kell\u0151 rug\u00f3utat \u00e9s szabad hasmagass\u00e1got biztos\u00edt a terepes haszn\u00e1lathoz is. Menet k\u00f6zben is kultur\u00e1lt marad \u2013 a motor csendesen m\u0171k\u00f6dik, b\u00e1r aut\u00f3p\u00e1lya-temp\u00f3n\u00e1l a sz\u00e9lzaj valamivel er\u0151sebb, mint ide\u00e1lis lenne.<\/p>\n<p>Gyorsul\u00e1s 0-r\u00f3l 100 km\/\u00f3r\u00e1ra \u00e9s v\u00e9gsebess\u00e9g<br \/>\nA Forestert egy 2,0 literes, n\u00e9gyhengeres bokszermotor hajtja, amely 148 l\u00f3er\u0151t \u00e9s 196 Nm nyomat\u00e9kot ad le. A rendszerhez tartozik egy kisebb elektromos motor \u00e9s akkumul\u00e1torcsomag, amelyek enyhe hibrid r\u00e1seg\u00edt\u00e9st ny\u00fajtanak, illetve ak\u00e1r 40 km\/\u00f3r\u00e1s sebess\u00e9gig tiszt\u00e1n elektromos hajt\u00e1st is biztos\u00edtanak. Az X-Mode \u00fczemm\u00f3d kiv\u00e1laszt\u00e1s\u00e1val a hibridrendszer alacsony fordulatsz\u00e1mon is t\u00f6bb nyomat\u00e9kot ad, \u00edgy k\u00f6nnyed\u00e9n boldogul meredek emelked\u0151kkel, akad\u00e1lyokkal, fat\u00f6rzsekkel vagy szikl\u00e1s talajjal.<\/p>\n","protected":false},"excerpt":{"rendered":"<p>A titokzatos tilt\u00e1s a h\u00f3dmez\u0151v\u00e1s\u00e1rhelyi temet\u0151t \u00e9rinti. Hivatalosan is meger\u0151s\u00edtett\u00e9k: \u00e9letvesz\u00e9lyes \u00e1llapotok miatt senki nem l\u00e9phet be. A tilalom hat\u00e1rozatlan&#8230; <span class=\"gridview-grid-post-read-more\"><a href=\"https:\/\/matrend.hu\/maitrend\/?p=3139\">read more<span class=\"gridview-sr-only\"> Temet\u0151l\u00e1togat\u00e1si tilalom l\u00e9pett \u00e9letbe!<\/span><\/a><\/span><\/p>\n","protected":false},"author":1,"featured_media":3140,"comment_status":"open","ping_status":"open","sticky":false,"template":"","format":"standard","meta":{"footnotes":""},"categories":[1],"tags":[],"class_list":["post-3139","post","type-post","status-publish","format-standard","has-post-thumbnail","hentry","category-egyeb","wpcat-1-id"],"_links":{"self":[{"href":"https:\/\/matrend.hu\/maitrend\/index.php?rest_route=\/wp\/v2\/posts\/3139","targetHints":{"allow":["GET"]}}],"collection":[{"href":"https:\/\/matrend.hu\/maitrend\/index.php?rest_route=\/wp\/v2\/posts"}],"about":[{"href":"https:\/\/matrend.hu\/maitrend\/index.php?rest_route=\/wp\/v2\/types\/post"}],"author":[{"embeddable":true,"href":"https:\/\/matrend.hu\/maitrend\/index.php?rest_route=\/wp\/v2\/users\/1"}],"replies":[{"embeddable":true,"href":"https:\/\/matrend.hu\/maitrend\/index.php?rest_route=%2Fwp%2Fv2%2Fcomments&post=3139"}],"version-history":[{"count":1,"href":"https:\/\/matrend.hu\/maitrend\/index.php?rest_route=\/wp\/v2\/posts\/3139\/revisions"}],"predecessor-version":[{"id":3141,"href":"https:\/\/matrend.hu\/maitrend\/index.php?rest_route=\/wp\/v2\/posts\/3139\/revisions\/3141"}],"wp:featuredmedia":[{"embeddable":true,"href":"https:\/\/matrend.hu\/maitrend\/index.php?rest_route=\/wp\/v2\/media\/3140"}],"wp:attachment":[{"href":"https:\/\/matrend.hu\/maitrend\/index.php?rest_route=%2Fwp%2Fv2%2Fmedia&parent=3139"}],"wp:term":[{"taxonomy":"category","embeddable":true,"href":"https:\/\/matrend.hu\/maitrend\/index.php?rest_route=%2Fwp%2Fv2%2Fcategories&post=3139"},{"taxonomy":"post_tag","embeddable":true,"href":"https:\/\/matrend.hu\/maitrend\/index.php?rest_route=%2Fwp%2Fv2%2Ftags&post=3139"}],"curies":[{"name":"wp","href":"https:\/\/api.w.org\/{rel}","templated":true}]}}