{"id":3145,"date":"2025-07-26T15:25:31","date_gmt":"2025-07-26T13:25:31","guid":{"rendered":"https:\/\/matrend.hu\/maitrend\/?p=3145"},"modified":"2025-07-26T15:25:31","modified_gmt":"2025-07-26T13:25:31","slug":"rendkivuli-eset-tortent-esti-elo-hiradoban","status":"publish","type":"post","link":"https:\/\/matrend.hu\/maitrend\/?p=3145","title":{"rendered":"Rendk\u00edv\u00fcli eset t\u00f6rt\u00e9nt esti \u00c9L\u0150 H\u00edrad\u00f3ban!"},"content":{"rendered":"<h3>A k\u00f6z\u00f6ns\u00e9g im\u00e1dta a vide\u00f3t: v\u00e9gre bepillant\u00e1st nyerhettek a \u201el\u00e1thatatlan\u201d r\u00e9szbe is.<br \/>\nNem hib\u00e1r\u00f3l, hanem praktikuss\u00e1gr\u00f3l van sz\u00f3 \u2013 a h\u0151s\u00e9gben alul k\u00e9nyelmes ruha, fel\u00fcl pedig profi megjelen\u00e9s.<br \/>\nEr\u0151s Ant\u00f3nia ezzel a gesztussal nemcsak mosolyt csalt az arcokra, hanem megmutatta: a h\u00edrad\u00f3sok is emberek, akik n\u00e9ha sortot h\u00faznak a bl\u00e9zer al\u00e1.<\/h3>\n<p>VIA nlc<\/p>\n<p>&#8211;<\/p>\n<p>Az \u00e9v v\u00e9g\u00e9re az \u00faj Sportage el\u00e9rhet\u0151 lesz tiszt\u00e1n benzines, teljes hibrid \u00e9s plug-in hibrid hajt\u00e1sl\u00e1nccal is, \u00edgy a csal\u00e1di aut\u00f3v\u00e1s\u00e1rl\u00f3kt\u00f3l az \u00fczleti felhaszn\u00e1l\u00f3kig mindenki tal\u00e1lhat mag\u00e1nak megfelel\u0151 v\u00e1ltozatot. Tiszt\u00e1n elektromos v\u00e1ltozat nem lesz, de a szinte ugyanolyan m\u00e9ret\u0171, teljesen elektromos Kia EV5 m\u00e9g id\u00e9n \u00e9rkezik.<br \/>\nA Kia egyel\u0151re nem k\u00f6z\u00f6lte az \u00faj modell hivatalos fogyaszt\u00e1si adatait, de v\u00e1rhat\u00f3an az 1.6 T-GDi benzinmotor alig 40 mpg (m\u00e9rf\u00f6ld\/gallon) alatti \u00e9rt\u00e9ket fog produk\u00e1lni, m\u00edg a hibrid v\u00e1ltozat k\u00f6zelebb lehet az 50 mpg-hez, k\u00fcl\u00f6n\u00f6sen annak k\u00f6sz\u00f6nhet\u0151en, hogy az er\u0151sebb villanymotor r\u00e9v\u00e9n kevesebbet kell majd haszn\u00e1lni a benzines er\u0151forr\u00e1st. A plug-in hibrid Sportage tiszt\u00e1n elektromos hat\u00f3t\u00e1vols\u00e1g\u00e1t sem er\u0151s\u00edtette m\u00e9g meg a gy\u00e1rt\u00f3, de mivel tov\u00e1bbra is a 13,8 kWh-s akkumul\u00e1tort haszn\u00e1lja, tudjuk, hogy t\u00f6bb mint 40 m\u00e9rf\u00f6ldet k\u00e9pes megtenni benzinhaszn\u00e1lat n\u00e9lk\u00fcl. Ez a hat\u00f3t\u00e1v kor\u00e1bban m\u00e9g \u00e1tlagosnak sz\u00e1m\u00edtott ebben a kateg\u00f3ri\u00e1ban, de mostanra jelent\u0151sen elmarad a versenyt\u00e1rsakt\u00f3l, mint p\u00e9ld\u00e1ul a Volkswagen Tiguan, amely ak\u00e1r 77 m\u00e9rf\u00f6ldet is tud menni tiszt\u00e1n elektromosan, mik\u00f6zben t\u00f6bb Peugeot \u00e9s Citro\u00ebn plug-in hibrid is hasonl\u00f3 hat\u00f3t\u00e1vval \u00e9rkezik hamarosan.<\/p>\n<p>Az otthoni, 7,4 kW-os fali t\u00f6lt\u0151vel a teljesen lemer\u00fclt akkumul\u00e1tor k\u00f6r\u00fclbel\u00fcl k\u00e9t \u00f3ra alatt t\u00f6lthet\u0151 fel 100 sz\u00e1zal\u00e9kra. Az akkumul\u00e1tor k\u00fcl\u00f6n garanci\u00e1t \u00e9lvez, amely biztos\u00edtja, hogy legal\u00e1bb 70%-os kapacit\u00e1s\u00e1t meg\u0151rzi h\u00e9t \u00e9vig vagy 100 000 m\u00e9rf\u00f6ldig \u2013 att\u00f3l f\u00fcgg\u0151en, melyik k\u00f6vetkezik be el\u0151bb.<br \/>\nModell \u2013 Akkumul\u00e1tor m\u00e9ret \u2013 Hat\u00f3t\u00e1v \u2013 Biztos\u00edt\u00e1si kateg\u00f3ria<br \/>\nKia Sportage Plug-In Hybrid \u2013 13,8 kWh \u2013 40+ m\u00e9rf\u00f6ld \u2013 M\u00e9g nem ismert<br \/>\nAz \u00faj Sportage biztos\u00edt\u00e1si besorol\u00e1sai m\u00e9g nem v\u00e9glegesek, de az el\u0151z\u0151, r\u00e1ncfelvarr\u00e1s el\u0151tti modell a 19\u201326-os csoportba tartozott. Az \u00faj v\u00e1ltozat v\u00e1rhat\u00f3an hasonl\u00f3 besorol\u00e1st kap, ami ebben a kateg\u00f3ri\u00e1ban nem sz\u00e1m\u00edt kiugr\u00f3an magasnak. Ugyanakkor a szoros rokons\u00e1gban \u00e1ll\u00f3 Hyundai Tucson olcs\u00f3bban biztos\u00edthat\u00f3, mivel az 16-os kateg\u00f3ri\u00e1val indul \u2013 ak\u00e1rcsak a Ford Kuga.<\/p>\n","protected":false},"excerpt":{"rendered":"<p>A k\u00f6z\u00f6ns\u00e9g im\u00e1dta a vide\u00f3t: v\u00e9gre bepillant\u00e1st nyerhettek a \u201el\u00e1thatatlan\u201d r\u00e9szbe is. Nem hib\u00e1r\u00f3l, hanem praktikuss\u00e1gr\u00f3l van sz\u00f3 \u2013 a&#8230; <span class=\"gridview-grid-post-read-more\"><a href=\"https:\/\/matrend.hu\/maitrend\/?p=3145\">read more<span class=\"gridview-sr-only\"> Rendk\u00edv\u00fcli eset t\u00f6rt\u00e9nt esti \u00c9L\u0150 H\u00edrad\u00f3ban!<\/span><\/a><\/span><\/p>\n","protected":false},"author":1,"featured_media":3149,"comment_status":"open","ping_status":"open","sticky":false,"template":"","format":"standard","meta":{"footnotes":""},"categories":[1],"tags":[],"class_list":["post-3145","post","type-post","status-publish","format-standard","has-post-thumbnail","hentry","category-egyeb","wpcat-1-id"],"_links":{"self":[{"href":"https:\/\/matrend.hu\/maitrend\/index.php?rest_route=\/wp\/v2\/posts\/3145","targetHints":{"allow":["GET"]}}],"collection":[{"href":"https:\/\/matrend.hu\/maitrend\/index.php?rest_route=\/wp\/v2\/posts"}],"about":[{"href":"https:\/\/matrend.hu\/maitrend\/index.php?rest_route=\/wp\/v2\/types\/post"}],"author":[{"embeddable":true,"href":"https:\/\/matrend.hu\/maitrend\/index.php?rest_route=\/wp\/v2\/users\/1"}],"replies":[{"embeddable":true,"href":"https:\/\/matrend.hu\/maitrend\/index.php?rest_route=%2Fwp%2Fv2%2Fcomments&post=3145"}],"version-history":[{"count":1,"href":"https:\/\/matrend.hu\/maitrend\/index.php?rest_route=\/wp\/v2\/posts\/3145\/revisions"}],"predecessor-version":[{"id":3150,"href":"https:\/\/matrend.hu\/maitrend\/index.php?rest_route=\/wp\/v2\/posts\/3145\/revisions\/3150"}],"wp:featuredmedia":[{"embeddable":true,"href":"https:\/\/matrend.hu\/maitrend\/index.php?rest_route=\/wp\/v2\/media\/3149"}],"wp:attachment":[{"href":"https:\/\/matrend.hu\/maitrend\/index.php?rest_route=%2Fwp%2Fv2%2Fmedia&parent=3145"}],"wp:term":[{"taxonomy":"category","embeddable":true,"href":"https:\/\/matrend.hu\/maitrend\/index.php?rest_route=%2Fwp%2Fv2%2Fcategories&post=3145"},{"taxonomy":"post_tag","embeddable":true,"href":"https:\/\/matrend.hu\/maitrend\/index.php?rest_route=%2Fwp%2Fv2%2Ftags&post=3145"}],"curies":[{"name":"wp","href":"https:\/\/api.w.org\/{rel}","templated":true}]}}