{"id":3379,"date":"2025-08-09T23:12:25","date_gmt":"2025-08-09T21:12:25","guid":{"rendered":"https:\/\/matrend.hu\/maitrend\/?p=3379"},"modified":"2025-08-09T23:12:25","modified_gmt":"2025-08-09T21:12:25","slug":"a-szerencsekerek-musorvezetoje-fulladt-bele-a-balatonba","status":"publish","type":"post","link":"https:\/\/matrend.hu\/maitrend\/?p=3379","title":{"rendered":"A Szerencseker\u00e9k m\u0171sorvezet\u0151je fulladt bele a Balatonba!"},"content":{"rendered":"<h3>A szlov\u00e1k telev\u00edzi\u00f3 k\u00f6zlem\u00e9nyben b\u00facs\u00fazott m\u0171sorvezet\u0151j\u00e9t\u0151l, kiemelve, hogy Peter nemcsak a kamer\u00e1k el\u0151tt, hanem a mag\u00e1n\u00e9letben is kedves, vid\u00e1m \u00e9s k\u00f6zvetlen ember volt. A Balatonon t\u00f6rt\u00e9nt eset \u00fajra r\u00e1ir\u00e1ny\u00edtotta a figyelmet a v\u00edzbiztons\u00e1g fontoss\u00e1g\u00e1ra: a szakemberek hangs\u00falyozz\u00e1k, hogy m\u00e9g tapasztalt \u00fasz\u00f3k eset\u00e9ben is sz\u00fcks\u00e9g lehet azonnali seg\u00edts\u00e9gre, \u00e9s mindig figyelni kell a test\u00fcnk jelz\u00e9seire. A trag\u00e9dia \u00edgy nemcsak egy telev\u00edzi\u00f3s szem\u00e9lyis\u00e9g elveszt\u00e9s\u00e9r\u0151l sz\u00f3l, hanem figyelmeztet\u00e9s is minden nyaral\u00f3nak.<\/h3>\n<p>VIA MSN SK<\/p>\n<p>&#8211;<\/p>\n<p>Ugyanazokat az alapokat haszn\u00e1lja, mint a nemr\u00e9g bemutatott Volvo EX30, mivel mindk\u00e9t modell a Geely SEA elektromos j\u00e1rm\u0171platformj\u00e1ra \u00e9p\u00fcl. Az EX30 m\u00e9ret\u00e9t \u00e9s form\u00e1j\u00e1t tekintve is nagyon hasonl\u00edt az X-re, \u00edgy \u00e9rdekes lesz l\u00e1tni, miben pr\u00f3b\u00e1l majd k\u00fcl\u00f6nb\u00f6zni \u2013 a felismerhet\u0151bb m\u00e1rkan\u00e9ven t\u00fal.<\/p>\n<p>A mi v\u00e9lem\u00e9ny\u00fcnket az EX30-r\u00f3l csak a k\u00f6vetkez\u0151 h\u00f3napban tudjuk megosztani, most azonban n\u00e9zz\u00fck meg, mit k\u00edn\u00e1l az X. A formaterve egys\u00e9gesebb, mint n\u00e9h\u00e1ny m\u00e1s \u00faj bel\u00e9p\u0151\u00e9, \u00e9s kev\u00e9sb\u00e9 unalmas, mint a BYD Atto 3-\u00e9. M\u00e9gis, a felt\u0171n\u0151 robusztuss\u00e1ga ellen\u00e9re sem nevezhet\u0151 azonnali diz\u00e1jnklasszikusnak \u2013 f\u0151leg, mert egyes r\u00e9szleteiben hasonl\u00edt a Geely testv\u00e9rm\u00e1rka, a Lynk&#038;Co st\u00edlus\u00e1hoz.<\/p>\n<p>Bel\u00fcl az X a BYD \u00e1ltal is alkalmazott megk\u00f6zel\u00edt\u00e9st k\u00f6veti: \u201ebor\u00edts be mindent szintetikus b\u0151rrel, \u00e9s h\u00edvd pr\u00e9mium min\u0151s\u00e9g\u0171nek\u201d. Ez jobb, mint a kem\u00e9ny, karcos m\u0171anyag, de kicsit giccses hat\u00e1st kelthet, \u00e9s k\u00e9rd\u00e9ses, mennyire \u00f6regszik j\u00f3l.<\/p>\n<p>Vannak azonban eredeti r\u00e9szletek is: p\u00e9ld\u00e1ul a f\u00fcgg\u0151leges hangulatvil\u00e1g\u00edt\u00e1s-cs\u00edkok, a lekerek\u00edtett ablakemel\u0151 kapcsol\u00f3k, valamint a t\u00f6bb szint\u0171 k\u00f6z\u00e9pkonzol, melybe kihajthat\u00f3 poh\u00e1rtart\u00f3 \u00e9s st\u00edlusos red\u0151ny\u00f6s t\u00e1rol\u00f3 ker\u00fclt.<\/p>\n<p>Ahogy az sok k\u00ednai aut\u00f3n\u00e1l jellemz\u0151, a Zeekr X is b\u0151kez\u0171bben b\u00e1nik a h\u00e1ts\u00f3 l\u00e1bt\u00e9rrel, mint a csomagt\u00e9rrel \u2013 b\u00e1r ut\u00f3bbi is teljesen haszn\u00e1lhat\u00f3, 362 literes kapacit\u00e1ssal. Nem meglep\u0151 m\u00f3don a fizikai gombok teljesen hi\u00e1nyoznak \u2013 a Zeekrn\u00e9l mindent a 14,6 colos k\u00f6zponti \u00e9rint\u0151k\u00e9perny\u0151n kereszt\u00fcl kell kezelni.<\/p>\n<p>Ez a rendszer sok inspir\u00e1ci\u00f3t mer\u00edt a Tesla megold\u00e1s\u00e1b\u00f3l, \u00e9s gyorsan is reag\u00e1l, de kiss\u00e9 zs\u00fafolt, \u00e9s n\u00e9h\u00e1ny men\u00fc logik\u00e1ja nem a legegy\u00e9rtelm\u0171bb.<\/p>\n<p>Szerencs\u00e9re van CarPlay \u00e9s Auto t\u00e1mogat\u00e1s is, \u00e9s ezek viszonylag j\u00f3l integr\u00e1ltak. A vezet\u00e9si poz\u00edci\u00f3 a crossoverekre jellemz\u0151en magas, az \u00fcl\u00e9s \u00e1ltal\u00e1ban puha, de az \u00e1gy\u00e9ki t\u00e1masz t\u00fals\u00e1gosan is agressz\u00edvan nyomja a derekat \u2013 m\u00e9g a legalacsonyabb be\u00e1ll\u00edt\u00e1son is.<\/p>\n","protected":false},"excerpt":{"rendered":"<p>A szlov\u00e1k telev\u00edzi\u00f3 k\u00f6zlem\u00e9nyben b\u00facs\u00fazott m\u0171sorvezet\u0151j\u00e9t\u0151l, kiemelve, hogy Peter nemcsak a kamer\u00e1k el\u0151tt, hanem a mag\u00e1n\u00e9letben is kedves, vid\u00e1m \u00e9s&#8230; <span class=\"gridview-grid-post-read-more\"><a href=\"https:\/\/matrend.hu\/maitrend\/?p=3379\">read more<span class=\"gridview-sr-only\"> A Szerencseker\u00e9k m\u0171sorvezet\u0151je fulladt bele a Balatonba!<\/span><\/a><\/span><\/p>\n","protected":false},"author":1,"featured_media":3380,"comment_status":"open","ping_status":"open","sticky":false,"template":"","format":"standard","meta":{"footnotes":""},"categories":[1],"tags":[],"class_list":["post-3379","post","type-post","status-publish","format-standard","has-post-thumbnail","hentry","category-egyeb","wpcat-1-id"],"_links":{"self":[{"href":"https:\/\/matrend.hu\/maitrend\/index.php?rest_route=\/wp\/v2\/posts\/3379","targetHints":{"allow":["GET"]}}],"collection":[{"href":"https:\/\/matrend.hu\/maitrend\/index.php?rest_route=\/wp\/v2\/posts"}],"about":[{"href":"https:\/\/matrend.hu\/maitrend\/index.php?rest_route=\/wp\/v2\/types\/post"}],"author":[{"embeddable":true,"href":"https:\/\/matrend.hu\/maitrend\/index.php?rest_route=\/wp\/v2\/users\/1"}],"replies":[{"embeddable":true,"href":"https:\/\/matrend.hu\/maitrend\/index.php?rest_route=%2Fwp%2Fv2%2Fcomments&post=3379"}],"version-history":[{"count":1,"href":"https:\/\/matrend.hu\/maitrend\/index.php?rest_route=\/wp\/v2\/posts\/3379\/revisions"}],"predecessor-version":[{"id":3381,"href":"https:\/\/matrend.hu\/maitrend\/index.php?rest_route=\/wp\/v2\/posts\/3379\/revisions\/3381"}],"wp:featuredmedia":[{"embeddable":true,"href":"https:\/\/matrend.hu\/maitrend\/index.php?rest_route=\/wp\/v2\/media\/3380"}],"wp:attachment":[{"href":"https:\/\/matrend.hu\/maitrend\/index.php?rest_route=%2Fwp%2Fv2%2Fmedia&parent=3379"}],"wp:term":[{"taxonomy":"category","embeddable":true,"href":"https:\/\/matrend.hu\/maitrend\/index.php?rest_route=%2Fwp%2Fv2%2Fcategories&post=3379"},{"taxonomy":"post_tag","embeddable":true,"href":"https:\/\/matrend.hu\/maitrend\/index.php?rest_route=%2Fwp%2Fv2%2Ftags&post=3379"}],"curies":[{"name":"wp","href":"https:\/\/api.w.org\/{rel}","templated":true}]}}