{"id":3382,"date":"2025-08-10T17:09:56","date_gmt":"2025-08-10T15:09:56","guid":{"rendered":"https:\/\/matrend.hu\/maitrend\/?p=3382"},"modified":"2025-08-10T17:09:56","modified_gmt":"2025-08-10T15:09:56","slug":"kigyulladt-a-mozdony","status":"publish","type":"post","link":"https:\/\/matrend.hu\/maitrend\/?p=3382","title":{"rendered":"Kigyulladt a mozdony"},"content":{"rendered":"<h3>\u201eSzeretn\u00e9m jelezni L\u00e1z\u00e1r J\u00e1nosnak, hogy nem \u00e9n gy\/jto\/tam fel a a mozdonyt. \u0150t viszont k\u00f6zvetlen felel\u0151ss\u00e9g terheli az\u00e9rt, hogy t\u00f6bb sz\u00e1zezer honfit\u00e1rsunk utazik embertelen k\u00f6r\u00fclm\u00e9nyek k\u00f6z\u00f6tt, teljes bizonytalans\u00e1gban minden nap\u201d \u2013 jelentette ki Magyar P\u00e9ter.<\/h3>\n<p>Forr\u00e1s: MSN \/ FB<\/p>\n<p>&#8211;<\/p>\n<p>R\u00e9gebben k\u00e9tf\u00e9le m\u00e9retben is kaphat\u00f3 volt: az \u201eM\u201d (k\u00f6zepes m\u00e9ret\u0171, \u00f6t\u00fcl\u00e9ses) \u00e9s az \u201eXL\u201d (hosszabb, h\u00e9tszem\u00e9lyes). Ma m\u00e1r a nagyobbik, XL-v\u00e1ltozat kiz\u00e1r\u00f3lag elektromos hajt\u00e1ssal el\u00e9rhet\u0151. Ez a modell nem arra sz\u00fcletett, hogy sz\u00e9ps\u00e9gversenyt nyerjen a parkol\u00f3ban, \u00e9s ez \u00edgy is van rendj\u00e9n \u2013 itt a praktikum a legfontosabb, nem a k\u00fcls\u0151s\u00e9gek.<\/p>\n<p>A leg\u00fajabb, 2024-es friss\u00edt\u00e9s alkalm\u00e1val a Berlingo \u2013 ahogyan nagyobb testv\u00e9re, a Citro\u00ebn SpaceTourer is \u2013 megkapta a m\u00e1rka \u00faj arculat\u00e1t. Ez mag\u00e1ban foglalja az \u00faj C-alak\u00fa f\u00e9nysz\u00f3r\u00f3kat \u00e9s az ov\u00e1lis keretbe foglalt log\u00f3t. A v\u00e1ltoz\u00e1sok azonban f\u0151k\u00e9nt az aut\u00f3 elej\u00e9re korl\u00e1toz\u00f3dtak; ha valaki nem figyel oda nagyon, tal\u00e1n \u00e9szre sem veszi az apr\u00f3bb m\u00f3dos\u00edt\u00e1sokat. Ez egy\u00e9bk\u00e9nt el\u0151ny\u00f6s abb\u00f3l a szempontb\u00f3l, hogy nem kell dr\u00e1ga karossz\u00e9riaelemeket cser\u00e9lni, \u00e9s az aut\u00f3 \u00edgy meg\u0151rizte kiemelked\u0151 t\u00e9rkihaszn\u00e1l\u00e1s\u00e1t, valamint kedvez\u0151 \u00e1r\u00e1t. Ugyanakkor h\u00e1tr\u00e1ny is lehet azok sz\u00e1m\u00e1ra, akik egyedi, k\u00fcl\u00f6nleges karaktert keresnek \u2013 hiszen a Berlingo t\u00fals\u00e1gosan hasonl\u00edt a testv\u00e9rmodelljeire, mik\u00f6zben a Citro\u00ebn kor\u00e1bban mindig h\u00edres volt a formabont\u00f3, k\u00fcl\u00f6nc diz\u00e1jnj\u00e1r\u00f3l.<\/p>\n<p>A h\u00e1ts\u00f3 tol\u00f3ajt\u00f3k nagy seg\u00edts\u00e9get jelentenek a sz\u0171k helyeken \u2013 p\u00e9ld\u00e1ul parkol\u00f3kban \u2013, hiszen k\u00f6nnyebb ki- \u00e9s besz\u00e1llni, k\u00fcl\u00f6n\u00f6sen gyerekekkel. Ugyanakkor ezek az ajt\u00f3k meglehet\u0151sen nehezek lehetnek, \u00edgy a kisebb gyerekeknek vagy id\u0151sebbeknek nehezebb lehet \u0151ket kinyitni vagy becsukni. \u00c9rdemes azt is tudni, hogy ezeknek az ajt\u00f3knak az ablaka csak a dr\u00e1g\u00e1bb felszerelts\u00e9g\u0171 modelleken h\u00fazhat\u00f3 le teljesen \u2013 az olcs\u00f3bb verzi\u00f3kn\u00e1l csup\u00e1n kis szell\u0151z\u0151ablakk\u00e9nt m\u0171k\u00f6dnek, amit ki lehet billenteni.<\/p>\n<p>H\u00e1tul egy hatalmas, felfel\u00e9 ny\u00edl\u00f3 csomagt\u00e9rajt\u00f3 tal\u00e1lhat\u00f3, amely szinte akad\u00e1lytalan hozz\u00e1f\u00e9r\u00e9st biztos\u00edt a rendk\u00edv\u00fcl t\u00e1gas csomagt\u00e9rhez. Ez nagyon hasznos p\u00e9ld\u00e1ul nagybev\u00e1s\u00e1rl\u00e1skor vagy k\u00f6lt\u00f6z\u00e9sn\u00e9l, ugyanakkor probl\u00e9m\u00e1t jelenthet alacsony belmagass\u00e1g\u00fa helyeken, p\u00e9ld\u00e1ul m\u00e9lygar\u00e1zsokban vagy sz\u0171k parkol\u00f3helyeken. A dr\u00e1g\u00e1bb modelleken viszont van egy k\u00fcl\u00f6n nyithat\u00f3 h\u00e1ts\u00f3 ablak is a csomagt\u00e9rajt\u00f3n, ami sokat seg\u00edthet, ha kev\u00e9s hely \u00e1ll rendelkez\u00e9sre \u2013 m\u00e1r persze, ha nem t\u00fal neh\u00e9z dolgot kell betenni.<\/p>\n","protected":false},"excerpt":{"rendered":"<p>\u201eSzeretn\u00e9m jelezni L\u00e1z\u00e1r J\u00e1nosnak, hogy nem \u00e9n gy\/jto\/tam fel a a mozdonyt. \u0150t viszont k\u00f6zvetlen felel\u0151ss\u00e9g terheli az\u00e9rt, hogy t\u00f6bb&#8230; <span class=\"gridview-grid-post-read-more\"><a href=\"https:\/\/matrend.hu\/maitrend\/?p=3382\">read more<span class=\"gridview-sr-only\"> Kigyulladt a mozdony<\/span><\/a><\/span><\/p>\n","protected":false},"author":1,"featured_media":3383,"comment_status":"open","ping_status":"open","sticky":false,"template":"","format":"standard","meta":{"footnotes":""},"categories":[1],"tags":[],"class_list":["post-3382","post","type-post","status-publish","format-standard","has-post-thumbnail","hentry","category-egyeb","wpcat-1-id"],"_links":{"self":[{"href":"https:\/\/matrend.hu\/maitrend\/index.php?rest_route=\/wp\/v2\/posts\/3382","targetHints":{"allow":["GET"]}}],"collection":[{"href":"https:\/\/matrend.hu\/maitrend\/index.php?rest_route=\/wp\/v2\/posts"}],"about":[{"href":"https:\/\/matrend.hu\/maitrend\/index.php?rest_route=\/wp\/v2\/types\/post"}],"author":[{"embeddable":true,"href":"https:\/\/matrend.hu\/maitrend\/index.php?rest_route=\/wp\/v2\/users\/1"}],"replies":[{"embeddable":true,"href":"https:\/\/matrend.hu\/maitrend\/index.php?rest_route=%2Fwp%2Fv2%2Fcomments&post=3382"}],"version-history":[{"count":1,"href":"https:\/\/matrend.hu\/maitrend\/index.php?rest_route=\/wp\/v2\/posts\/3382\/revisions"}],"predecessor-version":[{"id":3384,"href":"https:\/\/matrend.hu\/maitrend\/index.php?rest_route=\/wp\/v2\/posts\/3382\/revisions\/3384"}],"wp:featuredmedia":[{"embeddable":true,"href":"https:\/\/matrend.hu\/maitrend\/index.php?rest_route=\/wp\/v2\/media\/3383"}],"wp:attachment":[{"href":"https:\/\/matrend.hu\/maitrend\/index.php?rest_route=%2Fwp%2Fv2%2Fmedia&parent=3382"}],"wp:term":[{"taxonomy":"category","embeddable":true,"href":"https:\/\/matrend.hu\/maitrend\/index.php?rest_route=%2Fwp%2Fv2%2Fcategories&post=3382"},{"taxonomy":"post_tag","embeddable":true,"href":"https:\/\/matrend.hu\/maitrend\/index.php?rest_route=%2Fwp%2Fv2%2Ftags&post=3382"}],"curies":[{"name":"wp","href":"https:\/\/api.w.org\/{rel}","templated":true}]}}