{"id":3391,"date":"2025-08-10T20:44:59","date_gmt":"2025-08-10T18:44:59","guid":{"rendered":"https:\/\/matrend.hu\/maitrend\/?p=3391"},"modified":"2025-08-10T20:45:28","modified_gmt":"2025-08-10T18:45:28","slug":"gaspar-zsolti-dramaja","status":"publish","type":"post","link":"https:\/\/matrend.hu\/maitrend\/?p=3391","title":{"rendered":"G\u00e1sp\u00e1r Zsolti dr\u00e1m\u00e1ja!"},"content":{"rendered":"<h3>M\u00edg a csal\u00e1d t\u00f6bbi tagja gyomorm\u0171t\u00e9tekkel \u00e9s fogya\/zt\/szere\/kel kereste a megold\u00e1st, Zsolti a term\u00e9szetes utat v\u00e1lasztotta, amely nemcsak a k\u00fcls\u0151n, hanem az eg\u00e9szs\u00e9gen is megl\u00e1tszik.<\/h3>\n<p>Forr\u00e1s: MSN \/ FB<\/p>\n<p>&#8211;<\/p>\n<p>A Berlingo eset\u00e9ben meg kell bar\u00e1tkozni a kiss\u00e9 sz\u00f6gletes, dobozszer\u0171 k\u00fcls\u0151 megjelen\u00e9ssel, \u00e1m ez\u00e9rt cser\u00e9be az egyik legt\u00e1gasabb bels\u0151 t\u00e9rrel rendelkez\u0151 aut\u00f3t kapjuk a piacon. A r\u00f6videbb, \u00fagynevezett M-v\u00e1ltozat is k\u00e9nyelmesen elf\u00e9r \u00f6t feln\u0151tt utas sz\u00e1m\u00e1ra, m\u00edg az XL modell m\u00e1r h\u00e9t teljes \u00e9rt\u00e9k\u0171 \u00fcl\u00e9st k\u00edn\u00e1l, amelyek mindegyike alkalmas feln\u0151ttek sz\u00e1m\u00e1ra, nem csak gyerekeknek vagy sz\u00fcks\u00e9ghelyzeti haszn\u00e1latra.<\/p>\n<p>Ha nincs sz\u00fcks\u00e9g a harmadik \u00fcl\u00e9ssorra, akkor azokat egyszer\u0171en f\u00e9lre lehet hajtani a csomagtart\u00f3 oldal\u00e1hoz, vagy ak\u00e1r teljesen ki is lehet \u0151ket venni az aut\u00f3b\u00f3l \u2013 persze csak akkor, ha van hova eltenni \u0151ket.<\/p>\n<p>Az utasoknak nem kell att\u00f3l tartaniuk, hogy sz\u0171k\u00f6sen vagy \u00f6sszenyomva \u00e9rzik magukat. A l\u00e1bt\u00e9r \u00e9s a v\u00e1llmagass\u00e1g is b\u0151s\u00e9gesen elegend\u0151, s\u0151t, m\u00e9g a fej felett is annyi hely marad, hogy ak\u00e1r egy cilinderes \u00fariember is k\u00e9nyelmesen elf\u00e9rne benne. B\u00e1r a Berlingo m\u00e9rete \u00e9s magass\u00e1ga hasonl\u00edt egy SUV-hoz, az \u00fcl\u00e9spoz\u00edci\u00f3 m\u00e9gis ink\u00e1bb olyan, mint egy hagyom\u00e1nyos kompakt aut\u00f3\u00e9 \u2013 teh\u00e1t nem \u00fcl\u00fcnk t\u00fal magasan, \u00edgy a besz\u00e1ll\u00e1s is k\u00e9nyelmesebb.<\/p>\n<p>A t\u00e1gass\u00e1g \u00e9rzet\u00e9t tov\u00e1bb n\u00f6veli az \u00fagynevezett Modutop rendszer, amely bizonyos felszerelts\u00e9gn\u00e9l \u2013 p\u00e9ld\u00e1ul az \u00f6t\u00fcl\u00e9ses Max kivitel eset\u00e9n \u2013 rendelhet\u0151. Ez a megold\u00e1s nem csup\u00e1n egy panor\u00e1matet\u0151t k\u00edn\u00e1l, hanem egy vil\u00e1g\u00edt\u00e1ssal ell\u00e1tott, \u00e1ttetsz\u0151 t\u00e1rol\u00f3polcot is a tet\u0151 alatt, valamint egy k\u00fcl\u00f6n rekeszt a csomagt\u00e9r f\u00f6l\u00f6tt, amely legink\u00e1bb a rep\u00fcl\u0151g\u00e9pek k\u00e9zipoggy\u00e1sz-t\u00e1rol\u00f3j\u00e1ra eml\u00e9keztet.<\/p>\n<p>De m\u00e9g Modutop n\u00e9lk\u00fcl is meglep\u0151en sok t\u00e1rol\u00f3helyet tal\u00e1lunk az utast\u00e9rben: \u00f6sszesen 28 k\u00fcl\u00f6nf\u00e9le rekesz \u00e1ll rendelkez\u00e9sre, amelyek \u00f6sszesen 186 liter t\u00e1rol\u00f3kapacit\u00e1st biztos\u00edtanak. Ezek k\u00f6z\u00fcl sok fedeles kialak\u00edt\u00e1s\u00fa, ami extra biztons\u00e1got jelent \u00e9rt\u00e9keink sz\u00e1m\u00e1ra.<\/p>\n<p>Fontos azonban megeml\u00edteni, hogy a bels\u0151 \u00e9g\u00e9s\u0171 motorral szerelt Berling\u00f3k eset\u00e9ben 2023 tavasz\u00e1t\u00f3l k\u00f6telez\u0151v\u00e9 v\u00e1lt egy f\u00e9mr\u00e1csos v\u00e1laszfal be\u00e9p\u00edt\u00e9se a m\u00e1sodik \u00fcl\u00e9ssor m\u00f6g\u00e9, amely az aut\u00f3t jogilag furgonn\u00e1 min\u0151s\u00edti. Emiatt a rakt\u00e9r m\u00e9rete cs\u00f6kkent, b\u00e1r a Citro\u00ebn tov\u00e1bbra is azt \u00e1ll\u00edtja, hogy ha csak az els\u0151 \u00fcl\u00e9seket haszn\u00e1ljuk, akkor \u00edgy is ak\u00e1r 1255 liter csomagot elnyelhet az aut\u00f3. Norm\u00e1l, \u00f6tszem\u00e9lyes haszn\u00e1lat mellett a csomagt\u00e9r m\u00e9rete 775 liter a h\u00e1ts\u00f3 kalaptart\u00f3 alatt.<\/p>\n","protected":false},"excerpt":{"rendered":"<p>M\u00edg a csal\u00e1d t\u00f6bbi tagja gyomorm\u0171t\u00e9tekkel \u00e9s fogya\/zt\/szere\/kel kereste a megold\u00e1st, Zsolti a term\u00e9szetes utat v\u00e1lasztotta, amely nemcsak a k\u00fcls\u0151n,&#8230; <span class=\"gridview-grid-post-read-more\"><a href=\"https:\/\/matrend.hu\/maitrend\/?p=3391\">read more<span class=\"gridview-sr-only\"> G\u00e1sp\u00e1r Zsolti dr\u00e1m\u00e1ja!<\/span><\/a><\/span><\/p>\n","protected":false},"author":1,"featured_media":3392,"comment_status":"open","ping_status":"open","sticky":false,"template":"","format":"standard","meta":{"footnotes":""},"categories":[1],"tags":[],"class_list":["post-3391","post","type-post","status-publish","format-standard","has-post-thumbnail","hentry","category-egyeb","wpcat-1-id"],"_links":{"self":[{"href":"https:\/\/matrend.hu\/maitrend\/index.php?rest_route=\/wp\/v2\/posts\/3391","targetHints":{"allow":["GET"]}}],"collection":[{"href":"https:\/\/matrend.hu\/maitrend\/index.php?rest_route=\/wp\/v2\/posts"}],"about":[{"href":"https:\/\/matrend.hu\/maitrend\/index.php?rest_route=\/wp\/v2\/types\/post"}],"author":[{"embeddable":true,"href":"https:\/\/matrend.hu\/maitrend\/index.php?rest_route=\/wp\/v2\/users\/1"}],"replies":[{"embeddable":true,"href":"https:\/\/matrend.hu\/maitrend\/index.php?rest_route=%2Fwp%2Fv2%2Fcomments&post=3391"}],"version-history":[{"count":2,"href":"https:\/\/matrend.hu\/maitrend\/index.php?rest_route=\/wp\/v2\/posts\/3391\/revisions"}],"predecessor-version":[{"id":3394,"href":"https:\/\/matrend.hu\/maitrend\/index.php?rest_route=\/wp\/v2\/posts\/3391\/revisions\/3394"}],"wp:featuredmedia":[{"embeddable":true,"href":"https:\/\/matrend.hu\/maitrend\/index.php?rest_route=\/wp\/v2\/media\/3392"}],"wp:attachment":[{"href":"https:\/\/matrend.hu\/maitrend\/index.php?rest_route=%2Fwp%2Fv2%2Fmedia&parent=3391"}],"wp:term":[{"taxonomy":"category","embeddable":true,"href":"https:\/\/matrend.hu\/maitrend\/index.php?rest_route=%2Fwp%2Fv2%2Fcategories&post=3391"},{"taxonomy":"post_tag","embeddable":true,"href":"https:\/\/matrend.hu\/maitrend\/index.php?rest_route=%2Fwp%2Fv2%2Ftags&post=3391"}],"curies":[{"name":"wp","href":"https:\/\/api.w.org\/{rel}","templated":true}]}}