{"id":3407,"date":"2025-08-12T00:22:37","date_gmt":"2025-08-11T22:22:37","guid":{"rendered":"https:\/\/matrend.hu\/maitrend\/?p=3407"},"modified":"2025-08-12T00:22:37","modified_gmt":"2025-08-11T22:22:37","slug":"szeptember-1-tol-erkezik-a-tamogatas-a-nyugdijasoknak","status":"publish","type":"post","link":"https:\/\/matrend.hu\/maitrend\/?p=3407","title":{"rendered":"Szeptember 1-t\u0151l \u00e9rkezik a t\u00e1mogat\u00e1s a nyugd\u00edjasoknak!"},"content":{"rendered":"<h3>Ha a postai k\u00e9zbes\u00edt\u00e9s nem lesz sikeres &#8211; mert a nyugd\u00edjas esetleg nincs otthon \u00e9s nem veszi \u00e1t az utalv\u00e1nyt -, az nem fog elveszni, hanem a post\u00e1n \u00e1tvehet\u0151 lesz 10 munkanapig, \u00e9s err\u0151l a posta a szok\u00e1sos m\u00f3don \u00e9rtes\u00edt\u0151t hagy. A tervek szerint az utalv\u00e1ny 2025. december 31-ig lesz bev\u00e1lthat\u00f3 a vid\u00e9ki kisboltokban, a nagyobb \u00fczletl\u00e1ncokban, a piacokon, \u00e9s az \u0151stermel\u0151kn\u00e9l is &#8211; f\u0171zte hozz\u00e1 a KTK<\/h3>\n<p>&#8211;<\/p>\n<p>A f\u0171t\u0151m\u0171 csod\u00e1kat m\u0171vel a Hyundai egyens\u00faly\u00e1val, k\u00fcl\u00f6n\u00f6sen, ha a hajt\u00e1sm\u00f3dok seg\u00edts\u00e9g\u00e9vel a nyomat\u00e9keloszt\u00e1st egy kicsit h\u00e1tr\u00e9bb, a h\u00e1ts\u00f3 tengely fel\u00e9 \u00e1ll\u00edtod. Ezzel szinte hihetetlen, mennyire k\u00f6nny\u0171 az aut\u00f3 egyens\u00faly\u00e1val j\u00e1tszani, m\u00e9g a h\u00e1ts\u00f3 gumik cs\u00fasztat\u00e1s\u00e1t is be tudod vonni, mik\u00f6zben az aut\u00f3 meg\u0151rzi k\u00f6nnyen kezelhet\u0151 jelleg\u00e9t.<\/p>\n<p>Ez a finomhangolhat\u00f3s\u00e1g a g\u00e1zelv\u00e9teln\u00e9l is \u00e9rv\u00e9nyes\u00fcl. Ha kanyar k\u00f6zep\u00e9n elengeded a g\u00e1zt, a t\u00f6meg az els\u0151 tengely fel\u00e9 tol\u00f3dik, seg\u00edtve, hogy az orr egy kicsit jobban beforduljon. Mindehhez hozz\u00e1j\u00e1rul a leny\u0171g\u00f6z\u0151 egyenesfut\u00e1si sebess\u00e9g, amely az Ioniq 5 N-et az egyik kanyarb\u00f3l a m\u00e1sikba rep\u00edti. A g\u00e1zreakci\u00f3 azonnali, ugyanakkor a g\u00e1zped\u00e1l \u00fatja elegend\u0151 ahhoz, hogy prec\u00edzen adagold a befecskendez\u00e9st.<\/p>\n<p>Hogy mindezek mellett a rug\u00f3z\u00e1si komfort nem s\u00e9r\u00fcl jelent\u0151sen, az k\u00fcl\u00f6n\u00f6sen leny\u0171g\u00f6z\u0151. Igaz, a h\u00e1rom felf\u00fcggeszt\u00e9s-be\u00e1ll\u00edt\u00e1sb\u00f3l a k\u00e9t kem\u00e9nyebb nem a legk\u00e9nyelmesebb mindennapi vezet\u00e9shez (b\u00e1r m\u00e9g a legkem\u00e9nyebb be\u00e1ll\u00edt\u00e1s is ink\u00e1bb enyh\u00e9n fesz\u00fclt, semmint durva), de a legpuh\u00e1bb be\u00e1ll\u00edt\u00e1s pozit\u00edv, kontroll\u00e1lt \u00e9s j\u00f3l eltal\u00e1lt egy kanyarg\u00f3s vid\u00e9ki \u00fathoz.<\/p>\n<p>A Hyundai mindenk\u00e9pp jobban rug\u00f3zik, mint a Ford Mustang Mach-E GT, viszont enged\u00e9kenyebb, mint a BMW M3, b\u00e1r nem annyira finom a durva \u00fathib\u00e1k lekerek\u00edt\u00e9s\u00e9ben, mint az Alfa Romeo Giulia Quadrifoglio.<\/p>\n<p>T\u00f6bbnyire az Ioniq 5 N leny\u0171g\u00f6z\u0151en rejti el a 2,2 tonn\u00e1s t\u00f6meg\u00e9t. Van azonban egy ter\u00fclet, ahol a Hyundai nem ker\u00fclheti el a fizika t\u00f6rv\u00e9nyeit, ez pedig a f\u00e9kez\u00e9s. A kem\u00e9ny f\u00e9kez\u00e9sek kicsit ijeszt\u0151ek a hatalmas els\u0151 f\u00e9kt\u00e1rcs\u00e1k ellen\u00e9re is, \u00e9s t\u00f6bb bizalmat adn\u00e1nk a f\u00e9knek, ha a bal ped\u00e1l (f\u00e9kk Ped\u00e1l) elej\u00e9n kicsit nagyobb lenne a harap\u00e1s.<\/p>\n<p>Magasabb sebess\u00e9gn\u00e9l viszont a t\u00f6meg, a sz\u00e9less\u00e9g \u00e9s a stabilit\u00e1s mind az Ioniq 5 N jav\u00e1ra v\u00e1lik. Ez, egy\u00fctt a kiv\u00e1l\u00f3 fut\u00f3m\u0171vel \u00e9s a t\u00e1gas utast\u00e9rrel, egy igaz\u00e1n k\u00e9nyelmes helyet teremt egy aut\u00f3p\u00e1ly\u00e1s utaz\u00e1shoz.<\/p>\n","protected":false},"excerpt":{"rendered":"<p>Ha a postai k\u00e9zbes\u00edt\u00e9s nem lesz sikeres &#8211; mert a nyugd\u00edjas esetleg nincs otthon \u00e9s nem veszi \u00e1t az utalv\u00e1nyt&#8230; <span class=\"gridview-grid-post-read-more\"><a href=\"https:\/\/matrend.hu\/maitrend\/?p=3407\">read more<span class=\"gridview-sr-only\"> Szeptember 1-t\u0151l \u00e9rkezik a t\u00e1mogat\u00e1s a nyugd\u00edjasoknak!<\/span><\/a><\/span><\/p>\n","protected":false},"author":1,"featured_media":3408,"comment_status":"open","ping_status":"open","sticky":false,"template":"","format":"standard","meta":{"footnotes":""},"categories":[1],"tags":[],"class_list":["post-3407","post","type-post","status-publish","format-standard","has-post-thumbnail","hentry","category-egyeb","wpcat-1-id"],"_links":{"self":[{"href":"https:\/\/matrend.hu\/maitrend\/index.php?rest_route=\/wp\/v2\/posts\/3407","targetHints":{"allow":["GET"]}}],"collection":[{"href":"https:\/\/matrend.hu\/maitrend\/index.php?rest_route=\/wp\/v2\/posts"}],"about":[{"href":"https:\/\/matrend.hu\/maitrend\/index.php?rest_route=\/wp\/v2\/types\/post"}],"author":[{"embeddable":true,"href":"https:\/\/matrend.hu\/maitrend\/index.php?rest_route=\/wp\/v2\/users\/1"}],"replies":[{"embeddable":true,"href":"https:\/\/matrend.hu\/maitrend\/index.php?rest_route=%2Fwp%2Fv2%2Fcomments&post=3407"}],"version-history":[{"count":1,"href":"https:\/\/matrend.hu\/maitrend\/index.php?rest_route=\/wp\/v2\/posts\/3407\/revisions"}],"predecessor-version":[{"id":3409,"href":"https:\/\/matrend.hu\/maitrend\/index.php?rest_route=\/wp\/v2\/posts\/3407\/revisions\/3409"}],"wp:featuredmedia":[{"embeddable":true,"href":"https:\/\/matrend.hu\/maitrend\/index.php?rest_route=\/wp\/v2\/media\/3408"}],"wp:attachment":[{"href":"https:\/\/matrend.hu\/maitrend\/index.php?rest_route=%2Fwp%2Fv2%2Fmedia&parent=3407"}],"wp:term":[{"taxonomy":"category","embeddable":true,"href":"https:\/\/matrend.hu\/maitrend\/index.php?rest_route=%2Fwp%2Fv2%2Fcategories&post=3407"},{"taxonomy":"post_tag","embeddable":true,"href":"https:\/\/matrend.hu\/maitrend\/index.php?rest_route=%2Fwp%2Fv2%2Ftags&post=3407"}],"curies":[{"name":"wp","href":"https:\/\/api.w.org\/{rel}","templated":true}]}}