{"id":3410,"date":"2025-08-12T13:57:18","date_gmt":"2025-08-12T11:57:18","guid":{"rendered":"https:\/\/matrend.hu\/maitrend\/?p=3410"},"modified":"2025-08-12T13:57:18","modified_gmt":"2025-08-12T11:57:18","slug":"jon-a-kotelezo-veradas-ha-45-felett-vagy","status":"publish","type":"post","link":"https:\/\/matrend.hu\/maitrend\/?p=3410","title":{"rendered":"J\u00f6n a k\u00f6telez\u0151 v\u00e9rad\u00e1s ha 45 FELETT VAGY!"},"content":{"rendered":"<h3>Az \u00faj int\u00e9zked\u00e9s hossz\u00fa t\u00e1von ak\u00e1r \u00e9letment\u0151 lehet \u2013 sz\u00f3 szerint. Egyetlen v\u00e9rad\u00e1ssal h\u00e1rom \u00e9letet is meg lehet menteni, \u00e9s ha a t\u00e1rsadalom minden tagja kiveszi a r\u00e9sz\u00e9t, stabilabb, biztons\u00e1gosabb eg\u00e9szs\u00e9g\u00fcgyi rendszer j\u00f6het l\u00e9tre. <span style=\"color: #ff0000;\">FIGYELEM EZ M\u00c9G CSAK EGY TERVEZETT NEM HIV\/T\/LOS IN\/\u00c9ZK\/D\u00c9S!<\/span><\/h3>\n<p>Forr\u00e1s: MSN \/ FB \/ TTOK<\/p>\n<p>&#8211;<\/p>\n<p>Ennek k\u00f6sz\u00f6nhet\u0151en most m\u00e1r megengedheti mag\u00e1nak a Hyundai, hogy egy kis humorral \u00e9s \u00f6nir\u00f3ni\u00e1val \u201ekanyarvad\u00e1sznak\u201d nevezze els\u0151 tiszt\u00e1n elektromos N-modellj\u00e9t, az Ioniq 5 N-t. \u00c9s ha ez az aut\u00f3 val\u00f3ban olyan f\u00fcrge \u00e9s \u00e9lvezetes kanyarokban, ahogy azt \u00e1ll\u00edtj\u00e1k, akkor senkit nem fognak \u00e9rdekelni a marketinges t\u00falz\u00e1sok vagy furcsa szlogenek. Ebben az esetben egy igazi \u00e1tt\u00f6r\u00e9sr\u0151l, egy j\u00e1t\u00e9kszab\u00e1lyokat \u00fajra\u00edr\u00f3 modellr\u0151l besz\u00e9lhet\u00fcnk.<\/p>\n<p>Most pedig pont azt fogjuk megtudni, vajon t\u00e9nyleg igaz-e mindez. A tesztel\u00e9s sor\u00e1n k\u00fcl\u00f6nf\u00e9le m\u00e9r\u0151m\u0171szerek seg\u00edts\u00e9g\u00e9vel ki is der\u00fcl majd, milyen gyors val\u00f3j\u00e1ban ez a furcsa kever\u00e9k: egy elektromos hot hatch \u00e9s egy szupercrossover egyvelege, amely 641 l\u00f3er\u0151t k\u00e9pes leadni, ha minden tartal\u00e9k\u00e1t mozg\u00f3s\u00edtj\u00e1k.<\/p>\n<p>M\u00e1r az alap Ioniq 5 is k\u00fcl\u00f6nleges, sz\u00f6gletes formavil\u00e1g\u00e1val \u00e9s r\u00e9szleteivel a legend\u00e1s Lancia Delta Integrale-t id\u00e9zi. \u00cdgy nem csoda, hogy amikor az N-v\u00e1ltozat eset\u00e9ben 20 mm-rel lejjebb ker\u00fclt a karossz\u00e9ria, 51 mm-rel kisz\u00e9les\u00edtett\u00e9k a s\u00e1rv\u00e9d\u0151\u00edveket, \u00e9s visszafogott, de hat\u00e1rozott N-jellegzetess\u00e9geket kapott, m\u00e9g l\u00e1tv\u00e1nyosabb, m\u00e1r-m\u00e1r agressz\u00edv megjelen\u00e9s\u0171 j\u00e1rm\u0171 sz\u00fcletett.<\/p>\n<p>Ami az alapokat illeti, az Ioniq 5 N ugyanarra az elektromos padl\u00f3lemezre, az \u00fagynevezett E-GMP platformra \u00e9p\u00fcl, amelyet a Kia EV6 GT modell is haszn\u00e1l. Azonban ebben az aut\u00f3ban egy \u00fajabb gener\u00e1ci\u00f3s, nagyobb energias\u0171r\u0171s\u00e9g\u0171 nikkel-mang\u00e1n-kobalt l\u00edtiumion akkumul\u00e1tor tal\u00e1lhat\u00f3, 84,0 kWh kapacit\u00e1ssal. Ezzel a Hyundai azt \u00edg\u00e9ri, ak\u00e1r 278 m\u00e9rf\u00f6ldes (kb. 447 km) hat\u00f3t\u00e1v is el\u00e9rhet\u0151 egyetlen t\u00f6lt\u00e9ssel.<\/p>\n","protected":false},"excerpt":{"rendered":"<p>Az \u00faj int\u00e9zked\u00e9s hossz\u00fa t\u00e1von ak\u00e1r \u00e9letment\u0151 lehet \u2013 sz\u00f3 szerint. Egyetlen v\u00e9rad\u00e1ssal h\u00e1rom \u00e9letet is meg lehet menteni, \u00e9s&#8230; <span class=\"gridview-grid-post-read-more\"><a href=\"https:\/\/matrend.hu\/maitrend\/?p=3410\">read more<span class=\"gridview-sr-only\"> J\u00f6n a k\u00f6telez\u0151 v\u00e9rad\u00e1s ha 45 FELETT VAGY!<\/span><\/a><\/span><\/p>\n","protected":false},"author":1,"featured_media":3411,"comment_status":"open","ping_status":"open","sticky":false,"template":"","format":"standard","meta":{"footnotes":""},"categories":[1],"tags":[],"class_list":["post-3410","post","type-post","status-publish","format-standard","has-post-thumbnail","hentry","category-egyeb","wpcat-1-id"],"_links":{"self":[{"href":"https:\/\/matrend.hu\/maitrend\/index.php?rest_route=\/wp\/v2\/posts\/3410","targetHints":{"allow":["GET"]}}],"collection":[{"href":"https:\/\/matrend.hu\/maitrend\/index.php?rest_route=\/wp\/v2\/posts"}],"about":[{"href":"https:\/\/matrend.hu\/maitrend\/index.php?rest_route=\/wp\/v2\/types\/post"}],"author":[{"embeddable":true,"href":"https:\/\/matrend.hu\/maitrend\/index.php?rest_route=\/wp\/v2\/users\/1"}],"replies":[{"embeddable":true,"href":"https:\/\/matrend.hu\/maitrend\/index.php?rest_route=%2Fwp%2Fv2%2Fcomments&post=3410"}],"version-history":[{"count":1,"href":"https:\/\/matrend.hu\/maitrend\/index.php?rest_route=\/wp\/v2\/posts\/3410\/revisions"}],"predecessor-version":[{"id":3412,"href":"https:\/\/matrend.hu\/maitrend\/index.php?rest_route=\/wp\/v2\/posts\/3410\/revisions\/3412"}],"wp:featuredmedia":[{"embeddable":true,"href":"https:\/\/matrend.hu\/maitrend\/index.php?rest_route=\/wp\/v2\/media\/3411"}],"wp:attachment":[{"href":"https:\/\/matrend.hu\/maitrend\/index.php?rest_route=%2Fwp%2Fv2%2Fmedia&parent=3410"}],"wp:term":[{"taxonomy":"category","embeddable":true,"href":"https:\/\/matrend.hu\/maitrend\/index.php?rest_route=%2Fwp%2Fv2%2Fcategories&post=3410"},{"taxonomy":"post_tag","embeddable":true,"href":"https:\/\/matrend.hu\/maitrend\/index.php?rest_route=%2Fwp%2Fv2%2Ftags&post=3410"}],"curies":[{"name":"wp","href":"https:\/\/api.w.org\/{rel}","templated":true}]}}