{"id":3420,"date":"2025-08-12T20:55:55","date_gmt":"2025-08-12T18:55:55","guid":{"rendered":"https:\/\/matrend.hu\/maitrend\/?p=3420"},"modified":"2025-08-13T08:45:29","modified_gmt":"2025-08-13T06:45:29","slug":"dopeman-titokban-osszehazasodott-o-a-felesege","status":"publish","type":"post","link":"https:\/\/matrend.hu\/maitrend\/?p=3420","title":{"rendered":"Dopeman titokban \u00f6sszeh\u00e1zasodott! \u0150 a feles\u00e9ge!"},"content":{"rendered":"<h3>A bejegyz\u00e9sben t\u00f6bbek k\u00f6z\u00f6tt sok pozit\u00edv c\u00edmk\u00e9k szerepeltek, utalva az esk\u00fcv\u0151 t\u00e9ny\u00e9re \u00e9s a p\u00e1r \u00f6sszetart\u00e1s\u00e1ra valamint hogy szerelm\u00fcket \u00f6r\u00f6knek sz\u00e1nj\u00e1k!<\/h3>\n<h3>A rajong\u00f3i TTOK felt\u00e9telez\u00e9sek szerint Depeman egy h\u00e1zat kap aj\u00e1nd\u00e9kba! De sokak szerint egy \u00e9rt\u00e9kes r\u00e9gi zamatos b\/r-t!<\/h3>\n<p>Forr\u00e1s: MSN \/ FB \/ IG<\/p>\n<p>&#8211;<\/p>\n<p>Az orr-r\u00e9sz t\u00f6bbi r\u00e9sze is meg\u00fajult: b\u00e1r az \u00faj Peugeot-embl\u00e9ma ugyanott van, ahol eddig is, a h\u0171t\u0151r\u00e1cs most m\u00e1r az aut\u00f3 karossz\u00e9riasz\u00edn\u00e9ben pomp\u00e1zik, \u00e9s belesimul az els\u0151 l\u00f6kh\u00e1r\u00edt\u00f3ba. Ez eleg\u00e1nsabb \u00e9s egys\u00e9gesebb megjelen\u00e9st ad az aut\u00f3nak.<\/p>\n<p>A h\u00e1ts\u00f3 r\u00e9szen m\u00e1r sokkal visszafogottabb a v\u00e1ltoz\u00e1s. Itt a j\u00f3l ismert h\u00e1rom, f\u00fcgg\u0151leges, piros f\u00e9nycs\u00edk most v\u00edzszintes lett. Ezek \u00e1tny\u00falnak a csomagt\u00e9rajt\u00f3n tal\u00e1lhat\u00f3 fekete s\u00e1von, amivel a Peugeot c\u00e9lja az volt, hogy az aut\u00f3 h\u00e1tulja sz\u00e9lesebbnek t\u0171nj\u00f6n, m\u00e9g akkor is, ha val\u00f3j\u00e1ban nem n\u0151tt meg jelent\u0151sen a m\u00e9ret.<\/p>\n<p>Az \u00faj 208-as h\u00e9tf\u00e9le sz\u00ednben \u00e9rhet\u0151 el, k\u00f6zt\u00fck egy felt\u0171n\u0151 s\u00e1rga \u00e1rnyalatban \u00e9s egy eleg\u00e1ns, f\u00e9mes hat\u00e1s\u00fa sz\u00fcrk\u00e9ben, amit Szel\u00e9n Sz\u00fcrk\u00e9nek neveznek. Minden modell f\u00e9nyes fekete t\u00fck\u00f6rh\u00e1zakat kapott, de a GT kivitel eset\u00e9n a ker\u00e9kj\u00e1rati \u00edvek is f\u00e9nyes fekete bevonatot kaptak, ami sportosabb\u00e1 \u00e9s pr\u00e9miumabb\u00e1 teszi az \u00f6sszhat\u00e1st.<\/p>\n<p>A felnik is meg\u00fajultak: az \u00faj mint\u00e1k a nagyobb Peugeot 408 diz\u00e1jnj\u00e1t id\u00e9zik. Az Allure felszerelts\u00e9gi szinten 16 colos, k\u00e9t t\u00f3nus\u00fa, gy\u00e9m\u00e1ntcsiszolt felniket kapunk, m\u00edg a GT v\u00e1ltozatban 17 colos hasonl\u00f3, m\u00e9g l\u00e1tv\u00e1nyosabb darabokat. Mindkett\u0151 nagyon \u00edzl\u00e9ses \u00e9s feldobja az aut\u00f3 megjelen\u00e9s\u00e9t.<\/p>\n<p>A bels\u0151 t\u00e9r a GT modell eset\u00e9ben szinte hib\u00e1tlan. A min\u0151s\u00e9g\u00e9rzet kifejezetten magas, \u00e9s b\u00e1r alul n\u00e9hol tal\u00e1lni kem\u00e9nyebb, olcs\u00f3bb hat\u00e1s\u00fa m\u0171anyagokat, ez teljesen elfogadhat\u00f3 ebben a kateg\u00f3ri\u00e1ban. Aki be\u00fcl, gyorsan r\u00e1\u00e9rez a logikusan elrendezett kezel\u0151szervekre. A m\u0171szerfal modern \u00e9s letisztult, a 10 colos k\u00f6zponti \u00e9rint\u0151k\u00e9perny\u0151 kell\u0151en nagy, \u00e9s az alatta elhelyezett billen\u0151kapcsol\u00f3k is hasznosak \u2013 ezek seg\u00edts\u00e9g\u00e9vel k\u00f6nnyed\u00e9n el\u00e9rhetj\u00fck a legfontosabb funkci\u00f3kat. Van egy \u201eHome\u201d gomb is, amivel b\u00e1rmikor visszat\u00e9rhet\u00fcnk a f\u0151men\u00fcbe, ez egy apr\u00f3s\u00e1g, de sokat jav\u00edt a kezelhet\u0151s\u00e9gen, k\u00fcl\u00f6n\u00f6sen akkor, amikor vezet\u00e9s k\u00f6zben gyorsan kell v\u00e1ltani a funkci\u00f3k k\u00f6z\u00f6tt.<\/p>\n","protected":false},"excerpt":{"rendered":"<p>A bejegyz\u00e9sben t\u00f6bbek k\u00f6z\u00f6tt sok pozit\u00edv c\u00edmk\u00e9k szerepeltek, utalva az esk\u00fcv\u0151 t\u00e9ny\u00e9re \u00e9s a p\u00e1r \u00f6sszetart\u00e1s\u00e1ra valamint hogy szerelm\u00fcket \u00f6r\u00f6knek&#8230; <span class=\"gridview-grid-post-read-more\"><a href=\"https:\/\/matrend.hu\/maitrend\/?p=3420\">read more<span class=\"gridview-sr-only\"> Dopeman titokban \u00f6sszeh\u00e1zasodott! \u0150 a feles\u00e9ge!<\/span><\/a><\/span><\/p>\n","protected":false},"author":1,"featured_media":3421,"comment_status":"open","ping_status":"open","sticky":false,"template":"","format":"standard","meta":{"footnotes":""},"categories":[1],"tags":[],"class_list":["post-3420","post","type-post","status-publish","format-standard","has-post-thumbnail","hentry","category-egyeb","wpcat-1-id"],"_links":{"self":[{"href":"https:\/\/matrend.hu\/maitrend\/index.php?rest_route=\/wp\/v2\/posts\/3420","targetHints":{"allow":["GET"]}}],"collection":[{"href":"https:\/\/matrend.hu\/maitrend\/index.php?rest_route=\/wp\/v2\/posts"}],"about":[{"href":"https:\/\/matrend.hu\/maitrend\/index.php?rest_route=\/wp\/v2\/types\/post"}],"author":[{"embeddable":true,"href":"https:\/\/matrend.hu\/maitrend\/index.php?rest_route=\/wp\/v2\/users\/1"}],"replies":[{"embeddable":true,"href":"https:\/\/matrend.hu\/maitrend\/index.php?rest_route=%2Fwp%2Fv2%2Fcomments&post=3420"}],"version-history":[{"count":2,"href":"https:\/\/matrend.hu\/maitrend\/index.php?rest_route=\/wp\/v2\/posts\/3420\/revisions"}],"predecessor-version":[{"id":3425,"href":"https:\/\/matrend.hu\/maitrend\/index.php?rest_route=\/wp\/v2\/posts\/3420\/revisions\/3425"}],"wp:featuredmedia":[{"embeddable":true,"href":"https:\/\/matrend.hu\/maitrend\/index.php?rest_route=\/wp\/v2\/media\/3421"}],"wp:attachment":[{"href":"https:\/\/matrend.hu\/maitrend\/index.php?rest_route=%2Fwp%2Fv2%2Fmedia&parent=3420"}],"wp:term":[{"taxonomy":"category","embeddable":true,"href":"https:\/\/matrend.hu\/maitrend\/index.php?rest_route=%2Fwp%2Fv2%2Fcategories&post=3420"},{"taxonomy":"post_tag","embeddable":true,"href":"https:\/\/matrend.hu\/maitrend\/index.php?rest_route=%2Fwp%2Fv2%2Ftags&post=3420"}],"curies":[{"name":"wp","href":"https:\/\/api.w.org\/{rel}","templated":true}]}}