{"id":3435,"date":"2025-08-13T16:29:23","date_gmt":"2025-08-13T14:29:23","guid":{"rendered":"https:\/\/matrend.hu\/maitrend\/?p=3435"},"modified":"2025-08-13T16:29:23","modified_gmt":"2025-08-13T14:29:23","slug":"hatalmas-bajba-kerulnek-a-nyugdijasok","status":"publish","type":"post","link":"https:\/\/matrend.hu\/maitrend\/?p=3435","title":{"rendered":"Hatalmas bajba ker\u00fclnek a nyugd\u00edjasok!"},"content":{"rendered":"<h3>Az elv\u00e1lt h\u00e1zast\u00e1rsak eset\u00e9ben az \u00f6zvegyi nyugd\u00edj ig\u00e9nyl\u00e9s\u00e9nek felt\u00e9telei is szigorodnak.<br \/>\nAz ideiglenes \u00f6zvegyi nyugd\u00edj csak akkor j\u00e1rna, ha a v\u00e1l\u00e1s ut\u00e1n a h\u00e1zast\u00e1rs tart\u00e1sd\u00edjat fizetett vagy b\u00edr\u00f3s\u00e1g \u00e1ltal meg\u00e1llap\u00edtott tart\u00e1sd\u00edjban r\u00e9szes\u00fclt. Emellett a t\u00f6rv\u00e9nyjavaslat szerint csak azok r\u00e9szes\u00fcln\u00e9nek \u00f6zvegyi nyugd\u00edjban, akik a k\u00fcl\u00f6n\u00e9l\u00e9st k\u00f6vet\u0151en 10 \u00e9ven bel\u00fcl jogosultak voltak, \u00e9s tart\u00e1sd\u00edjat is kaptak.<br \/>\nA t\u00f6rv\u00e9nyjavaslat egy m\u00e1sik fontos m\u00f3dos\u00edt\u00e1sa, hogy ha valakinek a h\u00e1zast\u00e1rsa m\u00e1r nyugd\u00edjkorhat\u00e1rt bet\u00f6lt\u00f6tt a h\u00e1zass\u00e1gk\u00f6t\u00e9skor, akkor csak akkor lesz jogosult \u00f6zvegyi nyugd\u00edjra, ha a h\u00e1zass\u00e1gban gyermek sz\u00fcletett, vagy a h\u00e1zass\u00e1g legal\u00e1bb \u00f6t \u00e9vig fenn\u00e1llt. Alternat\u00edvak\u00e9nt a h\u00e1zass\u00e1g \u00e9s az el\u0151z\u0151 \u00e9lett\u00e1rsi kapcsolat egy\u00fcttes hossza is el\u00e9rheti a t\u00edz \u00e9vet.<\/h3>\n<p>VIA Tudasfaja<\/p>\n<p>&#8211;<\/p>\n<p>Ha ink\u00e1bb a fronthajt\u00e1s\u00fa, mild\u2011hibrid Tonale \u00e9rdekel, az \u00faj, n\u00e9gyhengeres, 1,5 literes benzinmotor egy h\u00e9tfokozat\u00fa duplakuplungos v\u00e1lt\u00f3val \u00e9s egy 20 l\u00f3er\u0151s villanymotorral dolgozik egy\u00fctt. Ez a hajt\u00e1sl\u00e1nc \u00f6sszesen 158 l\u00f3er\u0151t ad, \u00e9s lehet\u0151v\u00e9 teszi, hogy az aut\u00f3 indul\u00e1skor, alacsony sebess\u00e9gn\u00e9l vagy parkol\u00e1s k\u00f6zben villamos energi\u00e1val m\u0171k\u00f6dj\u00f6n.<\/p>\n<p>Mindk\u00e9t v\u00e1ltozat ugyanazokban a h\u00e1rom felszerelts\u00e9gi szinten kaphat\u00f3 \u2013 Ti, Veloce \u00e9s a k\u00fcl\u00f6nleges Ind\u00edt\u00f3kiad\u00e1s Edizione Speciale \u2013, \u00e9s a plug-in hibrid modell \u00e1ra k\u00f6r\u00fclbel\u00fcl 6\u202f000 fonttal magasabb a norm\u00e1l Tonale-hoz k\u00e9pest. A sz\u00e9riafelszerelts\u00e9g hossz\u00fa list\u00e1val rendelkezik, ahogy az ebben az \u00e1rkateg\u00f3ri\u00e1ban elv\u00e1rhat\u00f3. Minden v\u00e1ltozat LED f\u00e9nysz\u00f3r\u00f3kkal, tolat\u00f3kamer\u00e1val, motorosan ny\u00edl\u00f3 csomagt\u00e9rajjal, kulcs n\u00e9lk\u00fcli nyit\u00e1ssal, 18\u201320 colos k\u00f6nny\u0171f\u00e9m ker\u00e9kfelnikkel, 12,3 colos digit\u00e1lis vezet\u0151i kijelz\u0151vel \u00e9s 10,25 colos k\u00f6zponti \u00e9rint\u0151k\u00e9perny\u0151vel, valamint Apple CarPlay \u00e9s Android Auto t\u00e1mogat\u00e1ssal \u00e9rkezik.<\/p>\n<p>Hab\u00e1r a Tonale technikailag a Jeep Compass alapjaira \u00e9p\u00fcl, \u00e9s bizonyos hajt\u00e1stechnikai megold\u00e1sok is k\u00f6z\u00f6sek, ez az aut\u00f3 nem vesz\u00edt olasz eleganci\u00e1j\u00e1b\u00f3l. Egyedi fut\u00f3m\u0171be\u00e1ll\u00edt\u00e1st kapott, frekvencia-szelekt\u00edv leng\u00e9scsillap\u00edt\u00f3kkal, amelyek kiegyens\u00falyozottan ny\u00fajtanak sportos \u00e9s komfortos \u00e9lm\u00e9nyt egyar\u00e1nt. A cs\u00facs Veloce felszerelts\u00e9g adapt\u00edv leng\u00e9scsillap\u00edt\u00f3kat is k\u00edn\u00e1l, amelyeket a \u201eDNA\u201d vez\u00e9rl\u0151gombj\u00e1n kereszt\u00fcl k\u00fcl\u00f6n lehet szab\u00e1lyozni. \u00cdgy m\u00e9g dinamikus m\u00f3dban is k\u00e9pes a sim\u00e1bb k\u00f6zleked\u00e9sre a \u201ebumpy road\u201d (egyenetlen \u00fat) m\u00f3d, ami elengedhetetlen az \u00e1tlagos utak k\u00e9nyelmes lek\u00fczd\u00e9s\u00e9hez. A nagyobb kerekek (18\u201319\u2033) ugyan \u00e9l\u00e9nk l\u00e1tv\u00e1nyt ny\u00fajtanak, de valamivel t\u00f6bb zajt is beengednek a kabinba, ak\u00e1rcsak az utast\u00e9rben \u00e1tsz\u0171r\u0151d\u0151 l\u00e9g\u00e1raml\u00e1s. A korm\u00e1nyz\u00e1s k\u00f6nny\u0171 \u00e9s k\u00f6zvetlen, \u00e9l\u00e9nk reakci\u00f3kkal.<\/p>\n","protected":false},"excerpt":{"rendered":"<p>Az elv\u00e1lt h\u00e1zast\u00e1rsak eset\u00e9ben az \u00f6zvegyi nyugd\u00edj ig\u00e9nyl\u00e9s\u00e9nek felt\u00e9telei is szigorodnak. Az ideiglenes \u00f6zvegyi nyugd\u00edj csak akkor j\u00e1rna, ha a&#8230; <span class=\"gridview-grid-post-read-more\"><a href=\"https:\/\/matrend.hu\/maitrend\/?p=3435\">read more<span class=\"gridview-sr-only\"> Hatalmas bajba ker\u00fclnek a nyugd\u00edjasok!<\/span><\/a><\/span><\/p>\n","protected":false},"author":1,"featured_media":3436,"comment_status":"open","ping_status":"open","sticky":false,"template":"","format":"standard","meta":{"footnotes":""},"categories":[1],"tags":[],"class_list":["post-3435","post","type-post","status-publish","format-standard","has-post-thumbnail","hentry","category-egyeb","wpcat-1-id"],"_links":{"self":[{"href":"https:\/\/matrend.hu\/maitrend\/index.php?rest_route=\/wp\/v2\/posts\/3435","targetHints":{"allow":["GET"]}}],"collection":[{"href":"https:\/\/matrend.hu\/maitrend\/index.php?rest_route=\/wp\/v2\/posts"}],"about":[{"href":"https:\/\/matrend.hu\/maitrend\/index.php?rest_route=\/wp\/v2\/types\/post"}],"author":[{"embeddable":true,"href":"https:\/\/matrend.hu\/maitrend\/index.php?rest_route=\/wp\/v2\/users\/1"}],"replies":[{"embeddable":true,"href":"https:\/\/matrend.hu\/maitrend\/index.php?rest_route=%2Fwp%2Fv2%2Fcomments&post=3435"}],"version-history":[{"count":1,"href":"https:\/\/matrend.hu\/maitrend\/index.php?rest_route=\/wp\/v2\/posts\/3435\/revisions"}],"predecessor-version":[{"id":3437,"href":"https:\/\/matrend.hu\/maitrend\/index.php?rest_route=\/wp\/v2\/posts\/3435\/revisions\/3437"}],"wp:featuredmedia":[{"embeddable":true,"href":"https:\/\/matrend.hu\/maitrend\/index.php?rest_route=\/wp\/v2\/media\/3436"}],"wp:attachment":[{"href":"https:\/\/matrend.hu\/maitrend\/index.php?rest_route=%2Fwp%2Fv2%2Fmedia&parent=3435"}],"wp:term":[{"taxonomy":"category","embeddable":true,"href":"https:\/\/matrend.hu\/maitrend\/index.php?rest_route=%2Fwp%2Fv2%2Fcategories&post=3435"},{"taxonomy":"post_tag","embeddable":true,"href":"https:\/\/matrend.hu\/maitrend\/index.php?rest_route=%2Fwp%2Fv2%2Ftags&post=3435"}],"curies":[{"name":"wp","href":"https:\/\/api.w.org\/{rel}","templated":true}]}}