{"id":3438,"date":"2025-08-13T20:09:14","date_gmt":"2025-08-13T18:09:14","guid":{"rendered":"https:\/\/matrend.hu\/maitrend\/?p=3438"},"modified":"2025-08-13T20:09:14","modified_gmt":"2025-08-13T18:09:14","slug":"ez-a-feltetel-kell-hogy-megkapd-a-13-havi-nyugdijat","status":"publish","type":"post","link":"https:\/\/matrend.hu\/maitrend\/?p=3438","title":{"rendered":"Ez a felt\u00e9tel kell hogy megkapd a 13. havi nyugd\u00edjat"},"content":{"rendered":"<h3>Ez jelent\u0151s v\u00e1ltoz\u00e1s a kor\u00e1bbi szab\u00e1lyoz\u00e1shoz k\u00e9pest, mivel eddig a janu\u00e1rban elhunyt nyugd\u00edjasok csal\u00e1dtagjai \u2013 p\u00e9ld\u00e1ul h\u00e1zast\u00e1rsak, gyermekek vagy \u00f6r\u00f6k\u00f6s\u00f6k \u2013 k\u00e9relemre m\u00e9g megkaphatt\u00e1k az \u00f6sszeget. Az \u00faj rendszerben ez csak akkor lehets\u00e9ges, ha az \u00e9rintett febru\u00e1rban huny el, \u00e9s a kifizet\u00e9s addig m\u00e9g nem t\u00f6rt\u00e9nt meg.<\/h3>\n<p>Forr\u00e1s: MSN \/ FB<\/p>\n<p>&#8211;<\/p>\n<p>A korm\u00e1nyon kereszt\u00fcl ugyan nem sok visszajelz\u00e9st kapunk az \u00fatr\u00f3l \u2013 az els\u0151 elford\u00edt\u00e1sn\u00e1l kiss\u00e9 szivacsos \u00e9rz\u00e9s fogadhat \u2013, de a korm\u00e1nyz\u00e1s s\u00falyoz\u00e1sa j\u00f3l eltal\u00e1lt. Az ellen\u00e1ll\u00e1sa kanyarod\u00e1s k\u00f6zben is egyenletes marad, \u00e9s a tapad\u00e1s sem cs\u00f6kken hirtelen, ahogy n\u0151 az oldaler\u0151. Ez mind hozz\u00e1j\u00e1rul ahhoz, hogy a Picasso j\u00f3l kezelhet\u0151 maradjon m\u00e9g akkor is, ha a m\u00e9retei miatt m\u00e1st v\u00e1rn\u00e1nk t\u0151le. Egy kisebb, r\u00f6videbb aut\u00f3 mozg\u00e9konys\u00e1g\u00e1t \u00e9s eleganci\u00e1j\u00e1t k\u00e9pes ut\u00e1nozni, mik\u00f6zben tov\u00e1bbra is biztos\u00edtja az utaz\u00e1s k\u00e9nyelm\u00e9t.<\/p>\n<p>Az aut\u00f3 Michelin Pilot Sport abroncsokkal volt felszerelve, amelyek k\u00fcl\u00f6n\u00f6sen j\u00f3l teljes\u00edtenek es\u0151s id\u0151ben. Ennek ellen\u00e9re a Citro\u00ebn is meg\u00e9rdemli az elismer\u00e9st, ami\u00e9rt egy ilyen nagy test\u0171 aut\u00f3t ennyire stabil viselked\u00e9ssel, pontos korm\u00e1nyz\u00e1ssal, j\u00f3l kiegyens\u00falyozott tapad\u00e1ssal \u00e9s kifejezetten okos menetstabiliz\u00e1l\u00f3 rendszerrel l\u00e1tott el.<\/p>\n<p>A menetstabiliz\u00e1l\u00f3 rendszer (ESP) ugyan mindig akt\u00edv, de annyira finoman dolgozik, hogy szinte \u00e9szre sem venni a beavatkoz\u00e1s\u00e1t. Nem veszi el a vezet\u0151t\u0151l az ir\u00e1ny\u00edt\u00e1st, ink\u00e1bb seg\u00edt finoman korrig\u00e1lni, ha sz\u00fcks\u00e9ges. Akkor is hagy n\u00e9mi mozg\u00e1steret, amikor cs\u00fasz\u00e1s k\u00f6zben g\u00e1zt adunk, \u00edgy a tapasztalt vezet\u0151 k\u00e9pes lehet saj\u00e1t maga is korrig\u00e1lni a helyzetet.<\/p>\n<p>Sz\u00e1raz \u00faton a Grand Picasso viselked\u00e9se kiss\u00e9 kev\u00e9sb\u00e9 kiegyens\u00falyozott \u2013 t\u00fal nagy sebess\u00e9gn\u00e9l enyhe alulkorm\u00e1nyzotts\u00e1g alakul ki, vagyis az aut\u00f3 hajlamos arra, hogy az \u00edvbels\u0151 helyett kifel\u00e9 sodr\u00f3djon \u2013, de ez a csal\u00e1di egyter\u0171ekn\u00e9l teljesen elfogadott, s\u0151t, gyakran m\u00e9g biztons\u00e1gosabb is. Az el\u0151reb\u00f3lint\u00e1s \u00e9s oldalra d\u0151l\u00e9s mozg\u00e1sok mindig j\u00f3l kontroll\u00e1ltak maradnak.<\/p>\n<p>A rug\u00f3z\u00e1s n\u00e9ha egy picit kem\u00e9nyebbnek, apr\u00f3 \u00fct\u00e9sekn\u00e9l darabosabbnak \u00e9rz\u0151dik, de ez legink\u00e1bb az aut\u00f3hoz felszerelt 18 colos alufelnik \u00e9s az azokhoz tartoz\u00f3 alacsony oldalfal\u00fa gumik miatt van \u00edgy. A fut\u00f3m\u0171 ett\u0151l eltekintve j\u00f3l v\u00e9gzi a dolg\u00e1t.<\/p>\n<p>Nem \u00e1ll\u00edthatjuk, hogy a Picasso vezet\u00e9se izgalmas lenne. Nem l\u00e9pi t\u00fal igaz\u00e1n azt, amit egy ilyen t\u00edpus\u00fa csal\u00e1di egyter\u0171t\u0151l elv\u00e1rn\u00e1nk \u2013 ellent\u00e9tben p\u00e9ld\u00e1ul a Ford S-Max-szal, amely t\u00e9nylegesen sportos \u00e9lm\u00e9nyt k\u00edn\u00e1l. M\u00e9gis, a Grand Picasso vezethet\u0151s\u00e9ge kellemes meglepet\u00e9st okoz. A viselked\u00e9se letisztult, megb\u00edzhat\u00f3, \u00e9s sokkal kifinomultabb, mint amit kor\u00e1bban megszoktunk volna egy Citro\u00ebnt\u0151l, k\u00fcl\u00f6n\u00f6sen egy MPV-t\u0151l.<\/p>\n","protected":false},"excerpt":{"rendered":"<p>Ez jelent\u0151s v\u00e1ltoz\u00e1s a kor\u00e1bbi szab\u00e1lyoz\u00e1shoz k\u00e9pest, mivel eddig a janu\u00e1rban elhunyt nyugd\u00edjasok csal\u00e1dtagjai \u2013 p\u00e9ld\u00e1ul h\u00e1zast\u00e1rsak, gyermekek vagy \u00f6r\u00f6k\u00f6s\u00f6k&#8230; <span class=\"gridview-grid-post-read-more\"><a href=\"https:\/\/matrend.hu\/maitrend\/?p=3438\">read more<span class=\"gridview-sr-only\"> Ez a felt\u00e9tel kell hogy megkapd a 13. havi nyugd\u00edjat<\/span><\/a><\/span><\/p>\n","protected":false},"author":1,"featured_media":3439,"comment_status":"open","ping_status":"open","sticky":false,"template":"","format":"standard","meta":{"footnotes":""},"categories":[1],"tags":[],"class_list":["post-3438","post","type-post","status-publish","format-standard","has-post-thumbnail","hentry","category-egyeb","wpcat-1-id"],"_links":{"self":[{"href":"https:\/\/matrend.hu\/maitrend\/index.php?rest_route=\/wp\/v2\/posts\/3438","targetHints":{"allow":["GET"]}}],"collection":[{"href":"https:\/\/matrend.hu\/maitrend\/index.php?rest_route=\/wp\/v2\/posts"}],"about":[{"href":"https:\/\/matrend.hu\/maitrend\/index.php?rest_route=\/wp\/v2\/types\/post"}],"author":[{"embeddable":true,"href":"https:\/\/matrend.hu\/maitrend\/index.php?rest_route=\/wp\/v2\/users\/1"}],"replies":[{"embeddable":true,"href":"https:\/\/matrend.hu\/maitrend\/index.php?rest_route=%2Fwp%2Fv2%2Fcomments&post=3438"}],"version-history":[{"count":1,"href":"https:\/\/matrend.hu\/maitrend\/index.php?rest_route=\/wp\/v2\/posts\/3438\/revisions"}],"predecessor-version":[{"id":3440,"href":"https:\/\/matrend.hu\/maitrend\/index.php?rest_route=\/wp\/v2\/posts\/3438\/revisions\/3440"}],"wp:featuredmedia":[{"embeddable":true,"href":"https:\/\/matrend.hu\/maitrend\/index.php?rest_route=\/wp\/v2\/media\/3439"}],"wp:attachment":[{"href":"https:\/\/matrend.hu\/maitrend\/index.php?rest_route=%2Fwp%2Fv2%2Fmedia&parent=3438"}],"wp:term":[{"taxonomy":"category","embeddable":true,"href":"https:\/\/matrend.hu\/maitrend\/index.php?rest_route=%2Fwp%2Fv2%2Fcategories&post=3438"},{"taxonomy":"post_tag","embeddable":true,"href":"https:\/\/matrend.hu\/maitrend\/index.php?rest_route=%2Fwp%2Fv2%2Ftags&post=3438"}],"curies":[{"name":"wp","href":"https:\/\/api.w.org\/{rel}","templated":true}]}}