{"id":3441,"date":"2025-08-14T08:39:01","date_gmt":"2025-08-14T06:39:01","guid":{"rendered":"https:\/\/matrend.hu\/maitrend\/?p=3441"},"modified":"2025-08-14T08:39:06","modified_gmt":"2025-08-14T06:39:06","slug":"ilyen-lesz-az-idei-augusztus-20-i-tuzijatek","status":"publish","type":"post","link":"https:\/\/matrend.hu\/maitrend\/?p=3441","title":{"rendered":"Ilyen lesz az idei augusztus 20-i t\u0171zij\u00e1t\u00e9k"},"content":{"rendered":"<h3>A m\u0171szaki tervez\u00e9sen 20 szakember, a telep\u00edt\u00e9sen \u00e9s a l\u00f6v\u00e9seken 70 tapasztalt pi\/ote\/hnikus dolgozik. Az \u00fasz\u00f3m\u0171vek \u00f6ssze\u00e1ll\u00edt\u00e1s\u00e1n, daruz\u00e1s\u00e1n \u00e9s mozgat\u00e1s\u00e1n tov\u00e1bbi 100 ember vesz r\u00e9szt.<\/h3>\n<p>Forr\u00e1s: MSN \/ FB<\/p>\n<p>&#8211;<\/p>\n<p>A legfelszereltebb, GT-Line S kivitelben az els\u0151 \u00fcl\u00e9sek \u00fagynevezett \u201ePremium Relaxation\u201d t\u00edpus\u00faak, amelyek k\u00fcl\u00f6n\u00f6sen k\u00e9nyelmesek hosszabb utak sor\u00e1n, de a magasabb tesztel\u0151k szerint az \u00fcl\u0151lap \u00e9s a h\u00e1tt\u00e1mla is lehetne egy kicsit hosszabb. Oldaltart\u00e1s \u00e9s der\u00e9kt\u00e1masz szempontj\u00e1b\u00f3l azonban j\u00f3 a kialak\u00edt\u00e1s. Ami m\u00e9g jav\u00edthatna a k\u00e9nyelmen, az a fejt\u00e1mla h\u00e1tr\u00e9bb tolhat\u00f3s\u00e1ga, mert az jelenleg korl\u00e1tozott. Az els\u0151 \u00fcl\u00e9sekhez a magasabb felszerelts\u00e9g\u0171 modellek eset\u00e9n motorosan mozgathat\u00f3 v\u00e1dlit\u00e1masz is j\u00e1r, amely ink\u00e1bb hasonl\u00edt egy luxusaut\u00f3k h\u00e1ts\u00f3 \u00fcl\u00e9seinek \u201ealv\u00f3 funkci\u00f3j\u00e1ra\u201d, mintsem egy SUV els\u0151 sor\u00e1ba val\u00f3 k\u00e9nyelmi megold\u00e1sra. B\u00e1r \u00e9rdekes extra, a val\u00f3s\u00e1gban nem sokat tesz hozz\u00e1 a k\u00e9nyelmes utaz\u00e1shoz, k\u00fcl\u00f6n\u00f6sen, hogy az els\u0151 \u00fcl\u00e9sek nem tolhat\u00f3k ki annyira, mint p\u00e9ld\u00e1ul egy limuzinban a h\u00e1ts\u00f3 utas\u00fcl\u00e9sek el\u0151tt l\u00e9v\u0151 t\u00e9r kihaszn\u00e1l\u00e1sa eset\u00e9n.<\/p>\n<p>Az EV9 Air \u00e9s a k\u00f6z\u00e9ps\u0151 GT-Line kivitelek h\u00e9tszem\u00e9lyesek, m\u00edg a legmagasabb, GT-Line S felszerelts\u00e9g hat\u00fcl\u00e9ses kivitelben is k\u00e9rhet\u0151. Ebben az esetben a m\u00e1sodik sori h\u00e1romszem\u00e9lyes cs\u00fasztathat\u00f3 \u00fcl\u00e9spad hely\u00e9t k\u00e9t, k\u00fcl\u00f6n\u00e1ll\u00f3, elforgathat\u00f3 \u201ekapit\u00e1nyi sz\u00e9k\u201d veszi \u00e1t, amelyek k\u00e9nyelmesebbek, \u00e9s nagyobb teret biztos\u00edtanak az utasoknak. Kipr\u00f3b\u00e1ltuk mindk\u00e9t v\u00e1ltozatot: a hat\u00fcl\u00e9ses GT-Line S-t \u00e9s a h\u00e9tszem\u00e9lyes Air verzi\u00f3t is. A hat\u00fcl\u00e9ses verzi\u00f3 m\u00e1sodik sora olyan t\u00e1gas volt, mint amit kor\u00e1bban a iX h\u00e1ts\u00f3 r\u00e9sz\u00e9ben m\u00e9rt\u00fcnk, ami igaz\u00e1n figyelemre m\u00e9lt\u00f3, k\u00fcl\u00f6n\u00f6sen \u00fagy, hogy a harmadik sori \u00fcl\u00e9sek is elegend\u0151 helyet k\u00edn\u00e1lnak kisebb feln\u0151tteknek vagy n\u00f6v\u00e9sben l\u00e9v\u0151 gyerekeknek. Ezek nem csak k\u00e9nyelmesek, de teljes \u00e9rt\u00e9k\u0171 \u00fcl\u00e9sk\u00e9nt is meg\u00e1llj\u00e1k a hely\u00fcket.<\/p>\n<p>A h\u00e1ts\u00f3 \u00fcl\u00e9sek k\u00f6z\u00fcl n\u00e9gy k\u00fcl\u00f6n poh\u00e1rtart\u00f3t \u00e9s USB-C t\u00f6lt\u0151t is kapott, valamint Isofix gyerek\u00fcl\u00e9s r\u00f6gz\u00edt\u00e9si pontokat. A legh\u00e1ts\u00f3 \u00fcl\u00e9sek elektromosan hajthat\u00f3k le \u00e9s emelhet\u0151k vissza, valamint viszonylag k\u00f6nnyen el\u00e9rhet\u0151k, \u00edgy a h\u00e9t\u00fcl\u00e9ses kialak\u00edt\u00e1s val\u00f3ban haszn\u00e1lhat\u00f3, nem csup\u00e1n marketingfog\u00e1s.<\/p>\n","protected":false},"excerpt":{"rendered":"<p>A m\u0171szaki tervez\u00e9sen 20 szakember, a telep\u00edt\u00e9sen \u00e9s a l\u00f6v\u00e9seken 70 tapasztalt pi\/ote\/hnikus dolgozik. Az \u00fasz\u00f3m\u0171vek \u00f6ssze\u00e1ll\u00edt\u00e1s\u00e1n, daruz\u00e1s\u00e1n \u00e9s mozgat\u00e1s\u00e1n&#8230; <span class=\"gridview-grid-post-read-more\"><a href=\"https:\/\/matrend.hu\/maitrend\/?p=3441\">read more<span class=\"gridview-sr-only\"> Ilyen lesz az idei augusztus 20-i t\u0171zij\u00e1t\u00e9k<\/span><\/a><\/span><\/p>\n","protected":false},"author":1,"featured_media":3442,"comment_status":"open","ping_status":"open","sticky":false,"template":"","format":"standard","meta":{"footnotes":""},"categories":[1],"tags":[],"class_list":["post-3441","post","type-post","status-publish","format-standard","has-post-thumbnail","hentry","category-egyeb","wpcat-1-id"],"_links":{"self":[{"href":"https:\/\/matrend.hu\/maitrend\/index.php?rest_route=\/wp\/v2\/posts\/3441","targetHints":{"allow":["GET"]}}],"collection":[{"href":"https:\/\/matrend.hu\/maitrend\/index.php?rest_route=\/wp\/v2\/posts"}],"about":[{"href":"https:\/\/matrend.hu\/maitrend\/index.php?rest_route=\/wp\/v2\/types\/post"}],"author":[{"embeddable":true,"href":"https:\/\/matrend.hu\/maitrend\/index.php?rest_route=\/wp\/v2\/users\/1"}],"replies":[{"embeddable":true,"href":"https:\/\/matrend.hu\/maitrend\/index.php?rest_route=%2Fwp%2Fv2%2Fcomments&post=3441"}],"version-history":[{"count":2,"href":"https:\/\/matrend.hu\/maitrend\/index.php?rest_route=\/wp\/v2\/posts\/3441\/revisions"}],"predecessor-version":[{"id":3444,"href":"https:\/\/matrend.hu\/maitrend\/index.php?rest_route=\/wp\/v2\/posts\/3441\/revisions\/3444"}],"wp:featuredmedia":[{"embeddable":true,"href":"https:\/\/matrend.hu\/maitrend\/index.php?rest_route=\/wp\/v2\/media\/3442"}],"wp:attachment":[{"href":"https:\/\/matrend.hu\/maitrend\/index.php?rest_route=%2Fwp%2Fv2%2Fmedia&parent=3441"}],"wp:term":[{"taxonomy":"category","embeddable":true,"href":"https:\/\/matrend.hu\/maitrend\/index.php?rest_route=%2Fwp%2Fv2%2Fcategories&post=3441"},{"taxonomy":"post_tag","embeddable":true,"href":"https:\/\/matrend.hu\/maitrend\/index.php?rest_route=%2Fwp%2Fv2%2Ftags&post=3441"}],"curies":[{"name":"wp","href":"https:\/\/api.w.org\/{rel}","templated":true}]}}