{"id":3445,"date":"2025-08-14T13:26:27","date_gmt":"2025-08-14T11:26:27","guid":{"rendered":"https:\/\/matrend.hu\/maitrend\/?p=3445"},"modified":"2025-08-14T13:26:27","modified_gmt":"2025-08-14T11:26:27","slug":"hatalmas-fusttel-egett-a-busz-budapesten","status":"publish","type":"post","link":"https:\/\/matrend.hu\/maitrend\/?p=3445","title":{"rendered":"Hatalmas f\u00fcsttel \u00e9gett a busz Budapesten"},"content":{"rendered":"<h3>A k\u00e9t egym\u00e1st k\u00f6vet\u0151 nap t\u00f6rt\u00e9nt buszt\u0171z miatt Kar\u00e1csony Gergely f\u0151polg\u00e1rmester azonnali vizsg\u00e1latot rendelt el. \u201eHalad\u00e9ktalan t\u00e1j\u00e9koztat\u00e1st k\u00e9rtem a BKV vezet\u00e9s\u00e9t\u0151l, \u00e9s felk\u00e9rtem \u0151ket a sz\u00fcks\u00e9ges l\u00e9p\u00e9sek megt\u00e9tel\u00e9re\u201d \u2013 \u00edrta k\u00f6z\u00f6ss\u00e9gi oldal\u00e1n.<\/h3>\n<p>Forr\u00e1s: MSN \/ FB<\/p>\n<p>&#8211;<\/p>\n<p>A Kia EV9 \u00e1ltal\u00e1noss\u00e1gban pont \u00fagy viselkedik \u00e9s teljes\u00edt, ahogyan az egy nagy m\u00e9ret\u0171 aut\u00f3t\u00f3l elv\u00e1rhat\u00f3. Ha csak a h\u00e1ts\u00f3 kerekeket hajtja, akkor a gyorsul\u00e1sa nyugodtabb, fokozatosabb \u2013 nem hirtelen, hanem sz\u00e9pen egyenletesen \u00e9p\u00edti fel az erej\u00e9t. Ebben a form\u00e1ban 0-r\u00f3l 100 km\/h-ra (azaz 62 m\u00e9rf\u00f6ld\/\u00f3r\u00e1ra) 9,4 m\u00e1sodperc alatt gyorsul fel, ami els\u0151re tal\u00e1n lass\u00fanak t\u0171nhet, de val\u00f3j\u00e1ban b\u0151ven elegend\u0151 teljes\u00edtm\u00e9nyt ny\u00fajt a mindennapi k\u00f6zleked\u00e9shez, ak\u00e1r f\u0151\u00faton, ak\u00e1r mell\u00e9k\u00faton haladunk. Az igaz, hogy indul\u00e1sn\u00e1l nem \u00e9rezz\u00fck azt a hirtelen, er\u0151teljes gyors\u00edt\u00e1st, amit az \u00f6sszker\u00e9khajt\u00e1s\u00fa v\u00e1ltozat ny\u00fajtani tud, de ett\u0151l m\u00e9g nem \u00e9rz\u0151dik gyeng\u00e9nek.<\/p>\n<p>Ha viszont a k\u00e9tmotoros, \u00f6sszker\u00e9khajt\u00e1s\u00fa verzi\u00f3t n\u00e9zz\u00fck, ott m\u00e1r j\u00f3val hat\u00e1rozottabb a gyors\u00edt\u00e1s. M\u00e9g nedves \u00faton is \u00fagy tudja \u00e1tvinni az erej\u00e9t az \u00fatra, hogy nem zavarja meg a menetstabiliz\u00e1l\u00f3 rendszert, vagyis a kerekek nem cs\u00fasznak meg, hanem stabilan, hat\u00e9konyan gyorsul az aut\u00f3. R\u00e1ad\u00e1sul nem l\u00e1tunk nagy &#8222;le\u00fcl\u00e9st&#8221; sem a h\u00e1tulj\u00e1n gyors\u00edt\u00e1skor, csak egyszer\u0171en \u00e9rkezik az er\u0151 \u00e9s lend\u00fcletesen halad el\u0151re.<\/p>\n<p>Az aut\u00f3 vezet\u00e9si \u00e9lm\u00e9ny\u00e9t t\u00f6bbf\u00e9le m\u00f3dv\u00e1laszt\u00f3 teszi szem\u00e9lyre szabhat\u00f3v\u00e1: a h\u00e9tk\u00f6znapi vezet\u00e9shez haszn\u00e1lt be\u00e1ll\u00edt\u00e1sok mellett a GT-Line \u00e9s GT-Line S felszerelts\u00e9g\u0171 modellek m\u00e9g extra terep \u00fczemm\u00f3dokat is k\u00edn\u00e1lnak \u2013 p\u00e9ld\u00e1ul s\u00e1rra, homokra vagy h\u00f3ra optimaliz\u00e1lva.<\/p>\n<p>Ha a k\u00e9tmotoros v\u00e1ltozatban bekapcsoljuk a Sport m\u00f3dot, \u00e9s a g\u00e1zped\u00e1lt teljesen lenyomjuk indul\u00e1skor, akkor az aut\u00f3 5,3 m\u00e1sodperc alatt el\u00e9ri a 60 m\u00e9rf\u00f6ld\/\u00f3r\u00e1s (96 km\/h) sebess\u00e9get. Ez m\u00e1r egy komoly adat, amivel sim\u00e1n versenybe sz\u00e1llhat m\u00e1s nagym\u00e9ret\u0171 elektromos SUV-kkal vagy ak\u00e1r egy\u00e9b, h\u00e9tszem\u00e9lyes csal\u00e1di aut\u00f3kkal is.<\/p>\n<p>Term\u00e9szetesen nagyobb sebess\u00e9gn\u00e9l, p\u00e9ld\u00e1ul aut\u00f3p\u00e1ly\u00e1n vagy el\u0151z\u00e9s k\u00f6zben, m\u00e1r jobban kij\u00f6n az aut\u00f3 t\u00f6mege. P\u00e9ld\u00e1ul 64\u2013128 km\/h k\u00f6z\u00f6tt padl\u00f3g\u00e1zzal 5,7 m\u00e1sodperc alatt gyorsul fel, m\u00edg n\u00e9h\u00e1ny konkurens \u2013 p\u00e9ld\u00e1ul a BMW iX vagy az Audi e-tron S \u2013 ezt m\u00e9g gyorsabban tudja. Ennek ellen\u00e9re az EV9 \u00f6sszker\u00e9khajt\u00e1s\u00fa v\u00e1ltozata tov\u00e1bbra is meggy\u0151z\u0151 \u00e9s magabiztos, amikor dinamikusabb halad\u00e1sra van sz\u00fcks\u00e9g.<\/p>\n","protected":false},"excerpt":{"rendered":"<p>A k\u00e9t egym\u00e1st k\u00f6vet\u0151 nap t\u00f6rt\u00e9nt buszt\u0171z miatt Kar\u00e1csony Gergely f\u0151polg\u00e1rmester azonnali vizsg\u00e1latot rendelt el. \u201eHalad\u00e9ktalan t\u00e1j\u00e9koztat\u00e1st k\u00e9rtem a BKV&#8230; <span class=\"gridview-grid-post-read-more\"><a href=\"https:\/\/matrend.hu\/maitrend\/?p=3445\">read more<span class=\"gridview-sr-only\"> Hatalmas f\u00fcsttel \u00e9gett a busz Budapesten<\/span><\/a><\/span><\/p>\n","protected":false},"author":1,"featured_media":3446,"comment_status":"open","ping_status":"open","sticky":false,"template":"","format":"standard","meta":{"footnotes":""},"categories":[1],"tags":[],"class_list":["post-3445","post","type-post","status-publish","format-standard","has-post-thumbnail","hentry","category-egyeb","wpcat-1-id"],"_links":{"self":[{"href":"https:\/\/matrend.hu\/maitrend\/index.php?rest_route=\/wp\/v2\/posts\/3445","targetHints":{"allow":["GET"]}}],"collection":[{"href":"https:\/\/matrend.hu\/maitrend\/index.php?rest_route=\/wp\/v2\/posts"}],"about":[{"href":"https:\/\/matrend.hu\/maitrend\/index.php?rest_route=\/wp\/v2\/types\/post"}],"author":[{"embeddable":true,"href":"https:\/\/matrend.hu\/maitrend\/index.php?rest_route=\/wp\/v2\/users\/1"}],"replies":[{"embeddable":true,"href":"https:\/\/matrend.hu\/maitrend\/index.php?rest_route=%2Fwp%2Fv2%2Fcomments&post=3445"}],"version-history":[{"count":1,"href":"https:\/\/matrend.hu\/maitrend\/index.php?rest_route=\/wp\/v2\/posts\/3445\/revisions"}],"predecessor-version":[{"id":3447,"href":"https:\/\/matrend.hu\/maitrend\/index.php?rest_route=\/wp\/v2\/posts\/3445\/revisions\/3447"}],"wp:featuredmedia":[{"embeddable":true,"href":"https:\/\/matrend.hu\/maitrend\/index.php?rest_route=\/wp\/v2\/media\/3446"}],"wp:attachment":[{"href":"https:\/\/matrend.hu\/maitrend\/index.php?rest_route=%2Fwp%2Fv2%2Fmedia&parent=3445"}],"wp:term":[{"taxonomy":"category","embeddable":true,"href":"https:\/\/matrend.hu\/maitrend\/index.php?rest_route=%2Fwp%2Fv2%2Fcategories&post=3445"},{"taxonomy":"post_tag","embeddable":true,"href":"https:\/\/matrend.hu\/maitrend\/index.php?rest_route=%2Fwp%2Fv2%2Ftags&post=3445"}],"curies":[{"name":"wp","href":"https:\/\/api.w.org\/{rel}","templated":true}]}}