{"id":3451,"date":"2025-08-14T17:03:18","date_gmt":"2025-08-14T15:03:18","guid":{"rendered":"https:\/\/matrend.hu\/maitrend\/?p=3451"},"modified":"2025-08-14T17:03:18","modified_gmt":"2025-08-14T15:03:18","slug":"orban-viktor-nem-adhatom-at-a-hatalmat","status":"publish","type":"post","link":"https:\/\/matrend.hu\/maitrend\/?p=3451","title":{"rendered":"Orb\u00e1n Viktor: &#8222;Nem adhatom \u00e1t a hatalmat&#8221;"},"content":{"rendered":"<h3>Sajnos, nem adhatom \u00e1t a hatalmat egy olyan politikai t\u00e1bornak, ami az \u00e9n elveim sz\u00f6ges ellent\u00e9t\u00e9t k\u00e9pviseli, egy olyan jel\u00f6ltnek, aki leromboln\u00e1 azt, amit mi fel\u00e9p\u00edtett\u00fcnk az elm\u00falt 16 \u00e9vben. Ezzel nyilv\u00e1nval\u00f3an Magyar P\u00e9terre \u00e9s a Tisza P\u00e1rtra c\u00e9lzott.<\/h3>\n<p>VIA Blikk<\/p>\n<p>&#8211;<\/p>\n<p>A bels\u0151 t\u00e9r kialak\u00edt\u00e1s\u00e1ban a Kia j\u00f3l hozza a m\u00e1rk\u00e1ra jellemz\u0151 min\u0151s\u00e9get: ig\u00e9nyes anyaghaszn\u00e1lat, logikus elrendez\u00e9s \u00e9s st\u00edlusos r\u00e9szletek jellemzik az utasteret. A m\u0171szerfal ismer\u0151s lehet a Ceedb\u0151l, de ez pozit\u00edvum \u2013 a kijelz\u0151 magasra ker\u00fclt a m\u0171szerfalon, \u00e9s 8 vagy 10,25 colos lehet felszerelts\u00e9gt\u0151l f\u00fcgg\u0151en. A fels\u0151 modellek m\u00e1r digit\u00e1lis m\u0171szeregys\u00e9ggel is rendelkeznek, m\u00edg a multim\u00e9dia rendszer minden felszerelts\u00e9gi szinten intuit\u00edv \u00e9s j\u00f3l haszn\u00e1lhat\u00f3, Apple CarPlay \u00e9s Android Auto alap\u00e1ron j\u00e1r. A GT-Line S modellek nyolchangsz\u00f3r\u00f3s JBL hangrendszert is k\u00edn\u00e1lnak.<\/p>\n<p>A helyk\u00edn\u00e1lat korrekt, b\u00e1r nem sz\u00e1mottev\u0151en jobb, mint a Ceedben. Az XCeed 85 mm-rel hosszabb, \u00edgy n\u00e9mileg nagyobb a csomagtart\u00f3 is \u2013 426 literes, m\u00edg lehajtott \u00fcl\u00e9sekkel 1 378 literre b\u0151v\u00fcl. Ez k\u00f6zel azonos \u00e9rt\u00e9k, mint p\u00e9ld\u00e1ul a Mazda CX-30 eset\u00e9ben. Az utast\u00e9r kell\u0151en praktikus: nagy t\u00e1rol\u00f3rekeszek, poh\u00e1rtart\u00f3k, telefontart\u00f3 \u00e9s GT-Line S eset\u00e9n 40:20:40 ar\u00e1nyban d\u00f6nthet\u0151 h\u00e1ts\u00f3 \u00fcl\u00e9sek is rendelkez\u00e9sre \u00e1llnak.<\/p>\n<p>A m\u00e9reteit tekintve az XCeed 1 495 mm magas, 1 575 mm sz\u00e9les (t\u00fckr\u00f6kkel 1 826 mm), \u00e9s 4 395 mm hossz\u00fa \u2013 ezzel nagyj\u00e1b\u00f3l a Mercedes GLA vagy a Toyota C-HR m\u00e9retkateg\u00f3ri\u00e1j\u00e1ba esik. A h\u00e1ts\u00f3 \u00fcl\u00e9seken a hely nem sz\u0171k\u00f6s, de az elt\u00e9r\u00e9s a Ceedhez k\u00e9pest csek\u00e9ly. N\u00e9gy feln\u0151tt k\u00e9nyelmesen elf\u00e9r, \u00f6t utasn\u00e1l m\u00e1r szorosabb a t\u00e9r, de az \u00fcl\u00e9sek k\u00e9nyelme \u2013 k\u00fcl\u00f6n\u00f6sen a magasabb felszerelts\u00e9gi szinteken \u2013 teljesen rendben van. Isofix pontok term\u00e9szetesen adottak, a GT-Line S v\u00e1ltozatban pedig a h\u00e1ts\u00f3 \u00fcl\u00e9sek is f\u0171thet\u0151k.<\/p>\n<p>Ami a vontat\u00e1si k\u00e9pess\u00e9geket illeti, a kor\u00e1bbi 1,0 literes benzinmotorral \u00e9s a k\u00e9t d\u00edzelv\u00e1ltozattal 1 200 kg-ot lehetett vontatni, m\u00edg az 1,5 literes modell 1 410 kg-ra k\u00e9pes. A plug-in hibrid 1 300 kg-ot h\u00fazhat el f\u00e9kezett ut\u00e1nfut\u00f3val.<\/p>\n","protected":false},"excerpt":{"rendered":"<p>Sajnos, nem adhatom \u00e1t a hatalmat egy olyan politikai t\u00e1bornak, ami az \u00e9n elveim sz\u00f6ges ellent\u00e9t\u00e9t k\u00e9pviseli, egy olyan jel\u00f6ltnek,&#8230; <span class=\"gridview-grid-post-read-more\"><a href=\"https:\/\/matrend.hu\/maitrend\/?p=3451\">read more<span class=\"gridview-sr-only\"> Orb\u00e1n Viktor: &#8222;Nem adhatom \u00e1t a hatalmat&#8221;<\/span><\/a><\/span><\/p>\n","protected":false},"author":1,"featured_media":3452,"comment_status":"open","ping_status":"open","sticky":false,"template":"","format":"standard","meta":{"footnotes":""},"categories":[1],"tags":[],"class_list":["post-3451","post","type-post","status-publish","format-standard","has-post-thumbnail","hentry","category-egyeb","wpcat-1-id"],"_links":{"self":[{"href":"https:\/\/matrend.hu\/maitrend\/index.php?rest_route=\/wp\/v2\/posts\/3451","targetHints":{"allow":["GET"]}}],"collection":[{"href":"https:\/\/matrend.hu\/maitrend\/index.php?rest_route=\/wp\/v2\/posts"}],"about":[{"href":"https:\/\/matrend.hu\/maitrend\/index.php?rest_route=\/wp\/v2\/types\/post"}],"author":[{"embeddable":true,"href":"https:\/\/matrend.hu\/maitrend\/index.php?rest_route=\/wp\/v2\/users\/1"}],"replies":[{"embeddable":true,"href":"https:\/\/matrend.hu\/maitrend\/index.php?rest_route=%2Fwp%2Fv2%2Fcomments&post=3451"}],"version-history":[{"count":1,"href":"https:\/\/matrend.hu\/maitrend\/index.php?rest_route=\/wp\/v2\/posts\/3451\/revisions"}],"predecessor-version":[{"id":3453,"href":"https:\/\/matrend.hu\/maitrend\/index.php?rest_route=\/wp\/v2\/posts\/3451\/revisions\/3453"}],"wp:featuredmedia":[{"embeddable":true,"href":"https:\/\/matrend.hu\/maitrend\/index.php?rest_route=\/wp\/v2\/media\/3452"}],"wp:attachment":[{"href":"https:\/\/matrend.hu\/maitrend\/index.php?rest_route=%2Fwp%2Fv2%2Fmedia&parent=3451"}],"wp:term":[{"taxonomy":"category","embeddable":true,"href":"https:\/\/matrend.hu\/maitrend\/index.php?rest_route=%2Fwp%2Fv2%2Fcategories&post=3451"},{"taxonomy":"post_tag","embeddable":true,"href":"https:\/\/matrend.hu\/maitrend\/index.php?rest_route=%2Fwp%2Fv2%2Ftags&post=3451"}],"curies":[{"name":"wp","href":"https:\/\/api.w.org\/{rel}","templated":true}]}}