{"id":3468,"date":"2025-08-15T17:16:21","date_gmt":"2025-08-15T15:16:21","guid":{"rendered":"https:\/\/matrend.hu\/maitrend\/?p=3468"},"modified":"2025-08-15T17:16:21","modified_gmt":"2025-08-15T15:16:21","slug":"jakob-zoli-segito-kezet-nyujt-a-nyugdijasoknak","status":"publish","type":"post","link":"https:\/\/matrend.hu\/maitrend\/?p=3468","title":{"rendered":"J\u00e1kob Zoli seg\u00edt\u0151 kezet ny\u00fajt a Nyugd\u00edjasoknak!"},"content":{"rendered":"<h3>A mostani adakoz\u00e1sok f\u0151k\u00e9nt Budapestre \u00e9s k\u00f6rny\u00e9k\u00e9re koncentr\u00e1l\u00f3dtak, de J\u00e1kob Zoli tervei k\u00f6z\u00f6tt szerepel egy orsz\u00e1gos program elind\u00edt\u00e1sa is. Ennek keret\u00e9ben vid\u00e9ki telep\u00fcl\u00e9sek nyugd\u00edjasaihoz is szeretn\u00e9k eljuttatni a seg\u00edts\u00e9get \u2013 ak\u00e1r helyi \u00f6nk\u00e9ntesek bevon\u00e1s\u00e1val. Tov\u00e1bbi r\u00e9szletek hamarosan!<\/h3>\n<p>Forr\u00e1s: MSN \/ FB \/ TTOK<\/p>\n<p>&#8211;<\/p>\n<p>A Peugeot 5008 a Stellantis-csoport modul\u00e1ris EMP2 platformj\u00e1ra \u00e9p\u00fcl, amely nemcsak a Peugeot, hanem olyan m\u00e1rk\u00e1k m\u0171szaki alapj\u00e1ul is szolg\u00e1l, mint a Citro\u00ebn, a DS, a Vauxhall, a Fiat, a Jeep \u00e9s az Alfa Romeo. Ez a k\u00f6z\u00f6s alap lehet\u0151v\u00e9 teszi, hogy a k\u00fcl\u00f6nb\u00f6z\u0151 m\u00e1rk\u00e1k \u00e9s modellek osztozzanak a legmodernebb technol\u00f3giai megold\u00e1sokon, mik\u00f6zben a saj\u00e1t karakter\u00fcket is meg\u0151rzik.<\/p>\n<p>A 5008-as modell k\u00f6zel 19 centim\u00e9terrel hosszabb a hasonl\u00f3 korszakb\u00f3l sz\u00e1rmaz\u00f3 3008-as t\u00edpusn\u00e1l, ami els\u0151 pillant\u00e1sra tal\u00e1n nem is t\u0171nik fel az utc\u00e1n, hiszen a k\u00e9t aut\u00f3 formai rokons\u00e1ga szembet\u0171n\u0151, k\u00fcl\u00f6n\u00f6sen bizonyos sz\u00f6gekb\u0151l n\u00e9zve. Ez a plusz hossz azonban nem \u00f6nc\u00e9l\u00fa, hiszen a Peugeot ezt kihaszn\u00e1lva egy harmadik \u00fcl\u00e9ssort is be\u00e9p\u00edtett a modellbe, ezzel a 5008-at egy val\u00f3di h\u00e9t\u00fcl\u00e9ses csal\u00e1di aut\u00f3v\u00e1 t\u00e9ve. A hosszabb tengelyt\u00e1v \u00e9s az egyenesebb h\u00e1ts\u00f3 kialak\u00edt\u00e1s nem csup\u00e1n l\u00e1tv\u00e1nybeli k\u00fcl\u00f6nbs\u00e9g, hanem funkcion\u00e1lis is, hiszen ennek k\u00f6sz\u00f6nhet\u0151en k\u00e9nyelmesebb a h\u00e1ts\u00f3 \u00fcl\u00e9ssor helyk\u00edn\u00e1lata, \u00e9s praktikusabb a csomagtart\u00f3 hozz\u00e1f\u00e9r\u00e9se is.<\/p>\n<p>K\u00fcls\u0151 megjelen\u00e9s\u00e9t tekintve az aut\u00f3 er\u0151t \u00e9s masszivit\u00e1st sug\u00e1roz, ugyanakkor a robusztus SUV-st\u00edlust finoman ellenpontozz\u00e1k a r\u00e9szletgazdag diz\u00e1jnelemek, amelyek egy r\u00e9sze kr\u00f3mozott hat\u00e1s\u00fa, m\u00e1sik r\u00e9sze f\u00e9nyes fekete m\u0171anyagb\u00f3l k\u00e9sz\u00fclt. B\u00e1r nem annyira \u201eterepj\u00e1r\u00f3s\u201d jelleg\u0171, mint p\u00e9ld\u00e1ul a Mercedes GLB vagy a Land Rover Discovery Sport, a 5008 m\u00e9gis magabiztosan illeszkedik abba a vil\u00e1gba, ahol az SUV megjelen\u00e9s preszt\u00edzst, megb\u00edzhat\u00f3s\u00e1got \u00e9s sokoldal\u00fas\u00e1got sugall.<\/p>\n<p>Az aut\u00f3 orr- \u00e9s far r\u00e9sze mark\u00e1nsan hat\u00e1rol\u00f3dik el, k\u00fcl\u00f6n\u00f6sen az elej\u00e9n fedezhet\u00fcnk fel sz\u00e1mos diz\u00e1jnmot\u00edvumot, amelyek m\u00e9gsem keltik a t\u00fald\u00edsz\u00edtetts\u00e9g \u00e9rzet\u00e9t. A 2020-as r\u00e1ncfelvarr\u00e1s sor\u00e1n az aut\u00f3 elej\u00e9t \u00fajragondolt\u00e1k, \u00e9s egy modernebb, \u00e9lesebb vonalvezet\u00e9s\u0171 megold\u00e1ssal l\u00e1tt\u00e1k el, amelynek formanyelve a kisebbik testv\u00e9r, a 208-as st\u00edlusjegyeit id\u00e9zi. Az \u00faj LED-es f\u00e9nysz\u00f3r\u00f3k nemcsak jobban n\u00e9znek ki, hanem \u00e9jszaka is hat\u00e9konyabb vil\u00e1g\u00edt\u00e1st biztos\u00edtanak.<\/p>\n<p>\u00d6sszess\u00e9g\u00e9ben a 5008 egy tetszet\u0151s megjelen\u00e9s\u0171 aut\u00f3, amely ak\u00e1r m\u00e9g azok \u00e9rdekl\u0151d\u00e9s\u00e9t is felkeltheti, akik kor\u00e1bban tal\u00e1n csak a pr\u00e9miumkateg\u00f3ri\u00e1s modellek, p\u00e9ld\u00e1ul a Land Rover Discovery Sport fel\u00e9 mutatnak.<\/p>\n","protected":false},"excerpt":{"rendered":"<p>A mostani adakoz\u00e1sok f\u0151k\u00e9nt Budapestre \u00e9s k\u00f6rny\u00e9k\u00e9re koncentr\u00e1l\u00f3dtak, de J\u00e1kob Zoli tervei k\u00f6z\u00f6tt szerepel egy orsz\u00e1gos program elind\u00edt\u00e1sa is. Ennek&#8230; <span class=\"gridview-grid-post-read-more\"><a href=\"https:\/\/matrend.hu\/maitrend\/?p=3468\">read more<span class=\"gridview-sr-only\"> J\u00e1kob Zoli seg\u00edt\u0151 kezet ny\u00fajt a Nyugd\u00edjasoknak!<\/span><\/a><\/span><\/p>\n","protected":false},"author":1,"featured_media":3469,"comment_status":"open","ping_status":"open","sticky":false,"template":"","format":"standard","meta":{"footnotes":""},"categories":[1],"tags":[],"class_list":["post-3468","post","type-post","status-publish","format-standard","has-post-thumbnail","hentry","category-egyeb","wpcat-1-id"],"_links":{"self":[{"href":"https:\/\/matrend.hu\/maitrend\/index.php?rest_route=\/wp\/v2\/posts\/3468","targetHints":{"allow":["GET"]}}],"collection":[{"href":"https:\/\/matrend.hu\/maitrend\/index.php?rest_route=\/wp\/v2\/posts"}],"about":[{"href":"https:\/\/matrend.hu\/maitrend\/index.php?rest_route=\/wp\/v2\/types\/post"}],"author":[{"embeddable":true,"href":"https:\/\/matrend.hu\/maitrend\/index.php?rest_route=\/wp\/v2\/users\/1"}],"replies":[{"embeddable":true,"href":"https:\/\/matrend.hu\/maitrend\/index.php?rest_route=%2Fwp%2Fv2%2Fcomments&post=3468"}],"version-history":[{"count":1,"href":"https:\/\/matrend.hu\/maitrend\/index.php?rest_route=\/wp\/v2\/posts\/3468\/revisions"}],"predecessor-version":[{"id":3470,"href":"https:\/\/matrend.hu\/maitrend\/index.php?rest_route=\/wp\/v2\/posts\/3468\/revisions\/3470"}],"wp:featuredmedia":[{"embeddable":true,"href":"https:\/\/matrend.hu\/maitrend\/index.php?rest_route=\/wp\/v2\/media\/3469"}],"wp:attachment":[{"href":"https:\/\/matrend.hu\/maitrend\/index.php?rest_route=%2Fwp%2Fv2%2Fmedia&parent=3468"}],"wp:term":[{"taxonomy":"category","embeddable":true,"href":"https:\/\/matrend.hu\/maitrend\/index.php?rest_route=%2Fwp%2Fv2%2Fcategories&post=3468"},{"taxonomy":"post_tag","embeddable":true,"href":"https:\/\/matrend.hu\/maitrend\/index.php?rest_route=%2Fwp%2Fv2%2Ftags&post=3468"}],"curies":[{"name":"wp","href":"https:\/\/api.w.org\/{rel}","templated":true}]}}