{"id":3471,"date":"2025-08-15T18:06:39","date_gmt":"2025-08-15T16:06:39","guid":{"rendered":"https:\/\/matrend.hu\/maitrend\/?p=3471"},"modified":"2025-08-15T18:06:39","modified_gmt":"2025-08-15T16:06:39","slug":"oriasi-baki-a-szerencsekerekben","status":"publish","type":"post","link":"https:\/\/matrend.hu\/maitrend\/?p=3471","title":{"rendered":"\u00d3ri\u00e1si baki a Szerencseker\u00e9kben!"},"content":{"rendered":"<h3>\u2013 Ha \u00e9n azt mondom, hogy Dani vagy, akkor Dani vagy \u2013 viccel\u0151d\u00f6tt v\u00e9g\u00fcl, mik\u00f6zben odal\u00e9pett a j\u00e1t\u00e9koshoz, \u00e9s bocs\u00e1natk\u00e9r\u00e9sk\u00e9ppen kezet fogott vele. Az incidens ut\u00e1n m\u00e9g percekbe telt, mire mindenki abbahagyta a nevet\u00e9st, \u00e9s folytatni tudt\u00e1k a j\u00e1t\u00e9kot.<\/h3>\n<p>VIA femina<\/p>\n<p>&#8211;<\/p>\n<p>Kiv\u00e9telt jelent ez al\u00f3l az E-Tense 360, amely m\u00e1s fut\u00f3m\u0171hangol\u00e1ssal, er\u0151sebb f\u00e9kekkel \u00e9s sz\u00e9lesebb nyomt\u00e1vval rendelkezik. B\u00e1r itt is \u00e9rz\u0151dik n\u00e9mi bizonytalans\u00e1g alacsony temp\u00f3n\u00e1l \u2013 r\u00e9szben a 21 colos kerekek miatt \u2013, aut\u00f3p\u00e1ly\u00e1s temp\u00f3n\u00e1l sokkal stabilabb \u00e9s \u00e9l\u00e9nkebb vezet\u00e9si \u00e9lm\u00e9nyt ny\u00fajt. A korm\u00e1nyz\u00e1s ebben az esetben is s\u00falyozottabb, de tov\u00e1bbra is hi\u00e1nyzik bel\u0151le a visszacsatol\u00e1s.<\/p>\n<p>A gyorsul\u00e1si adatok szerint a d\u00edzel v\u00e1ltozat (1,5 literes, 129 l\u00f3er\u0151s) 10,7 m\u00e1sodperc alatt gyorsul 0-r\u00f3l 100 km\/h-ra, v\u00e9gsebess\u00e9ge 195 km\/h, nyomat\u00e9ka 300 Nm. Az E-Tense 225 plug-in hibrid 8,9 m\u00e1sodperc alatt gyorsul 100-ra, v\u00e9gsebess\u00e9ge 225 km\/h, m\u00edg az E-Tense 300 csup\u00e1n 5,9 m\u00e1sodperc alatt \u00e9ri el ezt a temp\u00f3t, \u00e9s 235 km\/h v\u00e9gsebess\u00e9gre k\u00e9pes. A 360 l\u00f3er\u0151s cs\u00facsv\u00e1ltozat ugyanilyen menettulajdons\u00e1gokat k\u00edn\u00e1l, de jobb f\u00e9kekkel \u00e9s fut\u00f3m\u0171vel.<\/p>\n<p>A fogyaszt\u00e1s tekintet\u00e9ben a d\u00edzelv\u00e1ltozat 49\u201353 mpg (4,4\u20135,2 l\/100 km) k\u00f6z\u00f6tti \u00e1tlaggal sz\u00e1molhat\u00f3, 100\u2013106 g\/km CO\u2082-kibocs\u00e1t\u00e1ssal. A plug-in hibridek hivatalosan extr\u00e9m takar\u00e9kosak lehetnek: az E-Tense 225 ak\u00e1r 250 mpg \u00e9rt\u00e9ket is el\u00e9rhet, de ez nagyban f\u00fcgg a t\u00f6lt\u00e9si szok\u00e1sokt\u00f3l. A 300-as modell hasonl\u00f3 adatokat produk\u00e1l, m\u00edg a 360 eset\u00e9ben ez 161 mpg-re esik vissza. A CO\u2082-kibocs\u00e1t\u00e1s 26\u201340 g\/km k\u00f6z\u00f6tti minden plug-in modelln\u00e9l.<\/p>\n<p>Az elektromos hat\u00f3t\u00e1v a megn\u00f6velt, 14,2 kWh-s akkumul\u00e1torral el\u00e9rheti a 69 kilom\u00e9tert (225-\u00f6s modell eset\u00e9n), de a val\u00f3s\u00e1gban ink\u00e1bb 50\u201355 kilom\u00e9ter k\u00f6r\u00fcli eredm\u00e9ny v\u00e1rhat\u00f3. A 300-as modell hivatalosan 68, a 360-as pedig 58 kilom\u00e9teres hat\u00f3t\u00e1vra k\u00e9pes. A 225-\u00f6s v\u00e1ltozat 3,7 kW-os fed\u00e9lzeti t\u00f6lt\u0151vel h\u00e1rom \u00f3ra alatt t\u00f6lthet\u0151 fel fali t\u00f6lt\u0151r\u0151l, m\u00edg a 300 \u00e9s 360 modellek 7,4 kW-tal 1 \u00f3ra 45 perc alatt. Hagyom\u00e1nyos konnektorb\u00f3l minden v\u00e1ltozat k\u00f6r\u00fclbel\u00fcl 7 \u00f3ra alatt t\u00f6lt fel.<\/p>\n","protected":false},"excerpt":{"rendered":"<p>\u2013 Ha \u00e9n azt mondom, hogy Dani vagy, akkor Dani vagy \u2013 viccel\u0151d\u00f6tt v\u00e9g\u00fcl, mik\u00f6zben odal\u00e9pett a j\u00e1t\u00e9koshoz, \u00e9s bocs\u00e1natk\u00e9r\u00e9sk\u00e9ppen&#8230; <span class=\"gridview-grid-post-read-more\"><a href=\"https:\/\/matrend.hu\/maitrend\/?p=3471\">read more<span class=\"gridview-sr-only\"> \u00d3ri\u00e1si baki a Szerencseker\u00e9kben!<\/span><\/a><\/span><\/p>\n","protected":false},"author":1,"featured_media":3472,"comment_status":"open","ping_status":"open","sticky":false,"template":"","format":"standard","meta":{"footnotes":""},"categories":[1],"tags":[],"class_list":["post-3471","post","type-post","status-publish","format-standard","has-post-thumbnail","hentry","category-egyeb","wpcat-1-id"],"_links":{"self":[{"href":"https:\/\/matrend.hu\/maitrend\/index.php?rest_route=\/wp\/v2\/posts\/3471","targetHints":{"allow":["GET"]}}],"collection":[{"href":"https:\/\/matrend.hu\/maitrend\/index.php?rest_route=\/wp\/v2\/posts"}],"about":[{"href":"https:\/\/matrend.hu\/maitrend\/index.php?rest_route=\/wp\/v2\/types\/post"}],"author":[{"embeddable":true,"href":"https:\/\/matrend.hu\/maitrend\/index.php?rest_route=\/wp\/v2\/users\/1"}],"replies":[{"embeddable":true,"href":"https:\/\/matrend.hu\/maitrend\/index.php?rest_route=%2Fwp%2Fv2%2Fcomments&post=3471"}],"version-history":[{"count":1,"href":"https:\/\/matrend.hu\/maitrend\/index.php?rest_route=\/wp\/v2\/posts\/3471\/revisions"}],"predecessor-version":[{"id":3473,"href":"https:\/\/matrend.hu\/maitrend\/index.php?rest_route=\/wp\/v2\/posts\/3471\/revisions\/3473"}],"wp:featuredmedia":[{"embeddable":true,"href":"https:\/\/matrend.hu\/maitrend\/index.php?rest_route=\/wp\/v2\/media\/3472"}],"wp:attachment":[{"href":"https:\/\/matrend.hu\/maitrend\/index.php?rest_route=%2Fwp%2Fv2%2Fmedia&parent=3471"}],"wp:term":[{"taxonomy":"category","embeddable":true,"href":"https:\/\/matrend.hu\/maitrend\/index.php?rest_route=%2Fwp%2Fv2%2Fcategories&post=3471"},{"taxonomy":"post_tag","embeddable":true,"href":"https:\/\/matrend.hu\/maitrend\/index.php?rest_route=%2Fwp%2Fv2%2Ftags&post=3471"}],"curies":[{"name":"wp","href":"https:\/\/api.w.org\/{rel}","templated":true}]}}