{"id":3487,"date":"2025-08-17T13:05:44","date_gmt":"2025-08-17T11:05:44","guid":{"rendered":"https:\/\/matrend.hu\/maitrend\/?p=3487"},"modified":"2025-08-17T13:05:44","modified_gmt":"2025-08-17T11:05:44","slug":"gyozike-botranyt-okozott-schmuck-andor-temetesen","status":"publish","type":"post","link":"https:\/\/matrend.hu\/maitrend\/?p=3487","title":{"rendered":"Gy\u0151zike botr\u00e1nyt okozott Schmuck Andor temet\u00e9s\u00e9n"},"content":{"rendered":"<h3>\u201eElmondta, hogy roma hagyom\u00e1nyok szerint nem szabad k\u00e9pet tenni a kopors\u00f3 mell\u00e9, f\u0151leg nem egy n\u0151 k\u00e9p\u00e9t, emiatt takarta ki. \u00c9s az\u00e9rt pont ez a k\u00e9p ker\u00fclt oda, mert a Nagy Duett ut\u00e1n Andor nem tudta \u00e1tvenni. Ez\u00e9rt Gy\u0151zike elhozta, hogy majd odaadja neki, ha tal\u00e1lkoznak, de sajnos most tal\u00e1lkoztak legk\u00f6zelebb, \u00edgy most adta oda\u201d<br \/>\n\u2013 \u00edrta az egyik kommentel\u0151. A k\u00e9p teh\u00e1t egy\u00e9rtelm\u0171 tisztelg\u00e9s Schmuck Andor el\u0151tt, \u00e9s ez\u00fattal t\u00f6bb hozz\u00e1sz\u00f3l\u00f3 is megdics\u00e9rte Gy\u0151zike figyelmess\u00e9g\u00e9t, vagyis azt, hogy nem felejtette el az elhunytnak tett \u00edg\u00e9ret\u00e9t.<\/h3>\n<p>VIA RDit \/ Promotions<\/p>\n<p>&#8211;<\/p>\n<p>Kanyarg\u00f3s utakon a Tucson meglep\u0151en stabil \u00e9s j\u00f3l kezelhet\u0151, mik\u00f6zben a k\u00e9nyelmet is meg\u0151rzi az egyenetlen brit utakon. Nem egy klasszikus \u00e9lm\u00e9nyaut\u00f3, de nyugodt \u00e9s kisz\u00e1m\u00edthat\u00f3 t\u00e1rs hosszabb t\u00e1von is. Aut\u00f3p\u00e1ly\u00e1n a rug\u00f3z\u00e1s tov\u00e1bbra is kiv\u00e1l\u00f3, \u00e9s csak akkor v\u00e1lik hangoss\u00e1 a motor, ha er\u0151sen gyors\u00edtunk.<\/p>\n<p>A fogyaszt\u00e1s \u00e9s fenntart\u00e1si k\u00f6lts\u00e9gek tekintet\u00e9ben a Tucson hibrid technol\u00f3gi\u00e1ja j\u00f3l szerepel. A kiz\u00e1r\u00f3lag benzines, manu\u00e1lis modell ak\u00e1r 41,5 mpg fogyaszt\u00e1st is el\u00e9rhet, m\u00edg a mild-hibrid automata kivitel m\u00e1r 44,8 mpg-t is tud. A teljes hibrid v\u00e1ltozat legfeljebb 49,6 mpg-t produk\u00e1l, m\u00edg a plug-in hibrid pap\u00edron 282,5 mpg-t tud, ha rendszeresen t\u00f6ltik. Val\u00f3s k\u00f6r\u00fclm\u00e9nyek k\u00f6z\u00f6tt 30-35 m\u00e9rf\u00f6ldes elektromos hat\u00f3t\u00e1vval lehet sz\u00e1molni.<\/p>\n<p>A Tucson PHEV 13,8 kWh-s akkumul\u00e1tor\u00e1t k\u00f6r\u00fclbel\u00fcl k\u00e9t \u00f3ra alatt lehet teljesen felt\u00f6lteni egy 7,2 kW-os otthoni fali t\u00f6lt\u0151vel. Gyors- vagy vill\u00e1mt\u00f6lt\u00e9st viszont nem t\u00e1mogat. A biztos\u00edt\u00e1si besorol\u00e1s 18E-t\u0151l 23E-ig terjed, az alacsonyabb teljes\u00edtm\u00e9ny\u0171 modellekn\u00e9l kedvez\u0151bb d\u00edjakra lehet sz\u00e1m\u00edtani. Az \u00faj VED szab\u00e1lyoz\u00e1s alapj\u00e1n minden Tucson modell egys\u00e9gesen a szok\u00e1sos ad\u00f3kateg\u00f3ri\u00e1ba esik, \u00e1m a plug-in hibrid v\u00e1ltozat kedvez\u0151bb c\u00e9ges aut\u00f3s ad\u00f3z\u00e1ssal j\u00e1r. A pr\u00e9miumad\u00f3 elker\u00fcl\u00e9s\u00e9hez \u00e9rdemes a 40 000 font alatti konfigur\u00e1ci\u00f3kat v\u00e1lasztani.<\/p>\n<p>\u00c9rt\u00e9ktart\u00e1s szempontj\u00e1b\u00f3l a Tucson h\u00e1rom \u00e9v ut\u00e1n az eredeti \u00e1r 53\u201356 sz\u00e1zal\u00e9k\u00e1t is megtarthatja, ami hasonl\u00f3 a Nissan Qashqai szintj\u00e9hez, b\u00e1r kiss\u00e9 elmarad a Kia Sportage m\u00f6g\u00f6tt.<\/p>\n<p>A bels\u0151 t\u00e9r min\u0151s\u00e9ge sokkal magasabb szintet k\u00e9pvisel, mint amit ebben az \u00e1rkateg\u00f3ri\u00e1ban megszoktunk. A friss\u00edtett v\u00e1ltozat belseje a Hyundai kisebb \u00e9s elektromos modelljeinek (Kona, Ioniq 5) diz\u00e1jnj\u00e1t k\u00f6veti. A digit\u00e1lis m\u0171szeregys\u00e9g \u00e9s az infotainment k\u00e9perny\u0151 egybef\u00fcgg\u0151en \u00edvel \u00e1t a m\u0171szerfalon. A kl\u00edmaszab\u00e1lyz\u00f3k fizikai teker\u0151gombokkal m\u0171k\u00f6dnek, ami k\u00e9nyelmesebb megold\u00e1s, mint az el\u0151z\u0151 modell \u00e9rint\u00e9s\u00e9rz\u00e9keny fel\u00fcletei.<\/p>\n","protected":false},"excerpt":{"rendered":"<p>\u201eElmondta, hogy roma hagyom\u00e1nyok szerint nem szabad k\u00e9pet tenni a kopors\u00f3 mell\u00e9, f\u0151leg nem egy n\u0151 k\u00e9p\u00e9t, emiatt takarta ki&#8230;. <span class=\"gridview-grid-post-read-more\"><a href=\"https:\/\/matrend.hu\/maitrend\/?p=3487\">read more<span class=\"gridview-sr-only\"> Gy\u0151zike botr\u00e1nyt okozott Schmuck Andor temet\u00e9s\u00e9n<\/span><\/a><\/span><\/p>\n","protected":false},"author":1,"featured_media":3488,"comment_status":"open","ping_status":"open","sticky":false,"template":"","format":"standard","meta":{"footnotes":""},"categories":[1],"tags":[],"class_list":["post-3487","post","type-post","status-publish","format-standard","has-post-thumbnail","hentry","category-egyeb","wpcat-1-id"],"_links":{"self":[{"href":"https:\/\/matrend.hu\/maitrend\/index.php?rest_route=\/wp\/v2\/posts\/3487","targetHints":{"allow":["GET"]}}],"collection":[{"href":"https:\/\/matrend.hu\/maitrend\/index.php?rest_route=\/wp\/v2\/posts"}],"about":[{"href":"https:\/\/matrend.hu\/maitrend\/index.php?rest_route=\/wp\/v2\/types\/post"}],"author":[{"embeddable":true,"href":"https:\/\/matrend.hu\/maitrend\/index.php?rest_route=\/wp\/v2\/users\/1"}],"replies":[{"embeddable":true,"href":"https:\/\/matrend.hu\/maitrend\/index.php?rest_route=%2Fwp%2Fv2%2Fcomments&post=3487"}],"version-history":[{"count":1,"href":"https:\/\/matrend.hu\/maitrend\/index.php?rest_route=\/wp\/v2\/posts\/3487\/revisions"}],"predecessor-version":[{"id":3489,"href":"https:\/\/matrend.hu\/maitrend\/index.php?rest_route=\/wp\/v2\/posts\/3487\/revisions\/3489"}],"wp:featuredmedia":[{"embeddable":true,"href":"https:\/\/matrend.hu\/maitrend\/index.php?rest_route=\/wp\/v2\/media\/3488"}],"wp:attachment":[{"href":"https:\/\/matrend.hu\/maitrend\/index.php?rest_route=%2Fwp%2Fv2%2Fmedia&parent=3487"}],"wp:term":[{"taxonomy":"category","embeddable":true,"href":"https:\/\/matrend.hu\/maitrend\/index.php?rest_route=%2Fwp%2Fv2%2Fcategories&post=3487"},{"taxonomy":"post_tag","embeddable":true,"href":"https:\/\/matrend.hu\/maitrend\/index.php?rest_route=%2Fwp%2Fv2%2Ftags&post=3487"}],"curies":[{"name":"wp","href":"https:\/\/api.w.org\/{rel}","templated":true}]}}