{"id":3502,"date":"2025-08-18T14:11:12","date_gmt":"2025-08-18T12:11:12","guid":{"rendered":"https:\/\/matrend.hu\/maitrend\/?p=3502"},"modified":"2025-08-18T14:11:12","modified_gmt":"2025-08-18T12:11:12","slug":"sztrokot-kapott-rozsa-gyorgy","status":"publish","type":"post","link":"https:\/\/matrend.hu\/maitrend\/?p=3502","title":{"rendered":"Sztr\u00f3kot kapott R\u00f3zsa Gy\u00f6rgy!"},"content":{"rendered":"<h3>Azonnal a kaposv\u00e1ri k\u00f3rh\u00e1zba sz\u00e1ll\u00edtott\u00e1k a t\u00e9v\u00e9st, majd k\u00e9sz\u00edtettek egy koponya-CT-t, amib\u0151l kider\u00fclt, hogy nyhe sztr\u00f3kot kapott.<br \/>\n&#8222;Azonnal megoper\u00e1ltak, elkezdt\u00e9k oldani az elz\u00e1r\u00f3d\u00e1st, sztentet, azaz kis ac\u00e9lh\u00e1l\u00f3t kaptam a nyaki ver\u0151erembe. A s\u00fcrg\u0151ss\u00e9gin Nagy Csaba f\u0151orvos \u00farhoz ker\u00fcltem, h\u00e1l\u00e1s vagyok neki \u00e9s mindenkinek, aki r\u00e9szt vett a gy\u00f3gy\u00edt\u00e1somban \u00e9s a l\u00e1nyomnak, ami\u00e9rt \u00e9szlelte, hogy rosszul vagyok \u00e9s megmentett. K\u00e9t napot t\u00f6lt\u00f6ttem az intenz\u00edven \u00e9s kett\u0151t a neurol\u00f3giai oszt\u00e1lyon &#8211; h\u00e1l\u00e1lkodott.&#8221; &#8211; nyilatkozta R\u00d3zsa Gy\u00f6rgy.<\/h3>\n<p>VIA Story \/ Blikk \/ MSN<\/p>\n<p>&#8211;<\/p>\n<p>Az \u00faj bel\u00e9p\u0151 szint\u0171 motor bevezet\u00e9s\u00e9vel a Symbioz alap\u00e1ra 27 395 fontra cs\u00f6kkent, ami k\u00f6r\u00fclbel\u00fcl 2 000 fonttal alacsonyabb a tavalyin\u00e1l, \u00e9s t\u00f6bb mint 3 000 fonttal olcs\u00f3bb a legalapvet\u0151bb Nissan Qashqai-n\u00e1l vagy Skoda Karoqn\u00e1l. Az elismert Hyundai Kona alapverzi\u00f3ja \u00edgy is kevesebbe ker\u00fcl \u2013 26 735 font \u2013, de nem lehet mindig mindenben nyerni.<\/p>\n<p>B\u00e1r a kedvez\u0151bb \u00e1r\u00fa alapmodell vonz\u00f3 lehet az \u00e1r\u00e9rz\u00e9keny v\u00e1s\u00e1rl\u00f3k sz\u00e1m\u00e1ra, a Renault szerint a legt\u00f6bben tov\u00e1bbra is a full hybrid v\u00e1ltozatot fogj\u00e1k v\u00e1lasztani, amely 29 795 fontt\u00f3l el\u00e9rhet\u0151. Ez a rendszer 158 l\u00f3er\u0151t k\u00edn\u00e1l egy \u00faj 1,8 literes n\u00e9gyhengeres motor, k\u00e9t villanymotor \u00e9s egy 1,4 kWh-s akkumul\u00e1tor kombin\u00e1ci\u00f3j\u00e1val.<\/p>\n<p>A mild hybrid motor kiz\u00e1r\u00f3lag az alap Techno felszerelts\u00e9ggel rendelhet\u0151, de m\u00e9g ez is gazdagon felszerelt: 10,4 h\u00fcvelykes k\u00f6z\u00e9ps\u0151 \u00e9rint\u0151k\u00e9perny\u0151 a Google-alap\u00fa OpenR Link rendszerrel (amelyben p\u00e9ld\u00e1ul a Google Maps \u00e9s az Asszisztens is be\u00e9p\u00edtve megtal\u00e1lhat\u00f3), vezet\u00e9k n\u00e9lk\u00fcli Apple CarPlay \u00e9s Android Auto, 10,25 h\u00fcvelykes digit\u00e1lis m\u0171szeregys\u00e9g, vezet\u00e9k n\u00e9lk\u00fcli t\u00f6lt\u0151pad, tolat\u00f3kamera, kulcsn\u00e9lk\u00fcli ind\u00edt\u00e1s, LED f\u00e9nysz\u00f3r\u00f3k \u00e9s adapt\u00edv tempomat is alap\u00e1ras.<\/p>\n<p>A hibrid v\u00e1ltozat h\u00e1romf\u00e9le felszerelts\u00e9gi szinten \u00e9rhet\u0151 el: Techno, Techno Esprit Alpine \u00e9s Iconic Esprit Alpine. A Techno Esprit Alpine csomag \u2013 amely 2 000 fonttal dr\u00e1g\u00e1bb \u2013 19 colos kerekeket, francia z\u00e1szl\u00f3s varr\u00e1st, k\u00e9k sz\u00edn\u00e1tmenetes m\u0171szerfalat \u00e9s \u00fajrahasznos\u00edtott anyagokb\u00f3l k\u00e9sz\u00fclt \u00fcl\u00e9shuzatot k\u00edn\u00e1l. Emellett f\u0171t\u00f6tt els\u0151 \u00fcl\u00e9seket, f\u0171t\u00f6tt korm\u00e1nykereket, motorosan ny\u00edl\u00f3 csomagt\u00e9rajt\u00f3t, holtt\u00e9rfigyel\u0151t \u00e9s az Active Driver Assist rendszert is kapjuk, amely az adapt\u00edv tempomatot \u00e9s a s\u00e1vk\u00f6z\u00e9pen tart\u00e1st kombin\u00e1lja.<\/p>\n<p>A cs\u00facsmodell, az Iconic Esprit Alpine tov\u00e1bbi 4 000 font fel\u00e1r\u00e9rt k\u00edn\u00e1l pr\u00e9mium Harman Kardon hangrendszert kilenc hangsz\u00f3r\u00f3val, 360 fokos kamerarendszert, automatikus parkol\u00e1st \u00e9s a \u201eSolarBay\u201d op\u00e1los panor\u00e1ma \u00fcvegtet\u0151t is.<\/p>\n","protected":false},"excerpt":{"rendered":"<p>Azonnal a kaposv\u00e1ri k\u00f3rh\u00e1zba sz\u00e1ll\u00edtott\u00e1k a t\u00e9v\u00e9st, majd k\u00e9sz\u00edtettek egy koponya-CT-t, amib\u0151l kider\u00fclt, hogy nyhe sztr\u00f3kot kapott. &#8222;Azonnal megoper\u00e1ltak, elkezdt\u00e9k&#8230; <span class=\"gridview-grid-post-read-more\"><a href=\"https:\/\/matrend.hu\/maitrend\/?p=3502\">read more<span class=\"gridview-sr-only\"> Sztr\u00f3kot kapott R\u00f3zsa Gy\u00f6rgy!<\/span><\/a><\/span><\/p>\n","protected":false},"author":1,"featured_media":3503,"comment_status":"open","ping_status":"open","sticky":false,"template":"","format":"standard","meta":{"footnotes":""},"categories":[1],"tags":[],"class_list":["post-3502","post","type-post","status-publish","format-standard","has-post-thumbnail","hentry","category-egyeb","wpcat-1-id"],"_links":{"self":[{"href":"https:\/\/matrend.hu\/maitrend\/index.php?rest_route=\/wp\/v2\/posts\/3502","targetHints":{"allow":["GET"]}}],"collection":[{"href":"https:\/\/matrend.hu\/maitrend\/index.php?rest_route=\/wp\/v2\/posts"}],"about":[{"href":"https:\/\/matrend.hu\/maitrend\/index.php?rest_route=\/wp\/v2\/types\/post"}],"author":[{"embeddable":true,"href":"https:\/\/matrend.hu\/maitrend\/index.php?rest_route=\/wp\/v2\/users\/1"}],"replies":[{"embeddable":true,"href":"https:\/\/matrend.hu\/maitrend\/index.php?rest_route=%2Fwp%2Fv2%2Fcomments&post=3502"}],"version-history":[{"count":1,"href":"https:\/\/matrend.hu\/maitrend\/index.php?rest_route=\/wp\/v2\/posts\/3502\/revisions"}],"predecessor-version":[{"id":3504,"href":"https:\/\/matrend.hu\/maitrend\/index.php?rest_route=\/wp\/v2\/posts\/3502\/revisions\/3504"}],"wp:featuredmedia":[{"embeddable":true,"href":"https:\/\/matrend.hu\/maitrend\/index.php?rest_route=\/wp\/v2\/media\/3503"}],"wp:attachment":[{"href":"https:\/\/matrend.hu\/maitrend\/index.php?rest_route=%2Fwp%2Fv2%2Fmedia&parent=3502"}],"wp:term":[{"taxonomy":"category","embeddable":true,"href":"https:\/\/matrend.hu\/maitrend\/index.php?rest_route=%2Fwp%2Fv2%2Fcategories&post=3502"},{"taxonomy":"post_tag","embeddable":true,"href":"https:\/\/matrend.hu\/maitrend\/index.php?rest_route=%2Fwp%2Fv2%2Ftags&post=3502"}],"curies":[{"name":"wp","href":"https:\/\/api.w.org\/{rel}","templated":true}]}}