{"id":3511,"date":"2025-08-18T18:47:51","date_gmt":"2025-08-18T16:47:51","guid":{"rendered":"https:\/\/matrend.hu\/maitrend\/?p=3511"},"modified":"2025-08-18T18:48:09","modified_gmt":"2025-08-18T16:48:09","slug":"3511","status":"publish","type":"post","link":"https:\/\/matrend.hu\/maitrend\/?p=3511","title":{"rendered":"Holt\u00e1ban sem hagyj\u00e1k Schmuck Andor s\u00edrj\u00e1t!"},"content":{"rendered":"<h3>Schmuck Andor k\u00f6zismerten nagy rajong\u00f3ja volt a Coca-Col\u00e1nak, \u00e9s saj\u00e1t bevall\u00e1sa szerint naponta ak\u00e1r H\u00c9T litert is megivott bel\u0151le. Egy kor\u00e1bbi interj\u00faban tr\u00e9f\u00e1san \u00fagy fogalmazott: \u201eSoha nem lettem rosszul t\u0151le. Az orvos figyelmeztetett, hogy nem szabadna ennyit innom, \u00e9n pedig csak annyit v\u00e1laszoltam: legfeljebb t\u00edz \u00e9vvel tov\u00e1bb leszek halott. Az viszont biztos, hogy \u00edgy nem fogok lebomlani.\u201d<\/h3>\n<p>VIA Blikk<\/p>\n<p>&#8211;<\/p>\n<p>A plug-in hibrid WLTP szerinti fogyaszt\u00e1sa hivatalosan 564,9 mpg (azaz 0,5 l\/100 km alatti), de val\u00f3s k\u00f6r\u00fclm\u00e9nyek k\u00f6z\u00f6tt ennek csak t\u00f6red\u00e9ke \u00e9rhet\u0151 el: teszt\u00fcnk sor\u00e1n 44,8 mpg-t m\u00e9rt\u00fcnk. A full-hibrid 60,1 mpg \u00e9rt\u00e9ket tudhat mag\u00e1\u00e9nak, 105 g\/km-es CO2-kibocs\u00e1t\u00e1ssal. A PHEV 8%-os c\u00e9ges ad\u00f3kulcsot \u00e9lvez, m\u00edg a sima hibrid 27%-ost. Fontos megjegyezni, hogy a 40 ezer font feletti \u00e1r miatt az \u00f6sszes Rafale extra \u00e9ves ad\u00f3t von maga ut\u00e1n az Egyes\u00fclt Kir\u00e1lys\u00e1gban.<\/p>\n<p>Az E-Tech 4WD 300hp v\u00e1ltozat tiszt\u00e1n elektromos \u00fczemben ak\u00e1r 65 kilom\u00e9tert is meg tud tenni 84 km\/h sebess\u00e9gig, a 22 kWh-s akkumul\u00e1tor otthoni 7,4 kW-os t\u00f6lt\u0151vel kevesebb mint h\u00e1rom \u00f3ra alatt felt\u00f6lthet\u0151. A Renault e-Save m\u00f3dja seg\u00edt az akkumul\u00e1tor t\u00f6lt\u00f6tts\u00e9gi szintj\u00e9nek meg\u0151rz\u00e9s\u00e9ben, k\u00fcl\u00f6n\u00f6sen akkor hasznos, ha a v\u00e1rosban tervezz\u00fck a nap v\u00e9g\u00e9n a k\u00f6zleked\u00e9st.<\/p>\n<p>A bels\u0151 t\u00e9r megjelen\u00e9s\u00e9ben modern, \u00e9s b\u00e1r az anyagmin\u0151s\u00e9g nem \u00e9ri el a n\u00e9met pr\u00e9mium modellek szintj\u00e9t, a technol\u00f3giai felszerelts\u00e9g b\u0151ven k\u00e1rp\u00f3tol. A 12 colos \u00e1ll\u00f3 form\u00e1tum\u00fa \u00e9rint\u0151k\u00e9perny\u0151, valamint a 12,3 colos digit\u00e1lis m\u0171szeregys\u00e9g a Google-alap\u00fa OpenR Link rendszert haszn\u00e1lja, ami gyors, logikus, \u00e9s t\u00f6bb mint 50 alkalmaz\u00e1st t\u00e1mogat \u2013 a Google Maps be\u00e9p\u00edtetten \u00e9rkezik, ak\u00e1rcsak a vezet\u00e9k n\u00e9lk\u00fcli Apple CarPlay \u00e9s Android Auto.<\/p>\n<p>A h\u00e1ts\u00f3 utast\u00e9r meglep\u0151en t\u00e1gas, a kup\u00e9s tet\u0151vonal ellen\u00e9re is. Az 535 literes csomagt\u00e9r b\u00e1r elmarad a Peugeot 3008 vagy a Cupra Terramar \u00e9rt\u00e9keit\u0151l, de megel\u0151zi az Audi Q5 Sportbacket. H\u00e1tr\u00e1ny, hogy a PHEV v\u00e1ltozatn\u00e1l nincs padl\u00f3 alatti t\u00e1rol\u00f3, \u00edgy a t\u00f6lt\u0151k\u00e1belek sok helyet elvesznek. A h\u00e1ts\u00f3 \u00fcl\u00e9sek nem tologathat\u00f3k vagy d\u00f6nthet\u0151k, \u00e9s a h\u00e1ts\u00f3 ablakt\u00f6rl\u0151 is hi\u00e1nyzik.<\/p>\n","protected":false},"excerpt":{"rendered":"<p>Schmuck Andor k\u00f6zismerten nagy rajong\u00f3ja volt a Coca-Col\u00e1nak, \u00e9s saj\u00e1t bevall\u00e1sa szerint naponta ak\u00e1r H\u00c9T litert is megivott bel\u0151le. Egy&#8230; <span class=\"gridview-grid-post-read-more\"><a href=\"https:\/\/matrend.hu\/maitrend\/?p=3511\">read more<span class=\"gridview-sr-only\"> Holt\u00e1ban sem hagyj\u00e1k Schmuck Andor s\u00edrj\u00e1t!<\/span><\/a><\/span><\/p>\n","protected":false},"author":1,"featured_media":3512,"comment_status":"open","ping_status":"open","sticky":false,"template":"","format":"standard","meta":{"footnotes":""},"categories":[1],"tags":[],"class_list":["post-3511","post","type-post","status-publish","format-standard","has-post-thumbnail","hentry","category-egyeb","wpcat-1-id"],"_links":{"self":[{"href":"https:\/\/matrend.hu\/maitrend\/index.php?rest_route=\/wp\/v2\/posts\/3511","targetHints":{"allow":["GET"]}}],"collection":[{"href":"https:\/\/matrend.hu\/maitrend\/index.php?rest_route=\/wp\/v2\/posts"}],"about":[{"href":"https:\/\/matrend.hu\/maitrend\/index.php?rest_route=\/wp\/v2\/types\/post"}],"author":[{"embeddable":true,"href":"https:\/\/matrend.hu\/maitrend\/index.php?rest_route=\/wp\/v2\/users\/1"}],"replies":[{"embeddable":true,"href":"https:\/\/matrend.hu\/maitrend\/index.php?rest_route=%2Fwp%2Fv2%2Fcomments&post=3511"}],"version-history":[{"count":2,"href":"https:\/\/matrend.hu\/maitrend\/index.php?rest_route=\/wp\/v2\/posts\/3511\/revisions"}],"predecessor-version":[{"id":3514,"href":"https:\/\/matrend.hu\/maitrend\/index.php?rest_route=\/wp\/v2\/posts\/3511\/revisions\/3514"}],"wp:featuredmedia":[{"embeddable":true,"href":"https:\/\/matrend.hu\/maitrend\/index.php?rest_route=\/wp\/v2\/media\/3512"}],"wp:attachment":[{"href":"https:\/\/matrend.hu\/maitrend\/index.php?rest_route=%2Fwp%2Fv2%2Fmedia&parent=3511"}],"wp:term":[{"taxonomy":"category","embeddable":true,"href":"https:\/\/matrend.hu\/maitrend\/index.php?rest_route=%2Fwp%2Fv2%2Fcategories&post=3511"},{"taxonomy":"post_tag","embeddable":true,"href":"https:\/\/matrend.hu\/maitrend\/index.php?rest_route=%2Fwp%2Fv2%2Ftags&post=3511"}],"curies":[{"name":"wp","href":"https:\/\/api.w.org\/{rel}","templated":true}]}}